{"id":76719,"date":"2024-12-15T12:35:57","date_gmt":"2024-12-15T12:35:57","guid":{"rendered":"https:\/\/tvbrazilusa.com\/2024\/12\/15\/a-partir-de-segunda-feira-16-a-pm-do-rio-passa-a-usar-novo-uniforme-desenvolvido-por-equipes-da-propria-corporacao-veja\/"},"modified":"2024-12-15T12:35:58","modified_gmt":"2024-12-15T12:35:58","slug":"a-partir-de-segunda-feira-16-a-pm-do-rio-passa-a-usar-novo-uniforme-desenvolvido-por-equipes-da-propria-corporacao-veja","status":"publish","type":"post","link":"https:\/\/tvbrazilusa.com\/pt\/2024\/12\/15\/a-partir-de-segunda-feira-16-a-pm-do-rio-passa-a-usar-novo-uniforme-desenvolvido-por-equipes-da-propria-corporacao-veja\/","title":{"rendered":"A partir de segunda-feira (16), a PM do Rio passa a usar novo uniforme desenvolvido por equipes da pr\u00f3pria corpora\u00e7\u00e3o; veja"},"content":{"rendered":"<p> <script async src=\"https:\/\/pagead2.googlesyndication.com\/pagead\/js\/adsbygoogle.js?client=ca-pub-8864793242727901\"\r\n     crossorigin=\"anonymous\"><\/script><br \/>\n<\/p>\n<div id=\"taboola-read-more\" style=\"display:block; width:100%\">\n<p>A Pol\u00edcia Militar vestir\u00e1 uma nova farda a partir de segunda-feira (16). Esta substitui\u00e7\u00e3o ocorrer\u00e1 de maneira gradual, e dever\u00e1 ser realizada por at\u00e9 8,5 mil agentes de baixas patentes como soldados e cabos no primeiro lote.\n<\/p>\n<p>Assim, os uniformes antigos e novos ser\u00e3o utilizados at\u00e9 que todos os soldados da PMERJ tenham a nova farda.<\/p>\n<p>A partir disso, o uniforme antigo ser\u00e1 descontinuado.\n<\/p>\n<p>Segundo explicou a corpora\u00e7\u00e3o, a escolha pela mudan\u00e7a ocorreu para dar mais conforto e agilidade aos soldados do policiamento de rua.\n<\/p>\n<p>O novo uniforme foi desenvolvido por uma equipe t\u00e9cnica da pr\u00f3pria pol\u00edcia militar, que se baseou no modelo usado pelo COE (Comando de Opera\u00e7\u00f5es Especiais).\n<\/p>\n<p>A nova farda possui aberturas mais generosas e \u00e9 feita com tecidos mais leves. Ela tamb\u00e9m repele \u00e1gua e \u00f3leo.\n<\/p>\n<p>Na cabe\u00e7a, o tradicional gorro usado pelos soldados ser\u00e1 substitu\u00eddo pela boina.\n<\/p>\n<p>\u201cOs novos uniformes v\u00e3o proporcionar melhores condi\u00e7\u00f5es de trabalho para os nossos policiais. S\u00e3o mais adequados para a atividade policial e v\u00e3o assegurar a unidade visual da institui\u00e7\u00e3o, pois n\u00e3o haver\u00e1 diferen\u00e7a de tonalidades\u201d afirmou o secret\u00e1rio de Estado de Pol\u00edcia Militar, coronel Marcelo de Menezes Nogueira.\n<\/p>\n<p>Fonte: CNN              <\/p>\n<\/div>\n<p><br \/>\n<br \/><a href=\"https:\/\/diariodobrasilnoticias.com.br\/noticia\/a-partir-de-segunda-feira-16-a-pm-do-rio-passa-a-usar-novo-uniforme-desenvolvido-por-equipes-da-propria-corporacao-veja-675eb0089b682\">Source link <\/a><\/p>","protected":false},"excerpt":{"rendered":"<p>A Pol\u00edcia Militar vestir\u00e1 uma nova farda a partir de segunda-feira (16). Esta substitui\u00e7\u00e3o ocorrer\u00e1 de maneira gradual, e dever\u00e1 ser realizada por at\u00e9 8,5 mil agentes de baixas patentes&hellip;<\/p>","protected":false},"author":1,"featured_media":76720,"comment_status":"closed","ping_status":"open","sticky":false,"template":"","format":"standard","meta":{"content-type":"","footnotes":""},"categories":[16],"tags":[123,2448,5313,1267],"class_list":["post-76719","post","type-post","status-publish","format-standard","has-post-thumbnail","hentry","category-noticias","tag-brasil","tag-diario","tag-noticia","tag-noticias"],"_links":{"self":[{"href":"https:\/\/tvbrazilusa.com\/pt\/wp-json\/wp\/v2\/posts\/76719","targetHints":{"allow":["GET"]}}],"collection":[{"href":"https:\/\/tvbrazilusa.com\/pt\/wp-json\/wp\/v2\/posts"}],"about":[{"href":"https:\/\/tvbrazilusa.com\/pt\/wp-json\/wp\/v2\/types\/post"}],"author":[{"embeddable":true,"href":"https:\/\/tvbrazilusa.com\/pt\/wp-json\/wp\/v2\/users\/1"}],"replies":[{"embeddable":true,"href":"https:\/\/tvbrazilusa.com\/pt\/wp-json\/wp\/v2\/comments?post=76719"}],"version-history":[{"count":1,"href":"https:\/\/tvbrazilusa.com\/pt\/wp-json\/wp\/v2\/posts\/76719\/revisions"}],"predecessor-version":[{"id":76721,"href":"https:\/\/tvbrazilusa.com\/pt\/wp-json\/wp\/v2\/posts\/76719\/revisions\/76721"}],"wp:featuredmedia":[{"embeddable":true,"href":"https:\/\/tvbrazilusa.com\/pt\/wp-json\/wp\/v2\/media\/76720"}],"wp:attachment":[{"href":"https:\/\/tvbrazilusa.com\/pt\/wp-json\/wp\/v2\/media?parent=76719"}],"wp:term":[{"taxonomy":"category","embeddable":true,"href":"https:\/\/tvbrazilusa.com\/pt\/wp-json\/wp\/v2\/categories?post=76719"},{"taxonomy":"post_tag","embeddable":true,"href":"https:\/\/tvbrazilusa.com\/pt\/wp-json\/wp\/v2\/tags?post=76719"}],"curies":[{"name":"wp","href":"https:\/\/api.w.org\/{rel}","templated":true}]}}