{"id":7674,"date":"2024-07-24T16:24:13","date_gmt":"2024-07-24T16:24:13","guid":{"rendered":"https:\/\/tvbrazilusa.com\/2024\/07\/24\/curriculo-impressionante-identidade-da-mulher-presa-por-sequestrar-bebe-em-hospital-de-mg-e-revelada-veja-detalhes\/"},"modified":"2024-07-24T16:32:48","modified_gmt":"2024-07-24T16:32:48","slug":"curriculo-impressionante-identidade-da-mulher-presa-por-sequestrar-bebe-em-hospital-de-mg-e-revelada-veja-detalhes","status":"publish","type":"post","link":"https:\/\/tvbrazilusa.com\/pt\/2024\/07\/24\/curriculo-impressionante-identidade-da-mulher-presa-por-sequestrar-bebe-em-hospital-de-mg-e-revelada-veja-detalhes\/","title":{"rendered":"Curr\u00edculo impressionante: identidade da mulher presa por sequestrar beb\u00ea em hospital de MG \u00e9 revelada; veja detalhes"},"content":{"rendered":"<p> <script async src=\"https:\/\/pagead2.googlesyndication.com\/pagead\/js\/adsbygoogle.js?client=ca-pub-8864793242727901\"\r\n     crossorigin=\"anonymous\"><\/script><br \/>\n<\/p>\n<div>\n<p>Na manh\u00e3 desta quarta-feira (24), a Pol\u00edcia Civil de Goi\u00e1s prendeu a m\u00e9dica Claudia ap\u00f3s rapto de uma rec\u00e9m-nascida no Hospital de Cl\u00ednicas da Universidade Federal de Uberl\u00e2ndia (UFU), em Minas Gerais. A pris\u00e3o ocorreu em Itumbiara, no sul de Goi\u00e1s. De acordo com o delegado Ricardo Chueire, a crian\u00e7a foi resgatada e passa bem.<\/p>\n<p>Segundo relatos, a mulher se apresentou como pediatra, entrou na maternidade da UFU e levou a beb\u00ea que havia nascido h\u00e1 apenas tr\u00eas horas. As investiga\u00e7\u00f5es revelaram que Claudia usou um disfarce de profissional de sa\u00fade com crach\u00e1 da universidade para realizar o crime.<\/p>\n<h2 class=\"wp-block-heading\">Quem \u00e9 a m\u00e9dica Claudia?<\/h2>\n<figure class=\"wp-block-image size-full\"><picture decoding=\"async\" class=\"wp-image-160712\"><source type=\"image\/webp\" srcset=\"https:\/\/terrabrasilnoticias.com\/wp-content\/uploads\/2024\/07\/image-763.png.webp 600w, https:\/\/terrabrasilnoticias.com\/wp-content\/uploads\/2024\/07\/image-763-300x188.png.webp 300w\" sizes=\"(max-width: 600px) 100vw, 600px\"\/><\/picture><figcaption class=\"wp-element-caption\">Claudia Soares Alves, de 42 anos, \u00e9 a m\u00e9dica acusada de raptar um beb\u00ea em Uberl\u00e2ndia, Minas Gerais \u2014 Foto: Reprodu\u00e7\u00e3o\/Redes Sociais<\/figcaption><\/figure>\n<p>Claudia tem um impressionante curr\u00edculo acad\u00eamico. Formada em Medicina pela Universidade Federal do Tri\u00e2ngulo Mineiro (UFTM) em 2004, concluiu sua resid\u00eancia em Cl\u00ednica M\u00e9dica pela Universidade Federal de Uberl\u00e2ndia (UFU) em 2007. Claudia tamb\u00e9m concluiu uma resid\u00eancia em Neurologia na UFTM em 2011.<\/p>\n<p>Atualmente, \u00e9 professora na UFU e na Universidade Estadual de Goi\u00e1s (UEG) desde janeiro de 2019. Ela tamb\u00e9m est\u00e1 cursando doutorado em Ci\u00eancias da Sa\u00fade na UFU, al\u00e9m de ser mestre pela Universidade Federal de Goi\u00e1s (UFG).<\/p>\n<h2 class=\"wp-block-heading\">Como foi o rapto da beb\u00ea no hospital?<\/h2>\n<p>De acordo com a Pol\u00edcia Militar, Claudia se passou por pediatra para entrar na maternidade. Ela conversou com o pai, \u00c9dson Ferreira, e examinou a m\u00e3e do beb\u00ea alegando que iria levar a crian\u00e7a para ser alimentada. Minutos depois, a rec\u00e9m-nascida ainda n\u00e3o havia retornado, levando ao alerta dos pais e acionamento das autoridades.<\/p>\n<p>Segundo as investiga\u00e7\u00f5es, Claudia saiu do hospital com a beb\u00ea dentro de uma mochila e fugiu em um carro vermelho. Todo o ato foi registrado pelas c\u00e2meras de seguran\u00e7a do hospital, evidenciando o planejamento envolvido no crime.<\/p>\n<h2 class=\"wp-block-heading\">Quais as medidas tomadas pelo hospital?<\/h2>\n<p>O Hospital de Cl\u00ednicas da UFU emitiu uma nota informando que acionou a Pol\u00edcia Militar de Uberl\u00e2ndia logo ap\u00f3s o ocorrido. As imagens das c\u00e2meras de seguran\u00e7a foram disponibilizadas para as investiga\u00e7\u00f5es, que resultaram na identifica\u00e7\u00e3o e pris\u00e3o de Claudia em Itumbiara, GO.<\/p>\n<p>Al\u00e9m disso, o hospital iniciou uma apura\u00e7\u00e3o interna para verificar todas as circunst\u00e2ncias que possibilitaram o crime e est\u00e1 colaborando plenamente com as autoridades para elucidar o caso.<\/p>\n<h2 class=\"wp-block-heading\">Qual foi a rea\u00e7\u00e3o da fam\u00edlia da beb\u00ea?<\/h2>\n<p>O pai, \u00c9dson Ferreira, relatou a experi\u00eancia traum\u00e1tica que a fam\u00edlia passou. \u201cEla era muito bem articulada. Entrou, mexeu nos peitos da minha esposa para ver se tinha leite. Disse que era pediatra e que ia levar a beb\u00ea para se alimentar. Minutos depois, eu vi que a minha menina n\u00e3o voltava, e a\u00ed percebemos que ela tinha sido levada\u201d, disse \u00c9dson.<\/p>\n<p>A fam\u00edlia est\u00e1 aliviada pela recupera\u00e7\u00e3o da beb\u00ea e agradece o r\u00e1pido trabalho das autoridades para garantir a seguran\u00e7a da crian\u00e7a.<\/p>\n<p>Este incidente alarmante sublinha a import\u00e2ncia de medidas de seguran\u00e7a mais rigorosas em hospitais para proteger os pacientes mais vulner\u00e1veis. As investiga\u00e7\u00f5es continuam, e a expectativa \u00e9 que todos os envolvidos sejam devidamente responsabilizados.<\/p>\n<\/p><\/div>\n<p><br \/>\n<br \/><a href=\"https:\/\/terrabrasilnoticias.com\/2024\/07\/curriculo-impressionante-identidade-da-mulher-presa-por-sequestrar-bebe-em-hospital-de-mg-e-revelada-veja-detalhes\/\">Source link <\/a><\/p>","protected":false},"excerpt":{"rendered":"<p>Na manh\u00e3 desta quarta-feira (24), a Pol\u00edcia Civil de Goi\u00e1s prendeu a m\u00e9dica Claudia ap\u00f3s rapto de uma rec\u00e9m-nascida no Hospital de Cl\u00ednicas da Universidade Federal de Uberl\u00e2ndia (UFU), em&hellip;<\/p>","protected":false},"author":1,"featured_media":7675,"comment_status":"closed","ping_status":"open","sticky":false,"template":"","format":"standard","meta":{"content-type":"","footnotes":""},"categories":[16],"tags":[],"class_list":["post-7674","post","type-post","status-publish","format-standard","has-post-thumbnail","hentry","category-noticias"],"_links":{"self":[{"href":"https:\/\/tvbrazilusa.com\/pt\/wp-json\/wp\/v2\/posts\/7674","targetHints":{"allow":["GET"]}}],"collection":[{"href":"https:\/\/tvbrazilusa.com\/pt\/wp-json\/wp\/v2\/posts"}],"about":[{"href":"https:\/\/tvbrazilusa.com\/pt\/wp-json\/wp\/v2\/types\/post"}],"author":[{"embeddable":true,"href":"https:\/\/tvbrazilusa.com\/pt\/wp-json\/wp\/v2\/users\/1"}],"replies":[{"embeddable":true,"href":"https:\/\/tvbrazilusa.com\/pt\/wp-json\/wp\/v2\/comments?post=7674"}],"version-history":[{"count":1,"href":"https:\/\/tvbrazilusa.com\/pt\/wp-json\/wp\/v2\/posts\/7674\/revisions"}],"predecessor-version":[{"id":7676,"href":"https:\/\/tvbrazilusa.com\/pt\/wp-json\/wp\/v2\/posts\/7674\/revisions\/7676"}],"wp:featuredmedia":[{"embeddable":true,"href":"https:\/\/tvbrazilusa.com\/pt\/wp-json\/wp\/v2\/media\/7675"}],"wp:attachment":[{"href":"https:\/\/tvbrazilusa.com\/pt\/wp-json\/wp\/v2\/media?parent=7674"}],"wp:term":[{"taxonomy":"category","embeddable":true,"href":"https:\/\/tvbrazilusa.com\/pt\/wp-json\/wp\/v2\/categories?post=7674"},{"taxonomy":"post_tag","embeddable":true,"href":"https:\/\/tvbrazilusa.com\/pt\/wp-json\/wp\/v2\/tags?post=7674"}],"curies":[{"name":"wp","href":"https:\/\/api.w.org\/{rel}","templated":true}]}}