{"id":7677,"date":"2024-07-24T16:25:55","date_gmt":"2024-07-24T16:25:55","guid":{"rendered":"https:\/\/tvbrazilusa.com\/2024\/07\/24\/ultimas-noticias-sobre-a-guerra-entre-israel-e-hamas-netanyahu-esta-em-washington-para-discursar-no-congresso-antes-das-negociacoes-de-cessar-fogo\/"},"modified":"2024-07-24T16:36:36","modified_gmt":"2024-07-24T16:36:36","slug":"ultimas-noticias-sobre-a-guerra-entre-israel-e-hamas-netanyahu-esta-em-washington-para-discursar-no-congresso-antes-das-negociacoes-de-cessar-fogo","status":"publish","type":"post","link":"https:\/\/tvbrazilusa.com\/pt\/2024\/07\/24\/ultimas-noticias-sobre-a-guerra-entre-israel-e-hamas-netanyahu-esta-em-washington-para-discursar-no-congresso-antes-das-negociacoes-de-cessar-fogo\/","title":{"rendered":"\u00daltimas not\u00edcias sobre a guerra entre Israel e Hamas: Netanyahu est\u00e1 em Washington para discursar no Congresso antes das negocia\u00e7\u00f5es de cessar-fogo"},"content":{"rendered":"<script async src=\"https:\/\/pagead2.googlesyndication.com\/pagead\/js\/adsbygoogle.js?client=ca-pub-8864793242727901\"\r\n     crossorigin=\"anonymous\"><\/script>\n<div id=\"\">\n<p class=\"dist__Box-sc-1fnzlkn-0 dist__TextBase-sc-1fnzlkn-3 CGHCP htMUPQ article-text\">Primeiro-ministro israelense Benjamin <a href=\"https:\/\/apnews.com\/article\/netanyahu-congress-gaza-hamas-israel-6ea5daf3cd1988b0ad6e874bd450f9bf\">Netanyahu est\u00e1 em Washington para discursar no Congresso<\/a> na quarta-feira. Ele sinalizou que um acordo de cessar-fogo poderia estar tomando forma ap\u00f3s nove meses de guerra. Enquanto isso, centenas de manifestantes <a href=\"https:\/\/apnews.com\/article\/israel-netanyahu-gaza-war-congress-joint-session-9a7885972989b2397b49e5b971ffe0e0\">reunidos perto do Capit\u00f3lio dos EUA<\/a> para denunciar a guerra de Israel em Gaza.<\/p>\n<p class=\"dist__Box-sc-1fnzlkn-0 dist__TextBase-sc-1fnzlkn-3 CGHCP htMUPQ article-text\">Palestinos deslocados pela <a href=\"https:\/\/apnews.com\/article\/israel-palestinians-hamas-war-news-july-22-2024-e99dde86d4333a636d280d9a632835a3\">A \u00faltima ordem militar israelita para sair<\/a> partes da cidade de Khan Younis, no sul de Gaza, dizem que est\u00e3o dormindo nas ruas. O Minist\u00e9rio da Sa\u00fade em Gaza diz que mais de 39.100 palestinos foram mortos na guerra.<\/p>\n<p class=\"dist__Box-sc-1fnzlkn-0 dist__TextBase-sc-1fnzlkn-3 CGHCP htMUPQ article-text\">Na quinta-feira, autoridades do Egipto, Israel, Estados Unidos e Qatar reunir-se-\u00e3o em Doha com o objectivo de retomar as negocia\u00e7\u00f5es para um cessar-fogo proposto em tr\u00eas fases para p\u00f4r fim \u00e0 guerra. <a href=\"https:\/\/apnews.com\/hub\/israel-hamas-war\">guerra entre Israel e Hamas<\/a> e <a href=\"https:\/\/apnews.com\/article\/israel-hamas-gaza-war-hostages-photos-cc4c96578eed50fb3bda1dccd7602ef6\">liberte os ref\u00e9ns restantes<\/a>.<\/p>\n<p class=\"dist__Box-sc-1fnzlkn-0 dist__TextBase-sc-1fnzlkn-3 CGHCP htMUPQ article-text\">Aqui est\u00e3o as \u00faltimas:<\/p>\n<p class=\"dist__Box-sc-1fnzlkn-0 dist__TextBase-sc-1fnzlkn-3 CGHCP htMUPQ article-text\">Manifestantes s\u00e3o detidos perto do Capit\u00f3lio dos EUA antes do discurso de Netanyahu<\/p>\n<p class=\"dist__Box-sc-1fnzlkn-0 dist__TextBase-sc-1fnzlkn-3 CGHCP htMUPQ article-text\">A pol\u00edcia levou pessoas sob cust\u00f3dia perto do Capit\u00f3lio dos EUA em um protesto contra o primeiro-ministro israelense Benjamin Netanyahu e a guerra em Gaza. Um punhado de pessoas foi levado por oficiais do Departamento de Pol\u00edcia Metropolitana em Washington, DC, enquanto outros gritavam para que fossem soltos.<\/p>\n<p class=\"dist__Box-sc-1fnzlkn-0 dist__TextBase-sc-1fnzlkn-3 CGHCP htMUPQ article-text\">Mais de 1.000 pessoas se reuniram na quarta-feira de manh\u00e3 na Pennsylvania Avenue, bem \u00e0 vista do edif\u00edcio do Capit\u00f3lio. Os manifestantes carregavam cartazes rotulando Netanyahu como um criminoso de guerra.<\/p>\n<p class=\"dist__Box-sc-1fnzlkn-0 dist__TextBase-sc-1fnzlkn-3 CGHCP htMUPQ article-text\">Um grande grupo de manifestantes marchou em dire\u00e7\u00e3o ao Capit\u00f3lio depois de bloquear um cruzamento pr\u00f3ximo e convocar uma \u201cintifada estudantil\u201d, invocando uma palavra \u00e1rabe para \u201crevolta\u201d ou \u201cresist\u00eancia\u201d.<\/p>\n<p class=\"dist__Box-sc-1fnzlkn-0 dist__TextBase-sc-1fnzlkn-3 CGHCP htMUPQ article-text\">\u201cFeche isso!\u201d eles gritavam repetidamente.<\/p>\n<p class=\"dist__Box-sc-1fnzlkn-0 dist__TextBase-sc-1fnzlkn-3 CGHCP htMUPQ article-text\">\u201cBibi, Bibi, n\u00e3o terminamos! A intifada apenas come\u00e7ou!\u201d, eles tamb\u00e9m gritaram, referindo-se a Netanyahu pelo seu apelido.<\/p>\n<p class=\"dist__Box-sc-1fnzlkn-0 dist__TextBase-sc-1fnzlkn-3 CGHCP htMUPQ article-text\">Do outro lado da rua da Union Station, judeus americanos se reuniram para um culto de ora\u00e7\u00e3o liderado pela T&#39;ruah, uma organiza\u00e7\u00e3o de rabinos pedindo um cessar-fogo em Gaza. O rabino Bill Plevan, de Nova York, disse que acreditava que a ora\u00e7\u00e3o poderia ser um catalisador para a paz.<\/p>\n<p class=\"dist__Box-sc-1fnzlkn-0 dist__TextBase-sc-1fnzlkn-3 CGHCP htMUPQ article-text\">\u201cEstamos aqui para protestar contra o discurso do Primeiro Ministro Benjamin Netanyahu no Congresso\u201d, ele disse. \u201cEstamos aqui para dizer que n\u00e3o apoiamos suas pol\u00edticas. Como judeus americanos, n\u00e3o apoiamos esta guerra.\u201d <\/p>\n<p class=\"dist__Box-sc-1fnzlkn-0 dist__TextBase-sc-1fnzlkn-3 CGHCP htMUPQ article-text\">Enlutados comparecem ao funeral de 2 mortos em ataque israelense na Cisjord\u00e2nia<\/p>\n<p class=\"dist__Box-sc-1fnzlkn-0 dist__TextBase-sc-1fnzlkn-3 CGHCP htMUPQ article-text\">TULKAREM, Cisjord\u00e2nia \u2014 Centenas de enlutados compareceram ao funeral de duas pessoas mortas durante um ataque israelense na cidade de Tulkarem, no norte da Cisjord\u00e2nia, que matou seis pessoas, pelo menos tr\u00eas delas militantes conhecidos. Os corpos de Iman Juma&#39;a, uma mulher de 50 anos, e Yazan Abdo, um homem de 30 anos, foram carregados pelas ruas.<\/p>\n<p class=\"dist__Box-sc-1fnzlkn-0 dist__TextBase-sc-1fnzlkn-3 CGHCP htMUPQ article-text\">Na quarta-feira, o ex\u00e9rcito israelense divulgou imagens de uma pessoa vestida como mulher, usando um colete de param\u00e9dico e segurando uma arma, mas n\u00e3o mostrou o rosto da pessoa. O v\u00eddeo n\u00e3o p\u00f4de ser verificado de forma independente pela AP, e o ex\u00e9rcito n\u00e3o forneceu nenhuma evid\u00eancia adicional.<\/p>\n<p class=\"dist__Box-sc-1fnzlkn-0 dist__TextBase-sc-1fnzlkn-3 CGHCP htMUPQ article-text\">No funeral, o corpo de Juma&#39;a foi coberto com uma jaqueta de param\u00e9dico.<\/p>\n<p class=\"dist__Box-sc-1fnzlkn-0 dist__TextBase-sc-1fnzlkn-3 CGHCP htMUPQ article-text\">Tulkarem e seus dois campos de refugiados se tornaram um ponto cr\u00edtico na Cisjord\u00e2nia e s\u00e3o regularmente atacados por for\u00e7as israelenses. Grupos militantes palestinos, incluindo o Hamas e a Jihad Isl\u00e2mica Palestina, s\u00e3o ativos na cidade.<\/p>\n<p class=\"dist__Box-sc-1fnzlkn-0 dist__TextBase-sc-1fnzlkn-3 CGHCP htMUPQ article-text\">Gabinete de Netanyahu rejeita coment\u00e1rio de ministro de extrema direita sobre ora\u00e7\u00f5es no Monte do Templo<\/p>\n<p class=\"dist__Box-sc-1fnzlkn-0 dist__TextBase-sc-1fnzlkn-3 CGHCP htMUPQ article-text\">JERUSAL\u00c9M \u2014 O ministro da Seguran\u00e7a Nacional de extrema direita de Israel diz que os judeus t\u00eam permiss\u00e3o para rezar no local sagrado mais sens\u00edvel de Jerusal\u00e9m, amea\u00e7ando ati\u00e7ar as tens\u00f5es que j\u00e1 est\u00e3o aumentando devido \u00e0 guerra em Gaza.<\/p>\n<p class=\"dist__Box-sc-1fnzlkn-0 dist__TextBase-sc-1fnzlkn-3 CGHCP htMUPQ article-text\">Itamar Ben-Gvir disse antes que \u00e9 sua pol\u00edtica que os judeus devem poder rezar no complexo no topo da colina conhecido pelos judeus como o Monte do Templo e pelos mu\u00e7ulmanos como o Nobre Santu\u00e1rio. Mas sua declara\u00e7\u00e3o na quarta-feira vem em um momento politicamente sens\u00edvel, horas antes do discurso do Primeiro Ministro Benjamin Netanyahu em uma sess\u00e3o conjunta do Congresso em Washington.<\/p>\n<p class=\"dist__Box-sc-1fnzlkn-0 dist__TextBase-sc-1fnzlkn-3 CGHCP htMUPQ article-text\">O gabinete de Netanyahu rapidamente divulgou uma declara\u00e7\u00e3o dizendo que nada havia mudado no acordo de d\u00e9cadas que pro\u00edbe ora\u00e7\u00f5es judaicas no local.<\/p>\n<p class=\"dist__Box-sc-1fnzlkn-0 dist__TextBase-sc-1fnzlkn-3 CGHCP htMUPQ article-text\">\u201cEu sou o escal\u00e3o pol\u00edtico e o escal\u00e3o pol\u00edtico permite a ora\u00e7\u00e3o judaica l\u00e1\u201d, disse Ben Gvir durante uma confer\u00eancia focada no acesso judaico ao complexo.<\/p>\n<p class=\"dist__Box-sc-1fnzlkn-0 dist__TextBase-sc-1fnzlkn-3 CGHCP htMUPQ article-text\">Desde que Israel capturou o local na guerra do Oriente M\u00e9dio de 1967, os judeus foram autorizados a visitar, mas n\u00e3o a rezar l\u00e1. Invas\u00f5es percebidas desencadearam <a href=\"https:\/\/apnews.com\/article\/israel-palestinians-violence-jerusalem-explainer-1a269c8cc748d8e6f5eb9eabb6d9b860\">viol\u00eancia generalizada<\/a> em diversas ocasi\u00f5es ao longo de d\u00e9cadas.<\/p>\n<p class=\"dist__Box-sc-1fnzlkn-0 dist__TextBase-sc-1fnzlkn-3 CGHCP htMUPQ article-text\">Musk diz que Starlink est\u00e1 ativo em um hospital de Gaza, com aprova\u00e7\u00e3o de Israel<\/p>\n<p class=\"dist__Box-sc-1fnzlkn-0 dist__TextBase-sc-1fnzlkn-3 CGHCP htMUPQ article-text\">JERUSAL\u00c9M \u2014 O bilion\u00e1rio Elon Musk disse em uma declara\u00e7\u00e3o no X que seu servi\u00e7o de internet via sat\u00e9lite Starlink est\u00e1 ativo para um hospital em Gaza, j\u00e1 que o territ\u00f3rio sitiado enfrenta meses de problemas de comunica\u00e7\u00e3o.<\/p>\n<p class=\"dist__Box-sc-1fnzlkn-0 dist__TextBase-sc-1fnzlkn-3 CGHCP htMUPQ article-text\">O Minist\u00e9rio das Comunica\u00e7\u00f5es de Israel disse que o servi\u00e7o est\u00e1 em uso no hospital de campanha administrado pelos Emirados em Rafah, no sul de Gaza, h\u00e1 seis meses, e n\u00e3o ficou claro por que Musk o mencionou na quarta-feira.<\/p>\n<p class=\"dist__Box-sc-1fnzlkn-0 dist__TextBase-sc-1fnzlkn-3 CGHCP htMUPQ article-text\">Durante <a href=\"https:\/\/apnews.com\/article\/elon-musk-israel-visit-antisemitism-netanyahu-e9936848c37b364c2a24a59a04b54fb7\">uma visita a Israel em novembro<\/a>Musk se encontrou com o Ministro das Comunica\u00e7\u00f5es de Israel, Shlomi Karhi, e concordou que a Starlink operaria em Gaza somente com a aprova\u00e7\u00e3o do governo israelense. Em fevereiro, o minist\u00e9rio anunciou que a Starlink estaria dispon\u00edvel em certos hospitais em Gaza para videoconfer\u00eancia.<\/p>\n<p class=\"dist__Box-sc-1fnzlkn-0 dist__TextBase-sc-1fnzlkn-3 CGHCP htMUPQ article-text\">Gaza tem <a href=\"https:\/\/apnews.com\/article\/israel-hamas-war-news-11-16-2023-6c7daa3b8c3a6b8dddf186ce631dfaad\">sofreu frequentes apag\u00f5es de comunica\u00e7\u00e3o<\/a> \u00e0 medida que a infraestrutura desmorona com meses de combates e falta de combust\u00edvel.<\/p>\n<p class=\"dist__Box-sc-1fnzlkn-0 dist__TextBase-sc-1fnzlkn-3 CGHCP htMUPQ article-text\">Dezenas morrem em Gaza, elevando o n\u00famero de mortos para mais de 39.100<\/p>\n<p class=\"dist__Box-sc-1fnzlkn-0 dist__TextBase-sc-1fnzlkn-3 CGHCP htMUPQ article-text\">DEIR AL-BALAH, Faixa de Gaza \u2013 O <a href=\"https:\/\/apnews.com\/article\/israel-hamas-war-gaza-health-ministry-health-death-toll-59470820308b31f1faf73c703400b033\">Minist\u00e9rio da Sa\u00fade de Gaza<\/a> diz que os corpos de 55 pessoas mortas por ataques israelenses foram levados para hospitais locais nas \u00faltimas 24 horas.<\/p>\n<p class=\"dist__Box-sc-1fnzlkn-0 dist__TextBase-sc-1fnzlkn-3 CGHCP htMUPQ article-text\">Hospitais tamb\u00e9m receberam 110 feridos, disse o minist\u00e9rio na quarta-feira. O minist\u00e9rio n\u00e3o faz distin\u00e7\u00e3o entre civis e combatentes em sua contagem.<\/p>\n<p class=\"dist__Box-sc-1fnzlkn-0 dist__TextBase-sc-1fnzlkn-3 CGHCP htMUPQ article-text\">O n\u00famero total de mortos palestinos na guerra entre Israel e Hamas aumentou para pelo menos 39.145, disse o minist\u00e9rio, e outros 90.257 ficaram feridos.<\/p>\n<p class=\"dist__Box-sc-1fnzlkn-0 dist__TextBase-sc-1fnzlkn-3 CGHCP htMUPQ article-text\">Israel iniciou a guerra em Gaza ap\u00f3s o ataque do Hamas em 7 de outubro, no qual militantes invadiram o sul de Israel, mataram cerca de 1.200 pessoas \u2014 a maioria civis \u2014 e sequestraram cerca de 250.<\/p>\n<p class=\"dist__Box-sc-1fnzlkn-0 dist__TextBase-sc-1fnzlkn-3 CGHCP htMUPQ article-text\">Delega\u00e7\u00e3o israelense segue para o Cairo antes das negocia\u00e7\u00f5es de cessar-fogo planejadas em Doha<\/p>\n<p class=\"dist__Box-sc-1fnzlkn-0 dist__TextBase-sc-1fnzlkn-3 CGHCP htMUPQ article-text\">BEIRUTE \u2014 Uma delega\u00e7\u00e3o israelense ir\u00e1 para o Cairo na quarta-feira para negocia\u00e7\u00f5es com autoridades eg\u00edpcias, de acordo com o jornal di\u00e1rio liban\u00eas Al-Akhbar, que \u00e9 pr\u00f3ximo ao grupo militante liban\u00eas Hezbollah. De acordo com fontes eg\u00edpcias, as negocia\u00e7\u00f5es se concentrar\u00e3o na travessia da fronteira de Rafah e no corredor de Filad\u00e9lfia.<\/p>\n<p class=\"dist__Box-sc-1fnzlkn-0 dist__TextBase-sc-1fnzlkn-3 CGHCP htMUPQ article-text\">Na quinta-feira, autoridades do Egito, Israel, Estados Unidos e Qatar se reunir\u00e3o em Doha com o objetivo de retomar as negocia\u00e7\u00f5es para um cessar-fogo proposto em tr\u00eas fases para encerrar a guerra entre Israel e o Hamas, disse o Al-Akhbar. Ele acrescentou que os mediadores eg\u00edpcios e qataris veem que a primeira fase do acordo est\u00e1 pr\u00f3xima, mas est\u00e3o preocupados que o primeiro-ministro israelense Benjamin Netanyahu possa destruir um poss\u00edvel acordo nas horas finais.<\/p>\n<p class=\"dist__Box-sc-1fnzlkn-0 dist__TextBase-sc-1fnzlkn-3 CGHCP htMUPQ article-text\">Um porta-voz do gabinete de Netanyahu confirmou que uma delega\u00e7\u00e3o \u00e9 esperada no Cairo.<\/p>\n<p class=\"dist__Box-sc-1fnzlkn-0 dist__TextBase-sc-1fnzlkn-3 CGHCP htMUPQ article-text\">A Resist\u00eancia Isl\u00e2mica no Iraque envia drones para atacar &#39;um alvo vital&#39; em Eilat<\/p>\n<p class=\"dist__Box-sc-1fnzlkn-0 dist__TextBase-sc-1fnzlkn-3 CGHCP htMUPQ article-text\">BEIRUTE \u2014 Um grupo de fac\u00e7\u00f5es apoiadas pelo Ir\u00e3 no Iraque afirma ter realizado um ataque com drones em &#8220;um alvo vital&#8221; na cidade de Eilat, no sul de Israel.<\/p>\n<p class=\"dist__Box-sc-1fnzlkn-0 dist__TextBase-sc-1fnzlkn-3 CGHCP htMUPQ article-text\">A Resist\u00eancia Isl\u00e2mica no Iraque disse que o ataque de quarta-feira ocorreu em retalia\u00e7\u00e3o ao que chamou de massacres de Israel na Faixa de Gaza. <\/p>\n<p class=\"dist__Box-sc-1fnzlkn-0 dist__TextBase-sc-1fnzlkn-3 CGHCP htMUPQ article-text\">O ex\u00e9rcito israelense disse que sua for\u00e7a a\u00e9rea abateu dois drones que voavam em dire\u00e7\u00e3o a Israel do leste. Acrescentou que os drones n\u00e3o entraram no espa\u00e7o a\u00e9reo de Israel.<\/p>\n<p class=\"dist__Box-sc-1fnzlkn-0 dist__TextBase-sc-1fnzlkn-3 CGHCP htMUPQ article-text\">A Resist\u00eancia Isl\u00e2mica no Iraque assumiu a responsabilidade por dezenas de ataques contra Israel nos \u00faltimos meses, mas a maioria dos drones foi abatida antes de atingir seus alvos. Um ataque de drones pelos rebeldes Houthi apoiados pelo Ir\u00e3 do I\u00eamen na semana passada matou uma pessoa no centro de Tel Aviv e feriu pelo menos outras 10 perto da Embaixada dos Estados Unidos.<\/p>\n<\/div>\n<p>Copyright 2024 The Associated Press. Todos os direitos reservados. Este material n\u00e3o pode ser publicado, transmitido, reescrito ou redistribu\u00eddo sem permiss\u00e3o.<\/p>\n<p><br \/>\n<br \/><a href=\"https:\/\/www.clickorlando.com\/news\/2024\/07\/24\/israel-hamas-war-latest-netanyahu-is-in-washington-to-address-congress-ahead-of-cease-fire-talks\/\">Source link <\/a><\/p>","protected":false},"excerpt":{"rendered":"<p>Primeiro-ministro israelense Benjamin Netanyahu est\u00e1 em Washington para discursar no Congresso na quarta-feira. Ele sinalizou que um acordo de cessar-fogo poderia estar tomando forma ap\u00f3s nove meses de guerra. Enquanto&hellip;<\/p>","protected":false},"author":1,"featured_media":7678,"comment_status":"closed","ping_status":"open","sticky":false,"template":"","format":"standard","meta":{"content-type":"","footnotes":""},"categories":[1],"tags":[1418,1419],"class_list":["post-7677","post","type-post","status-publish","format-standard","has-post-thumbnail","hentry","category-uncategorized","tag-benjamin-netanyahu","tag-noticias-do-mundo"],"_links":{"self":[{"href":"https:\/\/tvbrazilusa.com\/pt\/wp-json\/wp\/v2\/posts\/7677","targetHints":{"allow":["GET"]}}],"collection":[{"href":"https:\/\/tvbrazilusa.com\/pt\/wp-json\/wp\/v2\/posts"}],"about":[{"href":"https:\/\/tvbrazilusa.com\/pt\/wp-json\/wp\/v2\/types\/post"}],"author":[{"embeddable":true,"href":"https:\/\/tvbrazilusa.com\/pt\/wp-json\/wp\/v2\/users\/1"}],"replies":[{"embeddable":true,"href":"https:\/\/tvbrazilusa.com\/pt\/wp-json\/wp\/v2\/comments?post=7677"}],"version-history":[{"count":1,"href":"https:\/\/tvbrazilusa.com\/pt\/wp-json\/wp\/v2\/posts\/7677\/revisions"}],"predecessor-version":[{"id":7679,"href":"https:\/\/tvbrazilusa.com\/pt\/wp-json\/wp\/v2\/posts\/7677\/revisions\/7679"}],"wp:featuredmedia":[{"embeddable":true,"href":"https:\/\/tvbrazilusa.com\/pt\/wp-json\/wp\/v2\/media\/7678"}],"wp:attachment":[{"href":"https:\/\/tvbrazilusa.com\/pt\/wp-json\/wp\/v2\/media?parent=7677"}],"wp:term":[{"taxonomy":"category","embeddable":true,"href":"https:\/\/tvbrazilusa.com\/pt\/wp-json\/wp\/v2\/categories?post=7677"},{"taxonomy":"post_tag","embeddable":true,"href":"https:\/\/tvbrazilusa.com\/pt\/wp-json\/wp\/v2\/tags?post=7677"}],"curies":[{"name":"wp","href":"https:\/\/api.w.org\/{rel}","templated":true}]}}