{"id":76875,"date":"2024-12-15T18:32:53","date_gmt":"2024-12-15T18:32:53","guid":{"rendered":"https:\/\/tvbrazilusa.com\/2024\/12\/15\/por-conta-das-politicas-extremas-anti-israel-do-governo-irlandes-israel-diz-que-fechara-a-embaixada-em-dublin\/"},"modified":"2024-12-15T18:32:55","modified_gmt":"2024-12-15T18:32:55","slug":"por-conta-das-politicas-extremas-anti-israel-do-governo-irlandes-israel-diz-que-fechara-a-embaixada-em-dublin","status":"publish","type":"post","link":"https:\/\/tvbrazilusa.com\/pt\/2024\/12\/15\/por-conta-das-politicas-extremas-anti-israel-do-governo-irlandes-israel-diz-que-fechara-a-embaixada-em-dublin\/","title":{"rendered":"Por conta das &#8216;pol\u00edticas extremas anti-Israel do governo irland\u00eas&#8217;, Israel diz que fechar\u00e1 a embaixada em Dublin"},"content":{"rendered":"<p> <script async src=\"https:\/\/pagead2.googlesyndication.com\/pagead\/js\/adsbygoogle.js?client=ca-pub-8864793242727901\"\r\n     crossorigin=\"anonymous\"><\/script><br \/>\n<\/p>\n<div id=\"taboola-read-more\" style=\"display:block; width:100%\">\n<p>Israel fechar\u00e1 sua embaixada em Dublin devido \u00e0s \u201cpol\u00edticas extremas anti-Israel do governo irland\u00eas\u201d, disse o ministro das Rela\u00e7\u00f5es Exteriores, Gideon Saar, no domingo (15), citando o reconhecimento do Estado palestino e o apoio a a\u00e7\u00f5es legais contra Israel.\n<\/p>\n<p>O embaixador de Israel em Dublin foi chamado de volta ap\u00f3s a decis\u00e3o da Irlanda sobre um Estado palestino em maio, acrescentou a declara\u00e7\u00e3o de Saar.<\/p>\n<p>Na semana passada, Dublin anunciou seu apoio \u00e0 a\u00e7\u00e3o legal da \u00c1frica do Sul contra Israel na Corte Internacional de Justi\u00e7a, acusando Israel de genoc\u00eddio.\n<\/p>\n<p>O primeiro-ministro irland\u00eas Simon Harris disse que a decis\u00e3o \u00e9 profundamente lament\u00e1vel. \u201cRejeito totalmente a afirma\u00e7\u00e3o de que a Irlanda \u00e9 anti-Israel. A Irlanda \u00e9 pr\u00f3-paz, pr\u00f3-direitos humanos e pr\u00f3-lei internacional\u201d, disse ele em um post no X.\n<\/p>\n<p>\u201cA Irlanda quer uma solu\u00e7\u00e3o de dois estados e que Israel e Palestina vivam em paz e seguran\u00e7a. A Irlanda sempre defender\u00e1 os direitos humanos e o direito internacional\u201d, disse ele.\n<\/p>\n<p>O Ministro das Rela\u00e7\u00f5es Exteriores da Irlanda, Micheal Martin, disse em mar\u00e7o que, embora coubesse ao Tribunal Mundial decidir se um genoc\u00eddio estava sendo cometido, ele queria deixar claro que o ataque do Hamas em 7 de outubro e o que est\u00e1 acontecendo em Gaza agora \u201crepresentam uma viola\u00e7\u00e3o flagrante do direito internacional humanit\u00e1rio em grande escala\u201d.\n<\/p>\n<p>Uma declara\u00e7\u00e3o do Minist\u00e9rio das Rela\u00e7\u00f5es Exteriores de Israel tamb\u00e9m anunciou o estabelecimento de uma embaixada israelense na Mold\u00e1via.\n<\/p>\n<p>Fonte: CNN              <\/p>\n<\/div>\n<p><br \/>\n<br \/><a href=\"https:\/\/diariodobrasilnoticias.com.br\/noticia\/por-conta-das-politicas-extremas-anti-israel-do-governo-irlandes-israel-diz-que-fechara-a-embaixada-em-dublin-675ef7886750d\">Source link <\/a><\/p>","protected":false},"excerpt":{"rendered":"<p>Israel fechar\u00e1 sua embaixada em Dublin devido \u00e0s \u201cpol\u00edticas extremas anti-Israel do governo irland\u00eas\u201d, disse o ministro das Rela\u00e7\u00f5es Exteriores, Gideon Saar, no domingo (15), citando o reconhecimento do Estado&hellip;<\/p>","protected":false},"author":1,"featured_media":76876,"comment_status":"closed","ping_status":"open","sticky":false,"template":"","format":"standard","meta":{"content-type":"","footnotes":""},"categories":[16],"tags":[123,2448,5313,1267],"class_list":["post-76875","post","type-post","status-publish","format-standard","has-post-thumbnail","hentry","category-noticias","tag-brasil","tag-diario","tag-noticia","tag-noticias"],"_links":{"self":[{"href":"https:\/\/tvbrazilusa.com\/pt\/wp-json\/wp\/v2\/posts\/76875","targetHints":{"allow":["GET"]}}],"collection":[{"href":"https:\/\/tvbrazilusa.com\/pt\/wp-json\/wp\/v2\/posts"}],"about":[{"href":"https:\/\/tvbrazilusa.com\/pt\/wp-json\/wp\/v2\/types\/post"}],"author":[{"embeddable":true,"href":"https:\/\/tvbrazilusa.com\/pt\/wp-json\/wp\/v2\/users\/1"}],"replies":[{"embeddable":true,"href":"https:\/\/tvbrazilusa.com\/pt\/wp-json\/wp\/v2\/comments?post=76875"}],"version-history":[{"count":1,"href":"https:\/\/tvbrazilusa.com\/pt\/wp-json\/wp\/v2\/posts\/76875\/revisions"}],"predecessor-version":[{"id":76877,"href":"https:\/\/tvbrazilusa.com\/pt\/wp-json\/wp\/v2\/posts\/76875\/revisions\/76877"}],"wp:featuredmedia":[{"embeddable":true,"href":"https:\/\/tvbrazilusa.com\/pt\/wp-json\/wp\/v2\/media\/76876"}],"wp:attachment":[{"href":"https:\/\/tvbrazilusa.com\/pt\/wp-json\/wp\/v2\/media?parent=76875"}],"wp:term":[{"taxonomy":"category","embeddable":true,"href":"https:\/\/tvbrazilusa.com\/pt\/wp-json\/wp\/v2\/categories?post=76875"},{"taxonomy":"post_tag","embeddable":true,"href":"https:\/\/tvbrazilusa.com\/pt\/wp-json\/wp\/v2\/tags?post=76875"}],"curies":[{"name":"wp","href":"https:\/\/api.w.org\/{rel}","templated":true}]}}