{"id":76890,"date":"2024-12-15T19:09:50","date_gmt":"2024-12-15T19:09:50","guid":{"rendered":"https:\/\/tvbrazilusa.com\/2024\/12\/15\/reporteres-veteranos-estao-sendo-demitidos-por-conta-do-corte-de-despesas-das-tvs-veja-alguns-deles\/"},"modified":"2024-12-15T19:09:51","modified_gmt":"2024-12-15T19:09:51","slug":"reporteres-veteranos-estao-sendo-demitidos-por-conta-do-corte-de-despesas-das-tvs-veja-alguns-deles","status":"publish","type":"post","link":"https:\/\/tvbrazilusa.com\/pt\/2024\/12\/15\/reporteres-veteranos-estao-sendo-demitidos-por-conta-do-corte-de-despesas-das-tvs-veja-alguns-deles\/","title":{"rendered":"Rep\u00f3rteres veteranos est\u00e3o sendo demitidos por conta do corte de despesas das TV&#8217;s; veja alguns deles"},"content":{"rendered":"<p> <script async src=\"https:\/\/pagead2.googlesyndication.com\/pagead\/js\/adsbygoogle.js?client=ca-pub-8864793242727901\"\r\n     crossorigin=\"anonymous\"><\/script><br \/>\n<\/p>\n<div id=\"taboola-read-more\" style=\"display:block; width:100%\">\n<p>Ao inv\u00e9s de clima festivo pelo Natal, muitas emissoras oferecem a seus funcion\u00e1rios a tens\u00e3o promovida pelo RH: demiss\u00f5es de profissionais que atuam na frente e atr\u00e1s das c\u00e2meras. O corte de despesas parece n\u00e3o ter fim.\n<\/p>\n<p>Na noite de sexta-feira (13), a Band News dispensou o apresentador Eduardo Castro. Suas duas passagens pelo grupo somaram 18 anos. \u201cFaz parte da vida\u201d, escreveu a seus seguidores na internet. \u201cComo eu preciso trabalhar, espero que a gente possa se ver em breve.\u201d<\/p>\n<p>O otimismo do jornalista contrasta com o baixo-astral da categoria: centenas de vagas fechadas, nenhuma perspectiva de melhora no mercado de TV.\n<\/p>\n<p>Entre outros dispensados nos \u00faltimos dias, alguns rep\u00f3rteres veteranos. Entre eles, Wilson Kirsche, da afiliada da Globo no Paran\u00e1, autor de in\u00fameras mat\u00e9rias para o \u2018Jornal Nacional\u2019.\n<\/p>\n<p>Ele deixa a tela da emissora ap\u00f3s 28 anos e coberturas relevantes, como crises de democracia em Pa\u00edses da Am\u00e9rica do Sul. \u201c&#8230; desta vez, quem caiu fui eu\u201d, lamentou numa rede social.\n<\/p>\n<p>Colega dele no jornalismo em Curitiba, Ana Zimmermann tamb\u00e9m foi demitida. \u201cQuando era jovem tinha o sonho de ser jornalista pra poder contar hist\u00f3rias\u201d, relembrou numa postagem. A estreia segurando o cobi\u00e7ado microfone da Globo foi em 1995. No \u2018Fant\u00e1stico\u2019 do dia 8 de dezembro, foi ao ar sua \u00faltima mat\u00e9ria no canal.\n<\/p>\n<p>\u201cGanhei muitos f\u00e3s, admiradores, muita conversa boa e caf\u00e9 passado na hora por quem me recebeu pra contar a pr\u00f3pria hist\u00f3ria. Muito perrengue tamb\u00e9m. Sem hor\u00e1rio pra acabar. Mas tudo acaba\u201d, conta. A experiente comunicadora diz que vai, ap\u00f3s 30 anos, curtir as festas de fim de ano sem pensar em plant\u00e3o na TV.\n<\/p>\n<p>Cleisla Garcia \u00e9 outra rep\u00f3rter admirada pelo p\u00fablico a terminar 2024 longe do trabalho que faz t\u00e3o bem. Foi dispensada pela Record, onde estava havia 19 anos. Em 2007, fez parte da equipe vencedora do pr\u00eamio Vladimir Herzog por mat\u00e9ria sobre direitos humanos. Antes, foram 12 anos na afiliada da Globo em Goi\u00e2nia.\n<\/p>\n<p>Espiritualista, a jornalista encarou a demiss\u00e3o com serenidade. \u201cEra o dia do \u00faltimo portal do ano. 12\/12\/2024. (fim de ciclos, novos recome\u00e7os alinhados aos prop\u00f3sitos universais da alma humana)\u201d, postou.\n<\/p>\n<p>Fonte: Terra              <\/p>\n<\/div>\n<p><br \/>\n<br \/><a href=\"https:\/\/diariodobrasilnoticias.com.br\/noticia\/reporteres-veteranos-estao-sendo-demitidos-por-conta-do-corte-de-despesas-das-tv-s-veja-alguns-deles-675efd8c1e1ef\">Source link <\/a><\/p>","protected":false},"excerpt":{"rendered":"<p>Ao inv\u00e9s de clima festivo pelo Natal, muitas emissoras oferecem a seus funcion\u00e1rios a tens\u00e3o promovida pelo RH: demiss\u00f5es de profissionais que atuam na frente e atr\u00e1s das c\u00e2meras. O&hellip;<\/p>","protected":false},"author":1,"featured_media":76891,"comment_status":"closed","ping_status":"open","sticky":false,"template":"","format":"standard","meta":{"content-type":"","footnotes":""},"categories":[16],"tags":[123,2448,5313,1267],"class_list":["post-76890","post","type-post","status-publish","format-standard","has-post-thumbnail","hentry","category-noticias","tag-brasil","tag-diario","tag-noticia","tag-noticias"],"_links":{"self":[{"href":"https:\/\/tvbrazilusa.com\/pt\/wp-json\/wp\/v2\/posts\/76890","targetHints":{"allow":["GET"]}}],"collection":[{"href":"https:\/\/tvbrazilusa.com\/pt\/wp-json\/wp\/v2\/posts"}],"about":[{"href":"https:\/\/tvbrazilusa.com\/pt\/wp-json\/wp\/v2\/types\/post"}],"author":[{"embeddable":true,"href":"https:\/\/tvbrazilusa.com\/pt\/wp-json\/wp\/v2\/users\/1"}],"replies":[{"embeddable":true,"href":"https:\/\/tvbrazilusa.com\/pt\/wp-json\/wp\/v2\/comments?post=76890"}],"version-history":[{"count":1,"href":"https:\/\/tvbrazilusa.com\/pt\/wp-json\/wp\/v2\/posts\/76890\/revisions"}],"predecessor-version":[{"id":76892,"href":"https:\/\/tvbrazilusa.com\/pt\/wp-json\/wp\/v2\/posts\/76890\/revisions\/76892"}],"wp:featuredmedia":[{"embeddable":true,"href":"https:\/\/tvbrazilusa.com\/pt\/wp-json\/wp\/v2\/media\/76891"}],"wp:attachment":[{"href":"https:\/\/tvbrazilusa.com\/pt\/wp-json\/wp\/v2\/media?parent=76890"}],"wp:term":[{"taxonomy":"category","embeddable":true,"href":"https:\/\/tvbrazilusa.com\/pt\/wp-json\/wp\/v2\/categories?post=76890"},{"taxonomy":"post_tag","embeddable":true,"href":"https:\/\/tvbrazilusa.com\/pt\/wp-json\/wp\/v2\/tags?post=76890"}],"curies":[{"name":"wp","href":"https:\/\/api.w.org\/{rel}","templated":true}]}}