{"id":76896,"date":"2024-12-15T19:26:23","date_gmt":"2024-12-15T19:26:23","guid":{"rendered":"https:\/\/tvbrazilusa.com\/2024\/12\/15\/mae-e-acusada-de-forjar-sequestro-para-extorquir-as-filhas-entenda-o-caso\/"},"modified":"2024-12-15T19:26:26","modified_gmt":"2024-12-15T19:26:26","slug":"mae-e-acusada-de-forjar-sequestro-para-extorquir-as-filhas-entenda-o-caso","status":"publish","type":"post","link":"https:\/\/tvbrazilusa.com\/pt\/2024\/12\/15\/mae-e-acusada-de-forjar-sequestro-para-extorquir-as-filhas-entenda-o-caso\/","title":{"rendered":"M\u00e3e \u00e9 acusada de forjar sequestro para extorquir as filhas; entenda o caso"},"content":{"rendered":"<p> <script async src=\"https:\/\/pagead2.googlesyndication.com\/pagead\/js\/adsbygoogle.js?client=ca-pub-8864793242727901\"\r\n     crossorigin=\"anonymous\"><\/script><br \/>\n<\/p>\n<div id=\"taboola-read-more\" style=\"display:block; width:100%\">\n<p>A Pol\u00edcia Civil de Mato Grosso prendeu, na \u00faltima sexta-feira (13), uma mulher suspeita de extorquir a pr\u00f3pria filha, em Confresa, no norte do estado.\n<\/p>\n<p>Segundo a Pol\u00edcia Civil, a investiga\u00e7\u00e3o teve in\u00edcio ap\u00f3s a v\u00edtima relatar \u00e0 corpora\u00e7\u00e3o que foi extorquida pela m\u00e3e, que foi em sua casa acompanhada de suspeitos armados. A v\u00edtima relatou tamb\u00e9m aos policiais que a m\u00e3e \u00e9 usu\u00e1ria de drogas.<\/p>\n<p>Al\u00e9m deste caso, a criminosa vendeu o celular da filha em um ponto de tr\u00e1fico no munic\u00edpio.\n<\/p>\n<p>Depois disso, os criminosos do local entraram em contato com a v\u00edtima informando que se n\u00e3o os pagasse, eles matariam a m\u00e3e dela, que estaria em c\u00e1rcere privado. Diante disso, agentes da Delegacia Especializada de Roubos e Furtos foram acionados para a ocorr\u00eancia.\n<\/p>\n<p>Contudo, ao chegarem no local, os policiais constataram que a mulher n\u00e3o era mantida ref\u00e9m e que na realidade atuava junto aos criminosos. Ela mandou mensagens para as duas filhas dizendo que estava sendo mantida em c\u00e1rcere privado com o intuito de extorqui-las.\n<\/p>\n<p>Durante abordagem na resid\u00eancia, os investigadores identificaram um homem, de 67 anos, com mandado de pris\u00e3o em aberto pela Comarca de Aren\u00e1polis, por um roubo seguido de morte ocorrido em 1996 e com a pris\u00e3o expedida e em aberto desde 2006.\n<\/p>\n<p>No total, a opera\u00e7\u00e3o intitulada Opera\u00e7\u00e3o Socius Rapina prendeu cinco suspeitos em flagrante, que foram autuados pelos crimes de extors\u00e3o, associa\u00e7\u00e3o criminosa e recepta\u00e7\u00e3o.\n<\/p>\n<p>Fonte: CNN              <\/p>\n<\/div>\n<p><br \/>\n<br \/><a href=\"https:\/\/diariodobrasilnoticias.com.br\/noticia\/mae-e-acusada-de-forjar-sequestro-para-extorquir-as-filhas-entenda-o-caso-675ef1bbebd3f\">Source link <\/a><\/p>","protected":false},"excerpt":{"rendered":"<p>A Pol\u00edcia Civil de Mato Grosso prendeu, na \u00faltima sexta-feira (13), uma mulher suspeita de extorquir a pr\u00f3pria filha, em Confresa, no norte do estado. Segundo a Pol\u00edcia Civil, a&hellip;<\/p>","protected":false},"author":1,"featured_media":76897,"comment_status":"closed","ping_status":"open","sticky":false,"template":"","format":"standard","meta":{"content-type":"","footnotes":""},"categories":[16],"tags":[123,2448,5313,1267],"class_list":["post-76896","post","type-post","status-publish","format-standard","has-post-thumbnail","hentry","category-noticias","tag-brasil","tag-diario","tag-noticia","tag-noticias"],"_links":{"self":[{"href":"https:\/\/tvbrazilusa.com\/pt\/wp-json\/wp\/v2\/posts\/76896","targetHints":{"allow":["GET"]}}],"collection":[{"href":"https:\/\/tvbrazilusa.com\/pt\/wp-json\/wp\/v2\/posts"}],"about":[{"href":"https:\/\/tvbrazilusa.com\/pt\/wp-json\/wp\/v2\/types\/post"}],"author":[{"embeddable":true,"href":"https:\/\/tvbrazilusa.com\/pt\/wp-json\/wp\/v2\/users\/1"}],"replies":[{"embeddable":true,"href":"https:\/\/tvbrazilusa.com\/pt\/wp-json\/wp\/v2\/comments?post=76896"}],"version-history":[{"count":1,"href":"https:\/\/tvbrazilusa.com\/pt\/wp-json\/wp\/v2\/posts\/76896\/revisions"}],"predecessor-version":[{"id":76898,"href":"https:\/\/tvbrazilusa.com\/pt\/wp-json\/wp\/v2\/posts\/76896\/revisions\/76898"}],"wp:featuredmedia":[{"embeddable":true,"href":"https:\/\/tvbrazilusa.com\/pt\/wp-json\/wp\/v2\/media\/76897"}],"wp:attachment":[{"href":"https:\/\/tvbrazilusa.com\/pt\/wp-json\/wp\/v2\/media?parent=76896"}],"wp:term":[{"taxonomy":"category","embeddable":true,"href":"https:\/\/tvbrazilusa.com\/pt\/wp-json\/wp\/v2\/categories?post=76896"},{"taxonomy":"post_tag","embeddable":true,"href":"https:\/\/tvbrazilusa.com\/pt\/wp-json\/wp\/v2\/tags?post=76896"}],"curies":[{"name":"wp","href":"https:\/\/api.w.org\/{rel}","templated":true}]}}