{"id":76902,"date":"2024-12-15T19:40:17","date_gmt":"2024-12-15T19:40:17","guid":{"rendered":"https:\/\/tvbrazilusa.com\/2024\/12\/15\/lula-passara-por-avaliacoes-medicas\/"},"modified":"2024-12-15T19:40:18","modified_gmt":"2024-12-15T19:40:18","slug":"lula-passara-por-avaliacoes-medicas","status":"publish","type":"post","link":"https:\/\/tvbrazilusa.com\/pt\/2024\/12\/15\/lula-passara-por-avaliacoes-medicas\/","title":{"rendered":"Lula passar\u00e1 por avalia\u00e7\u00f5es m\u00e9dicas"},"content":{"rendered":"<p> <script async src=\"https:\/\/pagead2.googlesyndication.com\/pagead\/js\/adsbygoogle.js?client=ca-pub-8864793242727901\"\r\n     crossorigin=\"anonymous\"><\/script><br \/>\n<\/p>\n<div id=\"taboola-read-more\" style=\"display:block; width:100%\">\n<p>O m\u00e9dico pessoal do presidente dr. Roberto Kalil afirmou em entrevista \u00e0 CNN que Lula ser\u00e1 monitorado e passar\u00e1 por algumas avalia\u00e7\u00f5es m\u00e9dicas at\u00e9 a pr\u00f3xima quinta-feira (19).\n<\/p>\n<p>\u201cEle teve alta hospitalar, ent\u00e3o \u00e9 claro que vai passar por algumas avalia\u00e7\u00f5es m\u00e9dicas, mas de rotina\u201d, afirmou Kalil. Disse ainda que\u00a0nenhum m\u00e9dico ficar\u00e1 na resid\u00eancia junto com Lula, mas h\u00e1 uma equipe, liderada pela doutora Ana Helena Germoglio nas proximidades.<\/p>\n<p>Na quinta-feira ser\u00e1 realizada uma tomografia para reavalia\u00e7\u00e3o do quadro de Lula quadro e, se o resultado correr conforme o previsto pelos m\u00e9dicos, o presidente poder\u00e1 retornar \u00e0 capital federal.\n<\/p>\n<p>Kalil explica que esse primeiro m\u00eas p\u00f3s-operat\u00f3rio requer mais \u201ccuidado\u201d e que o presidente deve ficar atento a sintomas como: dores de cabe\u00e7a e sonol\u00eancia.\n<\/p>\n<p>\u201cIsso [a hemorragia] foi uma situa\u00e7\u00e3o mais delicada, eu acho que a cautela se faz necess\u00e1ria.\u201d, completou.\n<\/p>\n<p>Lula, que ficar\u00e1 em sua resid\u00eancia na cidade de S\u00e3o Paulo at\u00e9 o pr\u00f3ximo dia 19, recebeu alta hospitalar neste domingo (15), depois de ter sido encaminhado \u00e0 sede do Hospital S\u00edrio-Liban\u00eas em Bras\u00edlia ao sentir dores de cabe\u00e7a e posteriormente transferido para o hospital na capital paulista.\n<\/p>\n<p><strong>CNN Brasil<\/strong>              <\/p>\n<\/div>\n<p><br \/>\n<br \/><a href=\"https:\/\/diariodobrasilnoticias.com.br\/noticia\/lula-passara-por-avaliacoes-medicas-675f2b337f48e\">Source link <\/a><\/p>","protected":false},"excerpt":{"rendered":"<p>O m\u00e9dico pessoal do presidente dr. Roberto Kalil afirmou em entrevista \u00e0 CNN que Lula ser\u00e1 monitorado e passar\u00e1 por algumas avalia\u00e7\u00f5es m\u00e9dicas at\u00e9 a pr\u00f3xima quinta-feira (19). \u201cEle teve&hellip;<\/p>","protected":false},"author":1,"featured_media":76903,"comment_status":"closed","ping_status":"open","sticky":false,"template":"","format":"standard","meta":{"content-type":"","footnotes":""},"categories":[16],"tags":[123,2448,5313,1267],"class_list":["post-76902","post","type-post","status-publish","format-standard","has-post-thumbnail","hentry","category-noticias","tag-brasil","tag-diario","tag-noticia","tag-noticias"],"_links":{"self":[{"href":"https:\/\/tvbrazilusa.com\/pt\/wp-json\/wp\/v2\/posts\/76902","targetHints":{"allow":["GET"]}}],"collection":[{"href":"https:\/\/tvbrazilusa.com\/pt\/wp-json\/wp\/v2\/posts"}],"about":[{"href":"https:\/\/tvbrazilusa.com\/pt\/wp-json\/wp\/v2\/types\/post"}],"author":[{"embeddable":true,"href":"https:\/\/tvbrazilusa.com\/pt\/wp-json\/wp\/v2\/users\/1"}],"replies":[{"embeddable":true,"href":"https:\/\/tvbrazilusa.com\/pt\/wp-json\/wp\/v2\/comments?post=76902"}],"version-history":[{"count":1,"href":"https:\/\/tvbrazilusa.com\/pt\/wp-json\/wp\/v2\/posts\/76902\/revisions"}],"predecessor-version":[{"id":76904,"href":"https:\/\/tvbrazilusa.com\/pt\/wp-json\/wp\/v2\/posts\/76902\/revisions\/76904"}],"wp:featuredmedia":[{"embeddable":true,"href":"https:\/\/tvbrazilusa.com\/pt\/wp-json\/wp\/v2\/media\/76903"}],"wp:attachment":[{"href":"https:\/\/tvbrazilusa.com\/pt\/wp-json\/wp\/v2\/media?parent=76902"}],"wp:term":[{"taxonomy":"category","embeddable":true,"href":"https:\/\/tvbrazilusa.com\/pt\/wp-json\/wp\/v2\/categories?post=76902"},{"taxonomy":"post_tag","embeddable":true,"href":"https:\/\/tvbrazilusa.com\/pt\/wp-json\/wp\/v2\/tags?post=76902"}],"curies":[{"name":"wp","href":"https:\/\/api.w.org\/{rel}","templated":true}]}}