{"id":76905,"date":"2024-12-15T19:50:53","date_gmt":"2024-12-15T19:50:53","guid":{"rendered":"https:\/\/tvbrazilusa.com\/2024\/12\/15\/video-influenciador-potiguar-que-subiu-a-rampa-com-lula-faz-criticas-ao-governo-e-vira-alvo-de-esquerdistas-nas-redes-sociais\/"},"modified":"2024-12-15T19:50:54","modified_gmt":"2024-12-15T19:50:54","slug":"video-influenciador-potiguar-que-subiu-a-rampa-com-lula-faz-criticas-ao-governo-e-vira-alvo-de-esquerdistas-nas-redes-sociais","status":"publish","type":"post","link":"https:\/\/tvbrazilusa.com\/pt\/2024\/12\/15\/video-influenciador-potiguar-que-subiu-a-rampa-com-lula-faz-criticas-ao-governo-e-vira-alvo-de-esquerdistas-nas-redes-sociais\/","title":{"rendered":"V\u00cdDEO: Influenciador potiguar que subiu a rampa com Lula faz cr\u00edticas ao governo e vira alvo de esquerdistas nas redes sociais"},"content":{"rendered":"<p> <script async src=\"https:\/\/pagead2.googlesyndication.com\/pagead\/js\/adsbygoogle.js?client=ca-pub-8864793242727901\"\r\n     crossorigin=\"anonymous\"><\/script><br \/>\n<\/p>\n<div>\n<div class=\"d-block d-md-none col-12 no-padding align-items-center\">\n<p><iframe title=\"Potiguar Ivan Baron faz cr\u00edticas ao governo Lula e vira alvo de esquerdistas nas redes sociais\" width=\"1170\" height=\"658\" src=\"https:\/\/www.youtube.com\/embed\/wbx3ecS6NVw?feature=oembed\" frameborder=\"0\" allow=\"accelerometer; autoplay; clipboard-write; encrypted-media; gyroscope; picture-in-picture; web-share\" referrerpolicy=\"strict-origin-when-cross-origin\" allowfullscreen><\/iframe>\n<\/p>\n<p>O influenciador potiguar Ivan Baron virou alvo de esquerdistas nas redes sociais ap\u00f3s fazer cr\u00edticas ao governo Lula em raz\u00e3o de mudan\u00e7as no BPC (Benef\u00edcio de Presta\u00e7\u00e3o Continuada) no pacote de corte de gastos. \u201cPessoas com defici\u00eancia pode sofrer um grande retrocesso\u201d, disse Baron em v\u00eddeo nas redes. Ap\u00f3s a repercuss\u00e3o, o v\u00eddeo foi exclu\u00eddo das redes do influenciador.<\/p>\n<p>O influenciador engajado na luta contra o capacitismo, que subiu a rampa do Planalto ao lado do Presidente Lula, representando a diversidade no Brasil comentou que \u201co atual governo federal anunciou um pacote de medidas fiscais para reduzir gastos e nele est\u00e1 inclu\u00eddo altera\u00e7\u00f5es no BPC, o Benef\u00edcio de Presta\u00e7\u00e3o Continuada, direito recebido por milhares de pessoas com defici\u00eancia em vulnerabilidade econ\u00f4mica\u201d.\n<\/p>\n<p>Entre alguns pontos, Ivan critica a imposi\u00e7\u00e3o de um cadastro biom\u00e9trico para ter acesso ao direito e a necessidade de atualiza\u00e7\u00e3o a cada 24 meses, o que segundo ele, vai dificultar o acesso ao benef\u00edcio. \u201cS\u00f3 vai servir como uma barreira burocr\u00e1tica. Defici\u00eancia \u00e9 algo permanente, ningu\u00e9m vai deixar de ter a cada 2 anos\u201d, diz Baron.\n<\/p>\n<p>O influenciador tamb\u00e9m aproveitou para criticar a forma como o plano de medidas fiscais do governo Lula define as pessoas com defici\u00eancia, que ele considerou capacitista.\n<\/p>\n<p>BG\n<\/p>\n<\/div>\n<\/div>\n<p><br \/>\n<br \/><a href=\"https:\/\/diariodobrasilnoticias.com.br\/noticia\/video-influenciador-potiguar-que-subiu-a-rampa-com-lula-faz-criticas-ao-governo-e-vira-alvo-de-esquerdistas-nas-redes-sociais-675f1941c5609\">Source link <\/a><\/p>","protected":false},"excerpt":{"rendered":"<p>O influenciador potiguar Ivan Baron virou alvo de esquerdistas nas redes sociais ap\u00f3s fazer cr\u00edticas ao governo Lula em raz\u00e3o de mudan\u00e7as no BPC (Benef\u00edcio de Presta\u00e7\u00e3o Continuada) no pacote&hellip;<\/p>","protected":false},"author":1,"featured_media":76906,"comment_status":"closed","ping_status":"open","sticky":false,"template":"","format":"standard","meta":{"content-type":"","footnotes":""},"categories":[16],"tags":[123,2448,5313,1267],"class_list":["post-76905","post","type-post","status-publish","format-standard","has-post-thumbnail","hentry","category-noticias","tag-brasil","tag-diario","tag-noticia","tag-noticias"],"_links":{"self":[{"href":"https:\/\/tvbrazilusa.com\/pt\/wp-json\/wp\/v2\/posts\/76905","targetHints":{"allow":["GET"]}}],"collection":[{"href":"https:\/\/tvbrazilusa.com\/pt\/wp-json\/wp\/v2\/posts"}],"about":[{"href":"https:\/\/tvbrazilusa.com\/pt\/wp-json\/wp\/v2\/types\/post"}],"author":[{"embeddable":true,"href":"https:\/\/tvbrazilusa.com\/pt\/wp-json\/wp\/v2\/users\/1"}],"replies":[{"embeddable":true,"href":"https:\/\/tvbrazilusa.com\/pt\/wp-json\/wp\/v2\/comments?post=76905"}],"version-history":[{"count":1,"href":"https:\/\/tvbrazilusa.com\/pt\/wp-json\/wp\/v2\/posts\/76905\/revisions"}],"predecessor-version":[{"id":76907,"href":"https:\/\/tvbrazilusa.com\/pt\/wp-json\/wp\/v2\/posts\/76905\/revisions\/76907"}],"wp:featuredmedia":[{"embeddable":true,"href":"https:\/\/tvbrazilusa.com\/pt\/wp-json\/wp\/v2\/media\/76906"}],"wp:attachment":[{"href":"https:\/\/tvbrazilusa.com\/pt\/wp-json\/wp\/v2\/media?parent=76905"}],"wp:term":[{"taxonomy":"category","embeddable":true,"href":"https:\/\/tvbrazilusa.com\/pt\/wp-json\/wp\/v2\/categories?post=76905"},{"taxonomy":"post_tag","embeddable":true,"href":"https:\/\/tvbrazilusa.com\/pt\/wp-json\/wp\/v2\/tags?post=76905"}],"curies":[{"name":"wp","href":"https:\/\/api.w.org\/{rel}","templated":true}]}}