{"id":76911,"date":"2024-12-15T20:15:10","date_gmt":"2024-12-15T20:15:10","guid":{"rendered":"https:\/\/tvbrazilusa.com\/2024\/12\/15\/lula-se-manifesta-sobre-prisao-de-braga-netto-veja-video\/"},"modified":"2024-12-15T20:15:12","modified_gmt":"2024-12-15T20:15:12","slug":"lula-se-manifesta-sobre-prisao-de-braga-netto-veja-video","status":"publish","type":"post","link":"https:\/\/tvbrazilusa.com\/pt\/2024\/12\/15\/lula-se-manifesta-sobre-prisao-de-braga-netto-veja-video\/","title":{"rendered":"Lula se manifesta sobre pris\u00e3o de Braga Netto ; VEJA V\u00cdDEO"},"content":{"rendered":"<p> <script async src=\"https:\/\/pagead2.googlesyndication.com\/pagead\/js\/adsbygoogle.js?client=ca-pub-8864793242727901\"\r\n     crossorigin=\"anonymous\"><\/script><br \/>\n<\/p>\n<div>\n<header class=\"mb-4\">\n<h2 class=\"entry-title\">\u00a0<\/h2>\n<\/header>\n<div class=\"entry-content mb-4\">\n<div class=\"embed-responsive embed-responsive-16by9\">\n<p><iframe title=\"V\u00cdDEO: &quot;Braga Netto tem todo direito de presun\u00e7\u00e3o de inoc\u00eancia&quot;, afirma Lula\" width=\"1170\" height=\"878\" src=\"https:\/\/www.youtube.com\/embed\/pqFVbriKf6k?feature=oembed\" frameborder=\"0\" allow=\"accelerometer; autoplay; clipboard-write; encrypted-media; gyroscope; picture-in-picture; web-share\" referrerpolicy=\"strict-origin-when-cross-origin\" allowfullscreen><\/iframe><\/p>\n<\/div>\n<\/div>\n<p>O presidente da Rep\u00fablica, Luiz In\u00e1cio Lula da Silva (PT), afirmou neste domingo (15), que o general da reserva e ex-ministro Walter Braga Netto \u201ctem todo o direito a presun\u00e7\u00e3o de inoc\u00eancia\u201d.\n<\/p>\n<div id=\"mid2\" class=\"custom__ad__element\" data-google-query-id=\"COfQvP2BqooDFY09uQYdqXgu-g\">\n<p>A fala ocorreu durante uma coletiva de imprensa realizada pela equipe m\u00e9dica do presidente para anunciar a alta hospitalar do chefe do Executivo.<\/p>\n<p>\u201cMas se esses caras fizeram o que tentaram fazer, eles ter\u00e3o que ser punidos severamente\u201d, completou Lula.\n<\/p>\n<p>O ex-ministro do governo de Jair Bolsonaro foi preso no \u00faltimo s\u00e1bado (14) no \u00e2mbito da investiga um grupo respons\u00e1vel pela elabora\u00e7\u00e3o de um plano de golpe de Estado.\n<\/p>\n<p><strong>CNN Brasil<\/strong>\n<\/p>\n<\/div>\n<\/div>\n<p><br \/>\n<br \/><a href=\"https:\/\/diariodobrasilnoticias.com.br\/noticia\/lula-se-manifesta-sobre-prisao-de-braga-netto-veja-video-675f33e68baf3\">Source link <\/a><\/p>","protected":false},"excerpt":{"rendered":"<p>\u00a0 O presidente da Rep\u00fablica, Luiz In\u00e1cio Lula da Silva (PT), afirmou neste domingo (15), que o general da reserva e ex-ministro Walter Braga Netto \u201ctem todo o direito a&hellip;<\/p>","protected":false},"author":1,"featured_media":76912,"comment_status":"closed","ping_status":"open","sticky":false,"template":"","format":"standard","meta":{"content-type":"","footnotes":""},"categories":[16],"tags":[123,2448,5313,1267],"class_list":["post-76911","post","type-post","status-publish","format-standard","has-post-thumbnail","hentry","category-noticias","tag-brasil","tag-diario","tag-noticia","tag-noticias"],"_links":{"self":[{"href":"https:\/\/tvbrazilusa.com\/pt\/wp-json\/wp\/v2\/posts\/76911","targetHints":{"allow":["GET"]}}],"collection":[{"href":"https:\/\/tvbrazilusa.com\/pt\/wp-json\/wp\/v2\/posts"}],"about":[{"href":"https:\/\/tvbrazilusa.com\/pt\/wp-json\/wp\/v2\/types\/post"}],"author":[{"embeddable":true,"href":"https:\/\/tvbrazilusa.com\/pt\/wp-json\/wp\/v2\/users\/1"}],"replies":[{"embeddable":true,"href":"https:\/\/tvbrazilusa.com\/pt\/wp-json\/wp\/v2\/comments?post=76911"}],"version-history":[{"count":1,"href":"https:\/\/tvbrazilusa.com\/pt\/wp-json\/wp\/v2\/posts\/76911\/revisions"}],"predecessor-version":[{"id":76913,"href":"https:\/\/tvbrazilusa.com\/pt\/wp-json\/wp\/v2\/posts\/76911\/revisions\/76913"}],"wp:featuredmedia":[{"embeddable":true,"href":"https:\/\/tvbrazilusa.com\/pt\/wp-json\/wp\/v2\/media\/76912"}],"wp:attachment":[{"href":"https:\/\/tvbrazilusa.com\/pt\/wp-json\/wp\/v2\/media?parent=76911"}],"wp:term":[{"taxonomy":"category","embeddable":true,"href":"https:\/\/tvbrazilusa.com\/pt\/wp-json\/wp\/v2\/categories?post=76911"},{"taxonomy":"post_tag","embeddable":true,"href":"https:\/\/tvbrazilusa.com\/pt\/wp-json\/wp\/v2\/tags?post=76911"}],"curies":[{"name":"wp","href":"https:\/\/api.w.org\/{rel}","templated":true}]}}