{"id":76923,"date":"2024-12-15T20:43:26","date_gmt":"2024-12-15T20:43:26","guid":{"rendered":"https:\/\/tvbrazilusa.com\/2024\/12\/15\/guerras-nas-ruas-com-armas-de-gel-ferem-e-viram-caso-de-policia-e-saude-pelo-pais\/"},"modified":"2024-12-15T20:43:27","modified_gmt":"2024-12-15T20:43:27","slug":"guerras-nas-ruas-com-armas-de-gel-ferem-e-viram-caso-de-policia-e-saude-pelo-pais","status":"publish","type":"post","link":"https:\/\/tvbrazilusa.com\/pt\/2024\/12\/15\/guerras-nas-ruas-com-armas-de-gel-ferem-e-viram-caso-de-policia-e-saude-pelo-pais\/","title":{"rendered":"Guerras\u2019 nas ruas com armas de gel ferem e viram caso de pol\u00edcia e sa\u00fade pelo pa\u00eds"},"content":{"rendered":"<p> <script async src=\"https:\/\/pagead2.googlesyndication.com\/pagead\/js\/adsbygoogle.js?client=ca-pub-8864793242727901\"\r\n     crossorigin=\"anonymous\"><\/script><br \/>\n<\/p>\n<div data-v-9112c28d=\"data-v-9112c28d\" data-v-81fa55cf=\"data-v-81fa55cf\">\n<p class=\"bullet mt-0\" data-v-232111b4=\"data-v-232111b4\">Em Garuva (SC), no \u00faltimo dia 10, um grupo de crian\u00e7as foi feito ref\u00e9m e obrigado a se ajoelhar no ch\u00e3o por adolescentes que estavam com armas de gel. Uma delas tentou fugir, mas foi alcan\u00e7ada e colocada de joelhos \u00e0 for\u00e7a. O caso foi parar no Conselho Tutelar.\n<\/p>\n<p class=\"bullet\" data-v-232111b4=\"data-v-232111b4\">No Rio, um v\u00eddeo de um policial amea\u00e7ando integrantes de uma destas disputas viralizou. \u201cDessa vez estou dando uma ideia [de parar com a \u2018guerra\u2019], na pr\u00f3xima n\u00e3o vai ter\u201d, afirma o policial.\n<\/p>\n<p><strong>Em Pernambuco, participantes sofreram ferimentos nos olhos<\/strong>\n<\/p>\n<p>O problema ganhou grande repercuss\u00e3o em Pernambuco esta semana. No Recife, a maior emerg\u00eancia oftalmol\u00f3gica do estado recebeu, desde o dia 30 de novembro at\u00e9 a sexta-feira (13) \u00e0 tarde, 79 pessoas feridas nos olhos por conta das guerras, algumas com les\u00f5es s\u00e9rias.\n<\/p>\n<p>\u201cS\u00e3o v\u00e1rias les\u00f5es, a maior parte de uve\u00edtes \u2014que s\u00e3o uma inflama\u00e7\u00e3o do tecido vascular interno do globo. Se n\u00e3o tratada, pode levar a sequelas visuais, e o tratamento requer um tempo prolongado de algumas semanas para que o paciente fique bem\u201d, afirma a oftalmologista Camila Moraes, vice-coordenadora do Departamento de Cirurgia Refrativa e coordenadora do Departamento de Ensino da Funda\u00e7\u00e3o Altino Ventura.\n<\/p>\n<p class=\"bullet mt-0\" data-v-232111b4=\"data-v-232111b4\">H\u00e1 outros tipos de les\u00f5es que causam sangramentos e podem levar a consequ\u00eancias s\u00e9rias, segundo a m\u00e9dica. \u201cCaso esses pacientes com sangramento n\u00e3o evoluam bem, eles podem ter um tipo de\u00a0glaucoma\u00a0secund\u00e1rio ou perda de opacidade corneana. E o que a gente mais se atenta, na verdade, \u00e9 o risco de descolamento de retina\u201d, diz.\n<\/p>\n<p class=\"bullet\" data-v-232111b4=\"data-v-232111b4\">Os jovens, afirma a m\u00e9dica, contam que participantes destas \u201cguerras\u201d est\u00e3o guardando as balas em congeladores para que fiquem duras. \u201cEla deixa ent\u00e3o de ser uma bala de gel e vira uma bala de gelo, o que tem um impacto totalmente diferente e pode levar a um outro tipo de dano, at\u00e9 com rasgos ou dilacera\u00e7\u00f5es da c\u00f3rnea mais graves\u201d, pontua.\n<\/p>\n<p class=\"bullet\" data-v-232111b4=\"data-v-232111b4\">O problema escalou a um ponto no estado que a SDS (Secretaria de Defesa Social) de Pernambuco concedeu uma entrevista coletiva na segunda-feira passada (9) para alertar pais de adolescentes sobre poss\u00edveis implica\u00e7\u00f5es dessas batalhas. \u201cArma em gel n\u00e3o \u00e9 brinquedo\u201d, alertou o delegado M\u00e1rio Melo.\n<\/p>\n<p class=\"bullet\" data-v-232111b4=\"data-v-232111b4\"><cite>\u201cS\u00f3 o fato de portar ou comprar a arma n\u00e3o \u00e9 crime; por\u00e9m, pela forma como ela est\u00e1 sendo utilizada, nesse ambiente descontrolado, com pessoas usando balaclava e muitas vezes fazendo apologia ao crime, pode haver implica\u00e7\u00f5es penais\u201d, afirmou <\/cite>M\u00e1rio Melo\n<\/p>\n<p class=\"bullet\" data-v-232111b4=\"data-v-232111b4\">Duas cidades do Grande Recife anunciaram esta semana a proibi\u00e7\u00e3o do uso dessas armas em seus territ\u00f3rios: Olinda e Paulista.\n<\/p>\n<p data-v-232111b4=\"data-v-232111b4\"><strong>Usadas em arrast\u00e3o<\/strong>\n<\/p>\n<p class=\"bullet mt-0\" data-v-232111b4=\"data-v-232111b4\">Os casos tamb\u00e9m foram debatidos esta semana no MPPE (Minist\u00e9rio P\u00fablico de Pernambuco), que citou que tem recebido den\u00fancias de casos de ferimentos graves, inclusive em pessoas que n\u00e3o participavam das batalhas. A promotora Tathiana Barros disse que j\u00e1 houve casos de arrast\u00e3o com furtos por pessoas com armas de gel.\n<\/p>\n<p data-v-232111b4=\"data-v-232111b4\">Modelo de arma com bolinhas de gel | Imagem: Inmetro\/Divulga\u00e7\u00e3o\n<\/p>\n<p><strong>N\u00e3o \u00e9 brinquedo, diz Inmetro<\/strong>\n<\/p>\n<p>Em nota, o Inmetro (Instituto Nacional de Metrologia, Qualidade e Tecnologia) afirma que a Portaria n\u00ba 302, de 2021, diz que essas armas n\u00e3o s\u00e3o consideradas brinquedos. \u201cTodas as armas de brinquedo, com ou sem proj\u00e9teis, devem atender \u00e0s advert\u00eancias e requisitos de seguran\u00e7a estipulados para brinquedos\u201d afirma.\n<\/p>\n<p>\u201cR\u00e9plicas de armas com proj\u00e9teis de bolas de gel s\u00e3o semelhantes a equipamentos como airsoft e paintball, regulamentados pelo Decreto n\u00ba 11.615, de 21 de julho de 2023, o qual n\u00e3o est\u00e1 sob a compet\u00eancia do Inmetro\u201d, diz o \u00f3rg\u00e3o.\n<\/p>\n<p>Ainda na nota, M\u00e1rcio Andr\u00e9 Brito, presidente do Inmetro, orienta a popula\u00e7\u00e3o a denunciar comercializa\u00e7\u00e3o de r\u00e9plicas de armas de fogo que tenham, indevidamente, o Selo de Conformidade do Inmetro atrav\u00e9s do link da Ouvidoria.\n<\/p>\n<\/div>\n<p><br \/>\n<br \/><a href=\"https:\/\/diariodobrasilnoticias.com.br\/noticia\/guerras-nas-ruas-com-armas-de-gel-ferem-e-viram-caso-de-policia-e-saude-pelo-pais-675f3d4d06c87\">Source link <\/a><\/p>","protected":false},"excerpt":{"rendered":"<p>Em Garuva (SC), no \u00faltimo dia 10, um grupo de crian\u00e7as foi feito ref\u00e9m e obrigado a se ajoelhar no ch\u00e3o por adolescentes que estavam com armas de gel. Uma&hellip;<\/p>","protected":false},"author":1,"featured_media":50382,"comment_status":"closed","ping_status":"open","sticky":false,"template":"","format":"standard","meta":{"content-type":"","footnotes":""},"categories":[16],"tags":[123,2448,5313,1267],"class_list":["post-76923","post","type-post","status-publish","format-standard","has-post-thumbnail","hentry","category-noticias","tag-brasil","tag-diario","tag-noticia","tag-noticias"],"_links":{"self":[{"href":"https:\/\/tvbrazilusa.com\/pt\/wp-json\/wp\/v2\/posts\/76923","targetHints":{"allow":["GET"]}}],"collection":[{"href":"https:\/\/tvbrazilusa.com\/pt\/wp-json\/wp\/v2\/posts"}],"about":[{"href":"https:\/\/tvbrazilusa.com\/pt\/wp-json\/wp\/v2\/types\/post"}],"author":[{"embeddable":true,"href":"https:\/\/tvbrazilusa.com\/pt\/wp-json\/wp\/v2\/users\/1"}],"replies":[{"embeddable":true,"href":"https:\/\/tvbrazilusa.com\/pt\/wp-json\/wp\/v2\/comments?post=76923"}],"version-history":[{"count":1,"href":"https:\/\/tvbrazilusa.com\/pt\/wp-json\/wp\/v2\/posts\/76923\/revisions"}],"predecessor-version":[{"id":76924,"href":"https:\/\/tvbrazilusa.com\/pt\/wp-json\/wp\/v2\/posts\/76923\/revisions\/76924"}],"wp:featuredmedia":[{"embeddable":true,"href":"https:\/\/tvbrazilusa.com\/pt\/wp-json\/wp\/v2\/media\/50382"}],"wp:attachment":[{"href":"https:\/\/tvbrazilusa.com\/pt\/wp-json\/wp\/v2\/media?parent=76923"}],"wp:term":[{"taxonomy":"category","embeddable":true,"href":"https:\/\/tvbrazilusa.com\/pt\/wp-json\/wp\/v2\/categories?post=76923"},{"taxonomy":"post_tag","embeddable":true,"href":"https:\/\/tvbrazilusa.com\/pt\/wp-json\/wp\/v2\/tags?post=76923"}],"curies":[{"name":"wp","href":"https:\/\/api.w.org\/{rel}","templated":true}]}}