{"id":76925,"date":"2024-12-15T20:55:18","date_gmt":"2024-12-15T20:55:18","guid":{"rendered":"https:\/\/tvbrazilusa.com\/2024\/12\/15\/ex-funcionario-da-openai-que-denunciou-publicamente-as-praticas-da-empresa-e-encontrado-morto-no-proprio-apartamento\/"},"modified":"2024-12-15T20:55:19","modified_gmt":"2024-12-15T20:55:19","slug":"ex-funcionario-da-openai-que-denunciou-publicamente-as-praticas-da-empresa-e-encontrado-morto-no-proprio-apartamento","status":"publish","type":"post","link":"https:\/\/tvbrazilusa.com\/pt\/2024\/12\/15\/ex-funcionario-da-openai-que-denunciou-publicamente-as-praticas-da-empresa-e-encontrado-morto-no-proprio-apartamento\/","title":{"rendered":"Ex-funcion\u00e1rio da OpenAI que denunciou publicamente as pr\u00e1ticas da empresa \u00e9 encontrado morto no pr\u00f3prio apartamento"},"content":{"rendered":"<p> <script async src=\"https:\/\/pagead2.googlesyndication.com\/pagead\/js\/adsbygoogle.js?client=ca-pub-8864793242727901\"\r\n     crossorigin=\"anonymous\"><\/script><br \/>\n<\/p>\n<div data-unique=\"jnews_module_242846_0_675f2c4b797e5\">\n<div class=\"jeg_block_heading jeg_block_heading_8 jeg_subcat_right\">\n<h3 class=\"jeg_block_title\"><strong>A motiva\u00e7\u00e3o de Suchir Balaji para expor a situa\u00e7\u00e3o teria sido um sentimento de obriga\u00e7\u00e3o em rela\u00e7\u00e3o \u00e0 \u00e9tica e \u00e0 responsabilidade digital. Em uma entrevista concedida ao New York Times, ele expressou preocupa\u00e7\u00e3o sobre como a OpenAI estaria comprometendo a legitimidade dos conte\u00fados na internet atrav\u00e9s de viola\u00e7\u00f5es de copyright. Al\u00e9m disso, Balaji alertava para os impactos negativos que essas tecnologias poderiam ter sobre a forma como consumimos e interagimos com informa\u00e7\u00f5es online.<\/strong><\/h3>\n<h2 class=\"wp-block-heading\">Alega\u00e7\u00f5es de viola\u00e7\u00e3o de direitos autorais pela OpenAI<\/h2>\n<p>As acusa\u00e7\u00f5es contra a OpenAI n\u00e3o vieram somente de Balaji. Nos \u00faltimos meses, tanto ve\u00edculos de imprensa renomados quanto autores de best-sellers, como John Grisham, moveram a\u00e7\u00f5es judiciais contra a empresa. Alegam que suas obras estariam sendo utilizadas sem autoriza\u00e7\u00e3o. A OpenAI, por sua vez, defende que seu modelo de treinamento utiliza dados de acesso p\u00fablico e respeita os princ\u00edpios do uso justo e das leis internacionais de direitos autorais.\n<\/p>\n<p>Em rea\u00e7\u00e3o \u00e0s alega\u00e7\u00f5es, a OpenAI apresentou esclarecimentos sobre suas pr\u00e1ticas. A empresa argumenta que opera dentro dos limites legais, apoiando a inova\u00e7\u00e3o e respeitando a propriedade intelectual. Um porta-voz expressou tristeza pela perda de Balaji, refor\u00e7ando seu compromisso com pr\u00e1ticas \u00e9ticas e legais. Este incidente lan\u00e7a luz sobre a crescente preocupa\u00e7\u00e3o com a maneira como as gigantes tecnol\u00f3gicas gerenciam e utilizam\u00a0<strong>dados sens\u00edveis<\/strong>\u00a0em suas opera\u00e7\u00f5es.\n<\/p>\n<h2 class=\"wp-block-heading\">Recursos dispon\u00edveis para pessoas com sinais de alerta para o suic\u00eddio<\/h2>\n<p>O caso tamb\u00e9m destaca a import\u00e2ncia do apoio \u00e0 sa\u00fade mental. Para aqueles que enfrentam dificuldades similares ou conhecem algu\u00e9m que precise de ajuda, entidades como o\u00a0<strong>Centro de Valoriza\u00e7\u00e3o da Vida<\/strong>\u00a0(CVV) est\u00e3o dispon\u00edveis. Oferecem suporte 24 horas por dia gratuitamente pelo telefone 188, al\u00e9m de chat online, e-mail e atendimento presencial no Brasil. Jovens podem utilizar o servi\u00e7o\u00a0<em>Pode Falar<\/em>\u00a0da Unicef, al\u00e9m de outras op\u00e7\u00f5es emergenciais como Bombeiros (193) e SAMU (192).\n<\/p>\n<p>Com informa\u00e7oes terra brasil noticias\n<\/p>\n<\/div>\n<\/div>\n<p><br \/>\n<br \/><a href=\"https:\/\/diariodobrasilnoticias.com.br\/noticia\/ex-funcionario-da-openai-que-denunciou-publicamente-as-praticas-da-empresa-e-encontrado-morto-no-proprio-apartamento-675f3e39b3d5b\">Source link <\/a><\/p>","protected":false},"excerpt":{"rendered":"<p>A motiva\u00e7\u00e3o de Suchir Balaji para expor a situa\u00e7\u00e3o teria sido um sentimento de obriga\u00e7\u00e3o em rela\u00e7\u00e3o \u00e0 \u00e9tica e \u00e0 responsabilidade digital. Em uma entrevista concedida ao New York&hellip;<\/p>","protected":false},"author":1,"featured_media":76926,"comment_status":"closed","ping_status":"open","sticky":false,"template":"","format":"standard","meta":{"content-type":"","footnotes":""},"categories":[16],"tags":[123,2448,5313,1267],"class_list":["post-76925","post","type-post","status-publish","format-standard","has-post-thumbnail","hentry","category-noticias","tag-brasil","tag-diario","tag-noticia","tag-noticias"],"_links":{"self":[{"href":"https:\/\/tvbrazilusa.com\/pt\/wp-json\/wp\/v2\/posts\/76925","targetHints":{"allow":["GET"]}}],"collection":[{"href":"https:\/\/tvbrazilusa.com\/pt\/wp-json\/wp\/v2\/posts"}],"about":[{"href":"https:\/\/tvbrazilusa.com\/pt\/wp-json\/wp\/v2\/types\/post"}],"author":[{"embeddable":true,"href":"https:\/\/tvbrazilusa.com\/pt\/wp-json\/wp\/v2\/users\/1"}],"replies":[{"embeddable":true,"href":"https:\/\/tvbrazilusa.com\/pt\/wp-json\/wp\/v2\/comments?post=76925"}],"version-history":[{"count":1,"href":"https:\/\/tvbrazilusa.com\/pt\/wp-json\/wp\/v2\/posts\/76925\/revisions"}],"predecessor-version":[{"id":76927,"href":"https:\/\/tvbrazilusa.com\/pt\/wp-json\/wp\/v2\/posts\/76925\/revisions\/76927"}],"wp:featuredmedia":[{"embeddable":true,"href":"https:\/\/tvbrazilusa.com\/pt\/wp-json\/wp\/v2\/media\/76926"}],"wp:attachment":[{"href":"https:\/\/tvbrazilusa.com\/pt\/wp-json\/wp\/v2\/media?parent=76925"}],"wp:term":[{"taxonomy":"category","embeddable":true,"href":"https:\/\/tvbrazilusa.com\/pt\/wp-json\/wp\/v2\/categories?post=76925"},{"taxonomy":"post_tag","embeddable":true,"href":"https:\/\/tvbrazilusa.com\/pt\/wp-json\/wp\/v2\/tags?post=76925"}],"curies":[{"name":"wp","href":"https:\/\/api.w.org\/{rel}","templated":true}]}}