{"id":76928,"date":"2024-12-15T21:07:29","date_gmt":"2024-12-15T21:07:29","guid":{"rendered":"https:\/\/tvbrazilusa.com\/2024\/12\/15\/funcionario-da-globo-gravou-video-antes-de-morrer-veja-video\/"},"modified":"2024-12-15T21:07:31","modified_gmt":"2024-12-15T21:07:31","slug":"funcionario-da-globo-gravou-video-antes-de-morrer-veja-video","status":"publish","type":"post","link":"https:\/\/tvbrazilusa.com\/pt\/2024\/12\/15\/funcionario-da-globo-gravou-video-antes-de-morrer-veja-video\/","title":{"rendered":"Funcion\u00e1rio da Globo gravou v\u00eddeo antes de morrer : VEJA VIDEO"},"content":{"rendered":"<p> <script async src=\"https:\/\/pagead2.googlesyndication.com\/pagead\/js\/adsbygoogle.js?client=ca-pub-8864793242727901\"\r\n     crossorigin=\"anonymous\"><\/script><br \/>\n<\/p>\n<div id=\"taboola-read-more\" style=\"display:block; width:100%\">\n<p>O funcion\u00e1rio da Globo\u00a0<a href=\"https:\/\/www.instagram.com\/lobinho_lima32\" target=\"_blank\" rel=\"noopener noreferrer\">Jhonata Lima Almeida<\/a>, de 30 anos,\u00a0<a href=\"https:\/\/www.metropoles.com\/colunas\/fabia-oliveira\/funcionario-da-globo-morre-apos-ser-confundido-com-miliciano-em-bar\" target=\"_blank\" rel=\"noopener noreferrer\">foi uma das v\u00edtimas de um ataque a tiros<\/a>\u00a0em um bar no bairro Prado Verdes, em Nova Igua\u00e7u, na Baixada Fluminense do Rio de Janeiro. O jovem gravou um v\u00eddeo usando um uniforme da emissora, pouco tempo antes de morrer, e publicou nas redes sociais.\n<\/p>\n<p>\u00a0<\/p>\n<p data-gtm-vis-recent-on-screen104869357_94=\"38404\" data-gtm-vis-first-on-screen104869357_94=\"38404\" data-gtm-vis-total-visible-time104869357_94=\"100\" data-gtm-vis-has-fired104869357_94=\"1\">Jhonata trabalhava como montador de cenografia nos Est\u00fadios Globo. Ele estava na emissora h\u00e1 mais de 12 anos, de acordo com amigos, e era querido por muitas pessoas.<\/p>\n<p data-gtm-vis-recent-on-screen104869357_94=\"38404\" data-gtm-vis-first-on-screen104869357_94=\"38404\" data-gtm-vis-total-visible-time104869357_94=\"100\" data-gtm-vis-has-fired104869357_94=\"1\">Ainda segundo amigos, os pais de Jhonata foram morar nos Estados Unidos h\u00e1 alguns meses para fugir da viol\u00eancia do Rio de Janeiro. O funcion\u00e1rio da Globo deixa uma esposa e tr\u00eas filhos: Maria Eduarda, de 13 anos, Caio, de 11, e Alice, de 8.\n<\/p>\n<p>O sepultamento est\u00e1 marcado para segunda-feira 16\/12), no Cemit\u00e9rio de Sulacap.\n<\/p>\n<p>O sepultamento est\u00e1 marcado para segunda-feira 16\/12), no Cemit\u00e9rio de Sulacap.\n<\/p>\n<p><iframe title=\"Admir\u00e1vel Base Vertical_1.mp4\" src=\"https:\/\/cdn.jwplayer.com\/players\/FNxghaZr-65fVsHCx.html\" width=\"100%\" height=\"100%\" frameborder=\"0\" scrolling=\"auto\" allowfullscreen=\"allowfullscreen\" data-mce-fragment=\"1\"><\/iframe><\/p>\n<h4>A morte do funcion\u00e1rio da Globo<\/h4>\n<p>Cinco pessoas foram baleadas, na noite de s\u00e1bado (14\/12), em um bar no bairro Prado Verdes, em Nova Igua\u00e7u, na Baixada Fluminense do Rio de Janeiro. Tr\u00eas delas morreram no local, sendo uma o funcion\u00e1rio da Globo.\n<\/p>\n<p>\u00a0<\/p>\n<p>Segundo as primeiras informa\u00e7\u00f5es de testemunhas, o grupo teria sido confundido com milicianos da regi\u00e3o que deixaram o estabelecimento momentos antes do ataque. Ap\u00f3s irem embora, as v\u00edtimas chegaram e se sentaram na mesma mesa. Em seguida, homens armados passaram atirando na dire\u00e7\u00e3o do grupo.\n<\/p>\n<p>Al\u00e9m do funcion\u00e1rio da Globo, morreram no local: Leanderson Luiz Ferreira, de 39 anos, integrante da Marinha do Brasil e Rodrigo Assis da Silva Junior, de 24 anos, conhecido como Jacar\u00e9.\n<\/p>\n<p>Um dos baleados foi socorrido e levado para o Hospital Municipal Rocha Faria. Segundo a Secretaria Municipal de Sa\u00fade do Rio, o estado de sa\u00fade do rapaz \u00e9 est\u00e1vel. Uma outra pessoa foi levada para o Hospital Geral de Nova Igua\u00e7u.\n<\/p>\n<p>Em nota, a Pol\u00edcia Civil informou que \u201cdilig\u00eancias est\u00e3o em andamento para apurar a autoria e a motiva\u00e7\u00e3o do crime\u201d.\n<\/p>\n<p>\u00a0<\/p>\n<p>\u201cA Delegacia de Homic\u00eddios da Baixada Fluminense (DHBF) foi acionada e investiga as mortes de Leanderson Luiz Ferreira, de 39 anos, Jhonata Lima Almeida, de 30 anos, e Rodrigo Assis da Silva J\u00fanior, de 24 anos. Na a\u00e7\u00e3o criminosa, outros dois homens ficaram feridos. Dilig\u00eancias est\u00e3o em andamento para apurar a autoria e a motiva\u00e7\u00e3o do crime\u201d.\n<\/p>\n<p>Com informa\u00e7oes metropoles              <\/p>\n<\/div>\n<p><script async src=\"\/\/www.instagram.com\/embed.js\"><\/script><br \/>\n<br \/><br \/>\n<br \/><a href=\"https:\/\/diariodobrasilnoticias.com.br\/noticia\/funcionario-da-globo-gravou-video-antes-de-morrer-veja-video-675f42e9cba6c\">Source link <\/a><\/p>","protected":false},"excerpt":{"rendered":"<p>O funcion\u00e1rio da Globo\u00a0Jhonata Lima Almeida, de 30 anos,\u00a0foi uma das v\u00edtimas de um ataque a tiros\u00a0em um bar no bairro Prado Verdes, em Nova Igua\u00e7u, na Baixada Fluminense do&hellip;<\/p>","protected":false},"author":1,"featured_media":76929,"comment_status":"closed","ping_status":"open","sticky":false,"template":"","format":"standard","meta":{"content-type":"","footnotes":""},"categories":[16],"tags":[123,2448,5313,1267],"class_list":["post-76928","post","type-post","status-publish","format-standard","has-post-thumbnail","hentry","category-noticias","tag-brasil","tag-diario","tag-noticia","tag-noticias"],"_links":{"self":[{"href":"https:\/\/tvbrazilusa.com\/pt\/wp-json\/wp\/v2\/posts\/76928","targetHints":{"allow":["GET"]}}],"collection":[{"href":"https:\/\/tvbrazilusa.com\/pt\/wp-json\/wp\/v2\/posts"}],"about":[{"href":"https:\/\/tvbrazilusa.com\/pt\/wp-json\/wp\/v2\/types\/post"}],"author":[{"embeddable":true,"href":"https:\/\/tvbrazilusa.com\/pt\/wp-json\/wp\/v2\/users\/1"}],"replies":[{"embeddable":true,"href":"https:\/\/tvbrazilusa.com\/pt\/wp-json\/wp\/v2\/comments?post=76928"}],"version-history":[{"count":1,"href":"https:\/\/tvbrazilusa.com\/pt\/wp-json\/wp\/v2\/posts\/76928\/revisions"}],"predecessor-version":[{"id":76930,"href":"https:\/\/tvbrazilusa.com\/pt\/wp-json\/wp\/v2\/posts\/76928\/revisions\/76930"}],"wp:featuredmedia":[{"embeddable":true,"href":"https:\/\/tvbrazilusa.com\/pt\/wp-json\/wp\/v2\/media\/76929"}],"wp:attachment":[{"href":"https:\/\/tvbrazilusa.com\/pt\/wp-json\/wp\/v2\/media?parent=76928"}],"wp:term":[{"taxonomy":"category","embeddable":true,"href":"https:\/\/tvbrazilusa.com\/pt\/wp-json\/wp\/v2\/categories?post=76928"},{"taxonomy":"post_tag","embeddable":true,"href":"https:\/\/tvbrazilusa.com\/pt\/wp-json\/wp\/v2\/tags?post=76928"}],"curies":[{"name":"wp","href":"https:\/\/api.w.org\/{rel}","templated":true}]}}