{"id":76933,"date":"2024-12-15T21:19:20","date_gmt":"2024-12-15T21:19:20","guid":{"rendered":"https:\/\/tvbrazilusa.com\/2024\/12\/15\/jovem-morre-apos-cair-do-quinto-andar-em-confraternizacao\/"},"modified":"2024-12-15T21:19:22","modified_gmt":"2024-12-15T21:19:22","slug":"jovem-morre-apos-cair-do-quinto-andar-em-confraternizacao","status":"publish","type":"post","link":"https:\/\/tvbrazilusa.com\/pt\/2024\/12\/15\/jovem-morre-apos-cair-do-quinto-andar-em-confraternizacao\/","title":{"rendered":"Jovem morre ap\u00f3s cair do quinto andar em confraterniza\u00e7\u00e3o"},"content":{"rendered":"<p> <script async src=\"https:\/\/pagead2.googlesyndication.com\/pagead\/js\/adsbygoogle.js?client=ca-pub-8864793242727901\"\r\n     crossorigin=\"anonymous\"><\/script><br \/>\n<\/p>\n<div>\n<figure class=\"post-image\">\n<\/figure>\n<p>            <span style=\"font-size: 12px\">Foto: REPRODU\u00c7\u00c3O &#8220;pleno.news&#8221;<\/span><\/p>\n<p>            <!-- end metas --><br \/>\n            <!-- ADS --><\/p>\n<div id=\"taboola-read-more\" style=\"display:block; width:100%\">\n<p>Um jovem morreu na madrugada deste s\u00e1bado (14) ap\u00f3s cair do quinto andar de um pr\u00e9dio em Santa Maria, no Rio Grande do Sul. A v\u00edtima foi identificada pela Pol\u00edcia Civil como Gabriel Scapin, de 26 anos.\n<\/p>\n<p>Segundo investiga\u00e7\u00f5es preliminares, Gabriel participava de uma confraterniza\u00e7\u00e3o com amigos em um apartamento localizado no centro da cidade. Durante o encontro, ele se apoiou em uma mureta de madeira na sacada, que acabou cedendo. O jovem caiu do quinto andar sobre uma grade de ferro no t\u00e9rreo, o que teria provocado sua morte.<\/p>\n<p>O Servi\u00e7o de Atendimento M\u00f3vel de Urg\u00eancia (Samu) e a Brigada Militar foram acionados por volta das 3h da manh\u00e3 e constataram o \u00f3bito no local. A Pol\u00edcia Civil considera o caso como um acidente, mas informou que vai aprofundar a investiga\u00e7\u00e3o para esclarecer as circunst\u00e2ncias da queda e avaliar as condi\u00e7\u00f5es estruturais da mureta, ainda segundo o G1.\n<\/p>\n<p>Gabriel Scapin era engenheiro civil formado pela Universidade Federal de Santa Maria (UFSM) e morava com o irm\u00e3o na mesma cidade onde concluiu sua gradua\u00e7\u00e3o.\n<\/p>\n<p>O vel\u00f3rio e o sepultamento ocorrem neste domingo (15) em Frederico Westphalen, sua cidade natal, localizada no interior do RS.\n<\/p>\n<p>Com informa\u00e7oes pleno news              <\/p>\n<\/div>\n<p>                        <!-- Scripts para conteudo --><\/p>\n<p>            <!-- .\/Scripts para conteudo --><br \/>\n            <!-- .\/Mat\u00e9ria --><\/p>\n<div class=\"row mt-3\">\n<div class=\"col-sm-6\">\n                <!-- Whatsapp channel 3--><br \/>\n                <a href=\"https:\/\/chat.whatsapp.com\/J6hwSKYns5B0XFowx2wZ0P\" target=\"_blank\"><br \/>\n                  <img decoding=\"async\" src=\"https:\/\/diariodobrasilnoticias.com.br\/assets-site\/images\/bot_whatsapp.png\"\/><\/a>\n              <\/div>\n<div class=\"col-sm-6\">\n                <a href=\"https:\/\/t.me\/+_4gTmi5LKo03OTM5\" target=\"_blank\"><br \/>\n                  <img decoding=\"async\" src=\"https:\/\/diariodobrasilnoticias.com.br\/assets-site\/images\/bot_telegram.png\"\/><\/a>\n              <\/div>\n<\/p><\/div>\n<p>            <!-- end post-navigation --><\/p>\n<p>              <!-- end row --><\/p>\n<p>              <!-- end col-12-->\n                      <\/div>\n<p><br \/>\n<br \/><a href=\"https:\/\/diariodobrasilnoticias.com.br\/noticia\/jovem-morre-apos-cair-do-quinto-andar-em-confraternizacao-675f44cb7c6a1\">Source link <\/a><\/p>","protected":false},"excerpt":{"rendered":"<p>Foto: REPRODU\u00c7\u00c3O &#8220;pleno.news&#8221; Um jovem morreu na madrugada deste s\u00e1bado (14) ap\u00f3s cair do quinto andar de um pr\u00e9dio em Santa Maria, no Rio Grande do Sul. A v\u00edtima foi&hellip;<\/p>","protected":false},"author":1,"featured_media":76934,"comment_status":"closed","ping_status":"open","sticky":false,"template":"","format":"standard","meta":{"content-type":"","footnotes":""},"categories":[16],"tags":[123,2448,5313,1267],"class_list":["post-76933","post","type-post","status-publish","format-standard","has-post-thumbnail","hentry","category-noticias","tag-brasil","tag-diario","tag-noticia","tag-noticias"],"_links":{"self":[{"href":"https:\/\/tvbrazilusa.com\/pt\/wp-json\/wp\/v2\/posts\/76933","targetHints":{"allow":["GET"]}}],"collection":[{"href":"https:\/\/tvbrazilusa.com\/pt\/wp-json\/wp\/v2\/posts"}],"about":[{"href":"https:\/\/tvbrazilusa.com\/pt\/wp-json\/wp\/v2\/types\/post"}],"author":[{"embeddable":true,"href":"https:\/\/tvbrazilusa.com\/pt\/wp-json\/wp\/v2\/users\/1"}],"replies":[{"embeddable":true,"href":"https:\/\/tvbrazilusa.com\/pt\/wp-json\/wp\/v2\/comments?post=76933"}],"version-history":[{"count":1,"href":"https:\/\/tvbrazilusa.com\/pt\/wp-json\/wp\/v2\/posts\/76933\/revisions"}],"predecessor-version":[{"id":76935,"href":"https:\/\/tvbrazilusa.com\/pt\/wp-json\/wp\/v2\/posts\/76933\/revisions\/76935"}],"wp:featuredmedia":[{"embeddable":true,"href":"https:\/\/tvbrazilusa.com\/pt\/wp-json\/wp\/v2\/media\/76934"}],"wp:attachment":[{"href":"https:\/\/tvbrazilusa.com\/pt\/wp-json\/wp\/v2\/media?parent=76933"}],"wp:term":[{"taxonomy":"category","embeddable":true,"href":"https:\/\/tvbrazilusa.com\/pt\/wp-json\/wp\/v2\/categories?post=76933"},{"taxonomy":"post_tag","embeddable":true,"href":"https:\/\/tvbrazilusa.com\/pt\/wp-json\/wp\/v2\/tags?post=76933"}],"curies":[{"name":"wp","href":"https:\/\/api.w.org\/{rel}","templated":true}]}}