{"id":7698,"date":"2024-07-10T16:06:52","date_gmt":"2024-07-10T16:06:52","guid":{"rendered":"https:\/\/tvbrazilusa.com\/2024\/07\/10\/arts-picks-12-a-14-de-julho-jacksonville-today\/"},"modified":"2024-07-24T16:55:00","modified_gmt":"2024-07-24T16:55:00","slug":"arts-picks-12-a-14-de-julho-jacksonville-today","status":"publish","type":"post","link":"https:\/\/tvbrazilusa.com\/pt\/2024\/07\/10\/arts-picks-12-a-14-de-julho-jacksonville-today\/","title":{"rendered":"ARTS PICKS | 12 a 14 de julho &#8211; Jacksonville Today"},"content":{"rendered":"<p> <script async src=\"https:\/\/pagead2.googlesyndication.com\/pagead\/js\/adsbygoogle.js?client=ca-pub-8864793242727901\"\r\n     crossorigin=\"anonymous\"><\/script><br \/>\n<\/p>\n<div>\n<p>Jacksonville Hoje<em> O editor de arte e cultura Matt Shaw compartilha suas escolhas de arte e cultura para o fim de semana.<\/em><\/p>\n<div class=\"wp-block-image\">\n<figure class=\"aligncenter size-full is-resized\"><\/figure>\n<\/div>\n<p><strong>Sexta e S\u00e1bado <\/strong><\/p>\n<p><strong><em>Queima lenta<\/em>: <em>O sonho americano<\/em> e <em>A hist\u00f3ria do zool\u00f3gico<\/em><\/strong><\/p>\n<p><strong>Igreja de S\u00e3o Marcos | S\u00e3o Marcos<\/strong><\/p>\n<p>A produtora regional Lumen Repertory Theatre traz os poderosos atos \u00fanicos do dramaturgo Edward Albee <em>O sonho americano<\/em> e <em>A hist\u00f3ria do zool\u00f3gico<\/em> ao palco para uma produ\u00e7\u00e3o dois em um que vai at\u00e9 o final do m\u00eas. O famoso ator e diretor David Alford (mais conhecido por seu papel no drama de televis\u00e3o <em>Nashville<\/em>) assume a dire\u00e7\u00e3o da s\u00e1tira negra <em>O sonho americano<\/em> e co-dirige e atua na tragicom\u00e9dia absurda <em>A hist\u00f3ria do zool\u00f3gico<\/em>. As apresenta\u00e7\u00f5es de abertura de sexta e s\u00e1bado s\u00e3o em <strong>20h<\/strong> <a href=\"https:\/\/www.lumenrep.org\/shows\/slowburn\" target=\"_blank\" rel=\"noreferrer noopener\">Ingressos e mais informa\u00e7\u00f5es<\/a>.  <\/p>\n<hr class=\"wp-block-separator has-alpha-channel-opacity\"\/>\n<div class=\"wp-block-image\">\n<figure class=\"aligncenter size-full\"><img loading=\"lazy\" decoding=\"async\" width=\"940\" height=\"470\" src=\"https:\/\/jaxtoday.org\/wp-content\/uploads\/2024\/07\/https___cdn.evbuc_.com_images_751385799_41324065656_1_original.jpg\" alt=\"\" class=\"wp-image-72515\" srcset=\"https:\/\/jaxtoday.org\/wp-content\/uploads\/2024\/07\/https___cdn.evbuc_.com_images_751385799_41324065656_1_original.jpg 940w, https:\/\/jaxtoday.org\/wp-content\/uploads\/2024\/07\/https___cdn.evbuc_.com_images_751385799_41324065656_1_original-300x150.jpg 300w, https:\/\/jaxtoday.org\/wp-content\/uploads\/2024\/07\/https___cdn.evbuc_.com_images_751385799_41324065656_1_original-768x384.jpg 768w, https:\/\/jaxtoday.org\/wp-content\/uploads\/2024\/07\/https___cdn.evbuc_.com_images_751385799_41324065656_1_original-480x240.jpg 480w, https:\/\/jaxtoday.org\/wp-content\/uploads\/2024\/07\/https___cdn.evbuc_.com_images_751385799_41324065656_1_original-100x50.jpg 100w\" sizes=\"auto, (max-width: 940px) 100vw, 940px\"\/><\/figure>\n<\/div>\n<p><strong>S\u00e1bado<\/strong><\/p>\n<p><strong>Ateli\u00ea aberto de cer\u00e2mica <\/strong><\/p>\n<p><strong>Museu de Arte Contempor\u00e2nea | Centro de Jacksonville<\/strong><\/p>\n<p>Para ceramistas que buscam companheirismo e um espa\u00e7o para moldar cer\u00e2mica e queim\u00e1-la, a oficina do MOCA Jacksonville \u00e9 o lugar. No s\u00e1bado, de <strong>14h-16h<\/strong> O MOCA fornecer\u00e1 rodas de arremesso e ferramentas para pr\u00e1tica autodirigida (argila e esmalte devem ser fornecidos pelos participantes, mas a queima de uma pe\u00e7a de at\u00e9 10 libras est\u00e1 inclu\u00edda). <strong>US$ 20.<\/strong> <a href=\"https:\/\/www.eventbrite.com\/e\/ceramics-open-studio-at-moca-tickets-796323423797?aff=oddtdtcreator&#038;mc_eid=21493dcc44&#038;mc_cid=320ef2a2f5\" target=\"_blank\" rel=\"noreferrer noopener\">Inscri\u00e7\u00f5es e mais informa\u00e7\u00f5es<\/a>. (E se voc\u00ea preferir olhar para a arte em vez de faz\u00ea-la voc\u00ea mesmo, a admiss\u00e3o no MOCA \u00e9 <a href=\"https:\/\/www.eventbrite.com\/e\/vystar-free-saturdays-moca-tickets-663215634817\">gr\u00e1tis aos s\u00e1bados<\/a> de <strong>11h \u00e0s 17h<\/strong> gra\u00e7as \u00e0 Uni\u00e3o de Cr\u00e9dito VyStar.)<\/p>\n<hr class=\"wp-block-separator has-alpha-channel-opacity\"\/>\n<figure class=\"wp-block-image size-large\"><img loading=\"lazy\" decoding=\"async\" width=\"1024\" height=\"576\" src=\"https:\/\/jaxtoday.org\/wp-content\/uploads\/2024\/07\/449285391_122148956768108291_602412047273550212_n-1-1024x576.jpg\" alt=\"\" class=\"wp-image-72516\" srcset=\"https:\/\/jaxtoday.org\/wp-content\/uploads\/2024\/07\/449285391_122148956768108291_602412047273550212_n-1-1024x576.jpg 1024w, https:\/\/jaxtoday.org\/wp-content\/uploads\/2024\/07\/449285391_122148956768108291_602412047273550212_n-1-300x169.jpg 300w, https:\/\/jaxtoday.org\/wp-content\/uploads\/2024\/07\/449285391_122148956768108291_602412047273550212_n-1-768x432.jpg 768w, https:\/\/jaxtoday.org\/wp-content\/uploads\/2024\/07\/449285391_122148956768108291_602412047273550212_n-1-1536x864.jpg 1536w, https:\/\/jaxtoday.org\/wp-content\/uploads\/2024\/07\/449285391_122148956768108291_602412047273550212_n-1-800x450.jpg 800w, https:\/\/jaxtoday.org\/wp-content\/uploads\/2024\/07\/449285391_122148956768108291_602412047273550212_n-1-1200x675.jpg 1200w, https:\/\/jaxtoday.org\/wp-content\/uploads\/2024\/07\/449285391_122148956768108291_602412047273550212_n-1-427x240.jpg 427w, https:\/\/jaxtoday.org\/wp-content\/uploads\/2024\/07\/449285391_122148956768108291_602412047273550212_n-1-100x56.jpg 100w, https:\/\/jaxtoday.org\/wp-content\/uploads\/2024\/07\/449285391_122148956768108291_602412047273550212_n-1-1650x928.jpg 1650w, https:\/\/jaxtoday.org\/wp-content\/uploads\/2024\/07\/449285391_122148956768108291_602412047273550212_n-1.jpg 1920w\" sizes=\"auto, (max-width: 1024px) 100vw, 1024px\"\/><\/figure>\n<p><strong>Domingo<\/strong><\/p>\n<p><strong>Segundos domingos com poetas e escritores locais<\/strong><\/p>\n<p><strong>Livros Happy Medium | Riverside<\/strong> <\/p>\n<p>Os escritores Brooks Decker e Tim Gilmore, de Duval, organizam leituras mensais de autores e poetas locais na Happy Medium Books em Riverside. A programa\u00e7\u00e3o deste domingo inclui o escritor\/educador Jeff Knapp, a artista de palavra falada Suni Storm e o escritor Damon Thomas. <strong>14h-16h<\/strong> Entrada gratuita. <a href=\"https:\/\/www.facebook.com\/events\/1214165113327714\/?rdid=8RQT47sVyGWu9nyh&#038;share_url=https%3A%2F%2Fwww.facebook.com%2Fshare%2FTse4oUpyQ7xtafE4%2F\" target=\"_blank\" rel=\"noreferrer noopener\">Mais informa\u00e7\u00f5es<\/a>. <\/p>\n<\/div>\n<p><br \/>\n<br \/><a href=\"https:\/\/jaxtoday.org\/2024\/07\/10\/arts-picks-july-12-14\/\">Source link <\/a><\/p>","protected":false},"excerpt":{"rendered":"<p>Jacksonville Hoje O editor de arte e cultura Matt Shaw compartilha suas escolhas de arte e cultura para o fim de semana. Sexta e S\u00e1bado Queima lenta: O sonho americano&hellip;<\/p>","protected":false},"author":1,"featured_media":7699,"comment_status":"closed","ping_status":"open","sticky":false,"template":"","format":"standard","meta":{"content-type":"","footnotes":""},"categories":[1],"tags":[],"class_list":["post-7698","post","type-post","status-publish","format-standard","has-post-thumbnail","hentry","category-uncategorized"],"_links":{"self":[{"href":"https:\/\/tvbrazilusa.com\/pt\/wp-json\/wp\/v2\/posts\/7698","targetHints":{"allow":["GET"]}}],"collection":[{"href":"https:\/\/tvbrazilusa.com\/pt\/wp-json\/wp\/v2\/posts"}],"about":[{"href":"https:\/\/tvbrazilusa.com\/pt\/wp-json\/wp\/v2\/types\/post"}],"author":[{"embeddable":true,"href":"https:\/\/tvbrazilusa.com\/pt\/wp-json\/wp\/v2\/users\/1"}],"replies":[{"embeddable":true,"href":"https:\/\/tvbrazilusa.com\/pt\/wp-json\/wp\/v2\/comments?post=7698"}],"version-history":[{"count":1,"href":"https:\/\/tvbrazilusa.com\/pt\/wp-json\/wp\/v2\/posts\/7698\/revisions"}],"predecessor-version":[{"id":7700,"href":"https:\/\/tvbrazilusa.com\/pt\/wp-json\/wp\/v2\/posts\/7698\/revisions\/7700"}],"wp:featuredmedia":[{"embeddable":true,"href":"https:\/\/tvbrazilusa.com\/pt\/wp-json\/wp\/v2\/media\/7699"}],"wp:attachment":[{"href":"https:\/\/tvbrazilusa.com\/pt\/wp-json\/wp\/v2\/media?parent=7698"}],"wp:term":[{"taxonomy":"category","embeddable":true,"href":"https:\/\/tvbrazilusa.com\/pt\/wp-json\/wp\/v2\/categories?post=7698"},{"taxonomy":"post_tag","embeddable":true,"href":"https:\/\/tvbrazilusa.com\/pt\/wp-json\/wp\/v2\/tags?post=7698"}],"curies":[{"name":"wp","href":"https:\/\/api.w.org\/{rel}","templated":true}]}}