{"id":77022,"date":"2024-12-15T21:13:34","date_gmt":"2024-12-15T21:13:34","guid":{"rendered":"https:\/\/tvbrazilusa.com\/2024\/12\/15\/show-da-manha-dep-fed-bia-kicis-fala-sobre-prisao-de-braga-netto-e-mais-16-12-2024\/"},"modified":"2024-12-16T00:53:08","modified_gmt":"2024-12-16T00:53:08","slug":"show-da-manha-dep-fed-bia-kicis-fala-sobre-prisao-de-braga-netto-e-mais-16-12-2024","status":"publish","type":"post","link":"https:\/\/tvbrazilusa.com\/pt\/2024\/12\/15\/show-da-manha-dep-fed-bia-kicis-fala-sobre-prisao-de-braga-netto-e-mais-16-12-2024\/","title":{"rendered":"SHOW DA MANH\u00c3 \u2013 DEP. FED. BIA KICIS FALA SOBRE PRIS\u00c3O DE BRAGA NETTO E MAIS\u00a0\u2013\u00a016\/12\/2024"},"content":{"rendered":"<p> <script async src=\"https:\/\/pagead2.googlesyndication.com\/pagead\/js\/adsbygoogle.js?client=ca-pub-8864793242727901\"\r\n     crossorigin=\"anonymous\"><\/script><br \/>\n<\/p>\n<p>Apresentado por Marco Ant\u00f4nio Costa, com os coment\u00e1rios de Adrilles. Convidados de hoje: PHVox e Gustavo Lopes. Participa\u00e7\u00e3o especial: Dep. Fed. Bia Kicis. O Show da Manh\u00e3 vai ao ar de segunda a sexta, das 10h \u00e0s 12h.<\/p>\n<p> NESTE NATAL, ASSINE O DEZ A FIO E GANHE O CLUBE DA LUTA DE PRESENTE! <img decoding=\"async\" src=\"https:\/\/s.w.org\/images\/core\/emoji\/15.0.3\/72x72\/1f449.png\" alt=\"\ud83d\udc49\" class=\"wp-smiley\" style=\"height: 1em;max-height: 1em\" \/> https:\/\/fiodiario.com<\/p>\n<p><img decoding=\"async\" src=\"https:\/\/s.w.org\/images\/core\/emoji\/15.0.3\/72x72\/1f525.png\" alt=\"\ud83d\udd25\" class=\"wp-smiley\" style=\"height: 1em;max-height: 1em\" \/> APROVEITE DESCONTOS EM CLIMA DE NATAL NA LIVRARIA FIO DI\u00c1RIO! <img decoding=\"async\" src=\"https:\/\/s.w.org\/images\/core\/emoji\/15.0.3\/72x72\/1f449.png\" alt=\"\ud83d\udc49\" class=\"wp-smiley\" style=\"height: 1em;max-height: 1em\" \/> https:\/\/livraria.fiodiario.com <\/p>\n<p>Inscreva-se no nosso Canal!<\/p>\n<p>Ou\u00e7a no Spotify: https:\/\/open.spotify.com\/show\/4apGkQd\u2026<\/p>\n<p>Siga no Instagram:<\/p>\n<p>Fio Di\u00e1rio:<br \/>\nhttps:\/\/www.instagram.com\/fio_diario\/<\/p>\n<p>Marco Ant\u00f4nio Costa:<br \/>\nhttps:\/\/www.instagram.com\/marco.antonio.costa\/<\/p>\n<p>Adrilles Jorge:<br \/>\nhttps:\/\/www.instagram.com\/adrillesjorge\/<\/p>\n<p><a href=\"https:\/\/www.youtube.com\/watch?v=9DJz-Nt_f2Y\">source<\/a><\/p>\n<p><script async src=\"\/\/www.instagram.com\/embed.js\"><\/script><br \/>\n<br \/><br \/>\n<br \/><a href=\"https:\/\/tvfloridausa.com\/2024\/12\/15\/show-da-manha-dep-fed-bia-kicis-fala-sobre-prisao-de-braga-netto-e-mais-16-12-2024\/\">Source link <\/a><\/p>","protected":false},"excerpt":{"rendered":"<p>Apresentado por Marco Ant\u00f4nio Costa, com os coment\u00e1rios de Adrilles. Convidados de hoje: PHVox e Gustavo Lopes. Participa\u00e7\u00e3o especial: Dep. Fed. Bia Kicis. O Show da Manh\u00e3 vai ao ar&hellip;<\/p>","protected":false},"author":1,"featured_media":55007,"comment_status":"closed","ping_status":"open","sticky":false,"template":"","format":"standard","meta":{"content-type":"","footnotes":""},"categories":[22],"tags":[],"class_list":["post-77022","post","type-post","status-publish","format-standard","has-post-thumbnail","hentry","category-tv-florida-usa"],"_links":{"self":[{"href":"https:\/\/tvbrazilusa.com\/pt\/wp-json\/wp\/v2\/posts\/77022","targetHints":{"allow":["GET"]}}],"collection":[{"href":"https:\/\/tvbrazilusa.com\/pt\/wp-json\/wp\/v2\/posts"}],"about":[{"href":"https:\/\/tvbrazilusa.com\/pt\/wp-json\/wp\/v2\/types\/post"}],"author":[{"embeddable":true,"href":"https:\/\/tvbrazilusa.com\/pt\/wp-json\/wp\/v2\/users\/1"}],"replies":[{"embeddable":true,"href":"https:\/\/tvbrazilusa.com\/pt\/wp-json\/wp\/v2\/comments?post=77022"}],"version-history":[{"count":1,"href":"https:\/\/tvbrazilusa.com\/pt\/wp-json\/wp\/v2\/posts\/77022\/revisions"}],"predecessor-version":[{"id":77023,"href":"https:\/\/tvbrazilusa.com\/pt\/wp-json\/wp\/v2\/posts\/77022\/revisions\/77023"}],"wp:featuredmedia":[{"embeddable":true,"href":"https:\/\/tvbrazilusa.com\/pt\/wp-json\/wp\/v2\/media\/55007"}],"wp:attachment":[{"href":"https:\/\/tvbrazilusa.com\/pt\/wp-json\/wp\/v2\/media?parent=77022"}],"wp:term":[{"taxonomy":"category","embeddable":true,"href":"https:\/\/tvbrazilusa.com\/pt\/wp-json\/wp\/v2\/categories?post=77022"},{"taxonomy":"post_tag","embeddable":true,"href":"https:\/\/tvbrazilusa.com\/pt\/wp-json\/wp\/v2\/tags?post=77022"}],"curies":[{"name":"wp","href":"https:\/\/api.w.org\/{rel}","templated":true}]}}