{"id":77027,"date":"2024-12-16T01:42:43","date_gmt":"2024-12-16T01:42:43","guid":{"rendered":"https:\/\/tvbrazilusa.com\/2024\/12\/16\/jerod-mayo-tem-uma-resposta-curiosa-sobre-a-jogada-dos-patriots-pedindo-corridas-de-jardas-curtas-de-drake-maye\/"},"modified":"2024-12-16T01:54:43","modified_gmt":"2024-12-16T01:54:43","slug":"jerod-mayo-tem-uma-resposta-curiosa-sobre-a-jogada-dos-patriots-pedindo-corridas-de-jardas-curtas-de-drake-maye","status":"publish","type":"post","link":"https:\/\/tvbrazilusa.com\/pt\/2024\/12\/16\/jerod-mayo-tem-uma-resposta-curiosa-sobre-a-jogada-dos-patriots-pedindo-corridas-de-jardas-curtas-de-drake-maye\/","title":{"rendered":"Jerod Mayo tem uma resposta curiosa sobre a jogada dos Patriots pedindo corridas de jardas curtas de Drake Maye"},"content":{"rendered":"<p> <script async src=\"https:\/\/pagead2.googlesyndication.com\/pagead\/js\/adsbygoogle.js?client=ca-pub-8864793242727901\"\r\n     crossorigin=\"anonymous\"><\/script><br \/>\n<\/p>\n<div id=\"\">\n<header class=\"m-article-header m-article-header--standard\">\n\t\t\t\t\t\t\t\t\t\t\t\t<span id=\"article-header-primary-term\"><br \/>\n\t\t\t\t\t\t\t\t<a class=\"a-term a-term--primary\" href=\"https:\/\/www.boston.com\/tag\/new-england-patriots\/\"><\/p>\n<p>\t\t\t\t\t\t\t\tPatriotas\t\t\t\t\t\t\t\t<\/a><br \/>\n\t\t\t\t\t\t\t<\/span><\/p>\n<h2 class=\"m-article-header__sub-headline\">&#8220;Voc\u00ea disse isso. Eu n\u00e3o disse.&#8221;<\/h2>\n<figure class=\"a-photo m-article-header__photo\"><figcaption class=\"a-photo__caption\">\n<p>\tJerod Mayo e os Patriots est\u00e3o agora com 3-11 nesta temporada. <em> (Danielle Parhizkaran\/Equipe do Globo)<\/em>\t<\/figcaption><\/figure>\n<\/header>\n<p>Drake Maye tem sido um dos zagueiros mais esquivos da NFL nesta temporada quando se trata de ganhar jardas no solo.<\/p>\n<p>A escolha do primeiro turno de 2024 j\u00e1 chegou \u00e0 end zone duas vezes nesta temporada e tem uma m\u00e9dia de mais de oito jardas por corrida.<\/p>\n<p>Mesmo que as pernas de Maye tenham permitido que ele gerasse v\u00e1rias jogadas explosivas de jardas curtas, essa mobilidade e habilidade para lutar por meio do contato d\u00e3o ao ataque sem socos da Nova Inglaterra uma arma eficaz de jardas curtas quando o time precisa mover as correntes.<\/p>\n<p>V\u00e1rias dessas oportunidades cr\u00edticas surgiram durante o confronto de domingo contra os Cardinals.<\/p>\n<p>Com o Arizona vencendo por 16-3 no meio do terceiro quarto, a Nova Inglaterra precisava lucrar com uma oferta na zona vermelha. <\/p>\n<p>Ap\u00f3s uma recupera\u00e7\u00e3o de nove jardas de Antonio Gibson, os Patriots se encontraram em uma oportunidade de 3\u00aa para 1 na linha de quatro jardas dos Cardinals.<\/p>\n<p>Em vez de optar por Maye em uma fuga de QB ou outra corrida planejada para uma primeira descida, a Nova Inglaterra optou por outra corrida para Gibson que n\u00e3o ganhou uma jarda. <\/p>\n<p>Jerod Mayo e os Patriots optaram por permanecer agressivos e fazer uma jogada na quarta descida \u2013 mas decidiram outra corrida pelo meio com o back Rhamondre Stevenson.<\/p>\n<p>Stevenson foi encurralado na linha de scrimmage, levando a uma reviravolta nas descidas e outro rev\u00e9s significativo no caminho para uma <a href=\"https:\/\/www.boston.com\/sports\/new-england-patriots\/2024\/12\/15\/patriots-vs-cardinals-live-updates-score-blog-can-patriots-win-after-bye-week\/\">Perda de 30-17<\/a>. <\/p>\n<figure class=\"wp-block-embed is-type-rich is-provider-twitter wp-block-embed-twitter\"\/>\n<p>Muitas coisas deram errado para o New England no State Farm Stadium, seja outra exibi\u00e7\u00e3o ap\u00e1tica na defesa ou v\u00e1rios erros na linha ofensiva. <\/p>\n<p>Mas a decis\u00e3o da Nova Inglaterra de n\u00e3o utilizar Maye em nenhuma dessas duas situa\u00e7\u00f5es de jardas curtas ser\u00e1 uma segunda suposi\u00e7\u00e3o significativa para os Patriots \u2013 especialmente depois que Mayo atraiu muitas manchetes em sua coletiva de imprensa p\u00f3s-jogo.<\/p>\n<p>Quando questionado sobre a decis\u00e3o da equipe de n\u00e3o usar Maye nessas jogadas, apesar de suas habilidades estabelecidas como QB m\u00f3vel, Mayo declarou: \u201cVoc\u00ea disse isso. Eu n\u00e3o fiz isso.\u201d<\/p>\n<p>N\u00e3o est\u00e1 claro o que exatamente Mayo quis dizer com esse coment\u00e1rio \u2013 talvez sinalizando que foi a decis\u00e3o do coordenador ofensivo Alex Van Pelt de n\u00e3o usar Maye em uma jogada furtiva de QB ou qualquer outra jogada r\u00e1pida na zona vermelha. <\/p>\n<p>Mas quando questionado sobre a jogada e sua cita\u00e7\u00e3o enigm\u00e1tica, Mayo disse que a decis\u00e3o foi dele.<\/p>\n<p>\u201cA decis\u00e3o \u00e9 sempre minha\u201d, disse Mayo. \u201cEu diria, olha, o quarterback obviamente tem um bom par de pernas e faz um bom trabalho ao correr a bola. N\u00f3s simplesmente escolhemos n\u00e3o fazer isso l\u00e1.\u201d<\/p>\n<p>O coment\u00e1rio de Mayo \u00e9 mais um erro confuso do t\u00e9cnico do primeiro ano do New England, ao mesmo tempo que provavelmente alimentar\u00e1 ainda mais especula\u00e7\u00f5es sobre quem tem influ\u00eancia sobre as decis\u00f5es de jogo e outras decis\u00f5es entre Mayo e Van Pelt. <\/p>\n<p>Falando ap\u00f3s o jogo, Maye reconheceu que foi um \u201cbom ponto\u201d que ele possa ser usado nessas jogadas de jardas curtas quando necess\u00e1rio.<\/p>\n<p>\u201cEu era um bom t\u00eanis de zagueiro na faculdade\u201d, disse Maye. \u201c[I\u2019m a] grande cara. Sou mais pesado do que as pessoas pensam. Ent\u00e3o eu acho que talvez [there\u2019s] uma conversa para isso.<\/p>\n<p>\u201cE eu acho que \u00e9 dif\u00edcil parar um cara de 1,80 metro por um metro. Mas tamb\u00e9m, ao mesmo tempo, Mondre tamb\u00e9m \u00e9 muito bom em conseguir uma jarda. Ent\u00e3o \u00e9 uma pena que isso tenha acontecido. Mas definitivamente havia uma hora e um lugar para isso.\u201d<\/p>\n<p>Em uma temporada em que pouco deu certo para os Patriots al\u00e9m do surgimento de Maye e do forte jogo de Christian Gonzalez na defesa, os assessores p\u00f3s-jogo de Mayo continuam a levantar mais preocupa\u00e7\u00f5es sobre a hierarquia e a coes\u00e3o em torno da equipe t\u00e9cnica da Nova Inglaterra. <\/p>\n<p>\u201cTodos n\u00f3s temos que assumir responsabilidades\u201d, disse Mayo ap\u00f3s a derrota do New England. \u201cE como \u00e9 isso? A responsabilidade n\u00e3o \u00e9 realmente o \u201cMeu erro\u201d. A responsabilidade n\u00e3o consiste em dizer coisas como: &#8216;Ah, se tiv\u00e9ssemos feito X, Y e Z&#8217;, temos falado sobre isso o ano todo. <\/p>\n<p>\u201cA responsabilidade \u00e9 sair e corrigir isso. Isso \u00e9 uma quest\u00e3o de a\u00e7\u00e3o. N\u00e3o se trata de ficar aqui sentado dizendo que a culpa \u00e9 minha. Voc\u00ea tem o suficiente disso, e \u00e9 isso que voc\u00ea tem em campo hoje.\u201d <\/p>\n<div class=\"o-author-single has-avatar\">\n<header class=\"m-author-card\">\n<div class=\"a-image a-image--square m-author-card__image\">\n\t\t<img decoding=\"async\" class=\"\" src=\"https:\/\/www.boston.com\/wp-content\/uploads\/2023\/05\/Headshot_Conor-645c0406ed6cb-scaled.jpg\" alt=\"Imagem do perfil de Conor Ryan\"\/>\t<\/div>\n<\/header>\n<section class=\"author-info\">\n<div class=\"m-author__section\">\n<p>Conor Ryan \u00e9 redator da equipe que cobre Bruins, Celtics, Patriots e Red Sox para Boston.com, fun\u00e7\u00e3o que ocupa desde 2023.<\/p>\n<\/div>\n<\/section>\n<\/div>\n<div class=\"m-block m-generic-cta\t m-generic-cta--post-content\t m-generic-cta--dark\t m-generic-cta--homepage\t m-generic-cta--email-signup\t\t m-generic-cta-block-style--default \tt-amp__generic-cta\"><\/p>\n<div class=\"m-generic-cta__wrap\">\n<div class=\"m-generic-cta__content\">\n<h3 class=\"m-generic-cta__title\">Inscreva-se para receber atualiza\u00e7\u00f5es do Patriots\ud83c\udfc8<\/h3>\n<p class=\"m-generic-cta__subtitle\">Receba as \u00faltimas not\u00edcias e an\u00e1lises em sua caixa de entrada durante a temporada de futebol.<\/p>\n<\/p><\/div>\n<\/p><\/div>\n<\/div><\/div>\n<p><script>\n\t\tvar consent=\"grant\";\n\t\t\/* The above code is parsing the JSON data from the local storage and storing it in a variable. *\/\n\t\t\t\t\tconst onetrustStorageConsent = JSON.parse(localStorage.getItem( 'consent_one_trust_bdc' ) );\n\t\t\tif ( ( onetrustStorageConsent !== null ) ) {\n\t\t\t\t\/* Checking to see if the user has consented to the use of cookies.\n\t\t\t\t* If they have not, it is deleting the cookie.\n\t\t\t\t* This will comment for now, until further notice.\n\t\t\t\t*\/\n\t\t\t\t\/\/if ( onetrustStorageConsent.C0002 === false ) {\n\t\t\t\t\/\/\tdocument.cookie=\"_fbp=;expires=Thu, 01 Jan 2010 00:00:00 UTC; path=\/; domain=.boston.com\";\n\t\t\t\t\/\/}\n\t\t\t\t\/* Checking if the user has given consent for the cookie C0002.\n\t\t\t\t* If the user has given consent, the variable consent will be set to 'grant'.\n\t\t\t\t* If the user has not given consent,the variable consent will be set to 'revoke'.\n\t\t\t\t* Documentation https:\/\/developers.facebook.com\/docs\/meta-pixel\/implementation\/gdpr\n\t\t\t\t*\/\n\t\t\t\tif ( onetrustStorageConsent.C0002 !== true ) {\n\t\t\t\t\tconsent=\"revoke\";\n\t\t\t\t}\n\t\t\t}\n\t\t\t\t!function(f,b,e,v,n,t,s)\n\t\t{if(f.fbq)return;n=f.fbq=function(){n.callMethod?\n\t\tn.callMethod.apply(n,arguments):n.queue.push(arguments)};\n\t\tif(!f._fbq)f._fbq=n;n.push=n;n.loaded=!0;n.version='2.0';\n\t\tn.queue=[];t=b.createElement(e);t.async=!0;\n\t\tt.src=v;s=b.getElementsByTagName(e)[0];\n\t\ts.parentNode.insertBefore(t,s)}(window, document,'script',\n\t\t'https:\/\/connect.facebook.net\/en_US\/fbevents.js');\n\t\tfbq('consent', consent);\n\t\tfbq('init', '989222871864976');\n\t\tfbq('track', 'PageView');\n\t<\/script><script type=\"module\">\n\t\tvar consent=\"grant\";\n\t\t\/* The above code is parsing the JSON data from the local storage and storing it in a variable. *\/\n\t\t\tconst onetrustStorageConsent = JSON.parse(localStorage.getItem( 'consent_one_trust_bdc' ) );\n\t\t\t\/* Checking to see if the user has consented to the use of cookies.\n\t\t\t* If they have not, it is deleting the cookie.\n\t\t\t* This will comment for now, until further notice.\n\t\t\t*\/\n\t\t\t\/\/if ( onetrustStorageConsent.C0002 === false ) {\n\t\t\t\/\/\tdocument.cookie=\"_fbp=;expires=Thu, 01 Jan 2010 00:00:00 UTC; path=\/; domain=.boston.com\";\n\t\t\t\/\/}\n\t\t\t\/* Checking if the user has given consent for the cookie C0002.\n\t\t\t* If the user has given consent, the variable consent will be set to 'grant'.\n\t\t\t* If the user has not given consent,the variable consent will be set to 'revoke'.\n\t\t\t* Documentation https:\/\/developers.facebook.com\/docs\/meta-pixel\/implementation\/gdpr\n\t\t\t*\/\n\t\t\tif ( ( onetrustStorageConsent !== null ) && (onetrustStorageConsent.C0002 !== true ) ) {\n\t\t\t\tconsent=\"revoke\";\n\t\t\t}\n\t\t\t\t!function(f,b,e,v,n,t,s){if(f.fbq)return;n=f.fbq=function()\n\t\t{n.callMethod? n.callMethod.apply(n,arguments):n.queue.push(arguments)}\n\t\t;if(!f._fbq)f._fbq=n;\n\t\tn.push=n;n.loaded=!0;n.version='2.0';n.queue=[];t=b.createElement(e);t.async=!0;\n\t\tt.src=v;s=b.getElementsByTagName(e)[0];s.parentNode.insertBefore(t,s)}(window,\n\t\tdocument,'script','https:\/\/connect.facebook.net\/en_US\/fbevents.js');\n\t\tfbq('consent', consent);\n\t\tfbq('init', '813236348753005');\n\t\tfbq('track', \"PageView\");\n\t<\/script><br \/>\n<br \/><br \/>\n<br \/><a href=\"https:\/\/www.boston.com\/sports\/new-england-patriots\/2024\/12\/15\/jerod-mayo-alex-van-pelt-drake-maye-new-england-patriots-play-calls-cardinals\/\">Source link <\/a><\/p>","protected":false},"excerpt":{"rendered":"<p>Patriotas &#8220;Voc\u00ea disse isso. Eu n\u00e3o disse.&#8221; Jerod Mayo e os Patriots est\u00e3o agora com 3-11 nesta temporada. (Danielle Parhizkaran\/Equipe do Globo) Drake Maye tem sido um dos zagueiros mais&hellip;<\/p>","protected":false},"author":1,"featured_media":77028,"comment_status":"closed","ping_status":"open","sticky":false,"template":"","format":"standard","meta":{"content-type":"","footnotes":""},"categories":[1],"tags":[],"class_list":["post-77027","post","type-post","status-publish","format-standard","has-post-thumbnail","hentry","category-uncategorized"],"_links":{"self":[{"href":"https:\/\/tvbrazilusa.com\/pt\/wp-json\/wp\/v2\/posts\/77027","targetHints":{"allow":["GET"]}}],"collection":[{"href":"https:\/\/tvbrazilusa.com\/pt\/wp-json\/wp\/v2\/posts"}],"about":[{"href":"https:\/\/tvbrazilusa.com\/pt\/wp-json\/wp\/v2\/types\/post"}],"author":[{"embeddable":true,"href":"https:\/\/tvbrazilusa.com\/pt\/wp-json\/wp\/v2\/users\/1"}],"replies":[{"embeddable":true,"href":"https:\/\/tvbrazilusa.com\/pt\/wp-json\/wp\/v2\/comments?post=77027"}],"version-history":[{"count":1,"href":"https:\/\/tvbrazilusa.com\/pt\/wp-json\/wp\/v2\/posts\/77027\/revisions"}],"predecessor-version":[{"id":77029,"href":"https:\/\/tvbrazilusa.com\/pt\/wp-json\/wp\/v2\/posts\/77027\/revisions\/77029"}],"wp:featuredmedia":[{"embeddable":true,"href":"https:\/\/tvbrazilusa.com\/pt\/wp-json\/wp\/v2\/media\/77028"}],"wp:attachment":[{"href":"https:\/\/tvbrazilusa.com\/pt\/wp-json\/wp\/v2\/media?parent=77027"}],"wp:term":[{"taxonomy":"category","embeddable":true,"href":"https:\/\/tvbrazilusa.com\/pt\/wp-json\/wp\/v2\/categories?post=77027"},{"taxonomy":"post_tag","embeddable":true,"href":"https:\/\/tvbrazilusa.com\/pt\/wp-json\/wp\/v2\/tags?post=77027"}],"curies":[{"name":"wp","href":"https:\/\/api.w.org\/{rel}","templated":true}]}}