{"id":77063,"date":"2024-12-16T03:09:30","date_gmt":"2024-12-16T03:09:30","guid":{"rendered":"https:\/\/tvbrazilusa.com\/2024\/12\/16\/o-que-kristaps-porzingis-disse-sobre-a-nova-lesao-que-o-levou-a-abandonar-o-jogo-contra-o-wizards\/"},"modified":"2024-12-16T03:30:29","modified_gmt":"2024-12-16T03:30:29","slug":"o-que-kristaps-porzingis-disse-sobre-a-nova-lesao-que-o-levou-a-abandonar-o-jogo-contra-o-wizards","status":"publish","type":"post","link":"https:\/\/tvbrazilusa.com\/pt\/2024\/12\/16\/o-que-kristaps-porzingis-disse-sobre-a-nova-lesao-que-o-levou-a-abandonar-o-jogo-contra-o-wizards\/","title":{"rendered":"O que Kristaps Porzingis disse sobre a nova les\u00e3o que o levou a abandonar o jogo contra o Wizards"},"content":{"rendered":"<p> <script async src=\"https:\/\/pagead2.googlesyndication.com\/pagead\/js\/adsbygoogle.js?client=ca-pub-8864793242727901\"\r\n     crossorigin=\"anonymous\"><\/script><br \/>\n<\/p>\n<div id=\"\">\n<header class=\"m-article-header m-article-header--standard\">\n\t\t\t\t\t\t\t\t\t\t\t\t<span id=\"article-header-primary-term\"><br \/>\n\t\t\t\t\t\t\t\t<a class=\"a-term a-term--primary\" href=\"https:\/\/www.boston.com\/tag\/boston-celtics\/\"><\/p>\n<p>\t\t\t\t\t\t\t\tCeltas\t\t\t\t\t\t\t\t<\/a><br \/>\n\t\t\t\t\t\t\t<\/span><\/p>\n<h2 class=\"m-article-header__sub-headline\">Porzingis jogou 11 minutos contra o Wizards antes de uma les\u00e3o no calcanhar o tirar do jogo.<\/h2>\n<figure class=\"a-photo m-article-header__photo\"><figcaption class=\"a-photo__caption\">\n<p>\tKristaps Porzingis est\u00e1 se recuperando de uma cirurgia no tornozelo. <em> Erin Clark\/Equipe da Globo <\/em>\t<\/figcaption><\/figure>\n<\/header>\n<div class=\"m-block t-amp__list-container m-article-list-container m-article-list-container--frame-border a-border-frame  a-list-header__headline--red m-article-list--alternative--default  m-article-list--floated\">\n<ul class=\"t-amp__list a-list--no-style m-article-list m-article-list--recirculation m-article-list--has-images\">\n<li class=\"m-article-list__item m-article-list__item--featured\">\n\t\t\t<a class=\"m-article-list__link-wrapper\" href=\"https:\/\/www.boston.com\/news\/local-news\/2024\/12\/15\/td-garden-union-votes-to-accept-new-contract-avoiding-potential-strike\/?p1=article_recirc_inline_feature\" data-p1=\"article_recirc_inline_feature\"><br \/>\n\t\t\t\t<img fetchpriority=\"high\" decoding=\"async\" width=\"768\" height=\"432\" src=\"https:\/\/bdc2020.o0bc.com\/wp-content\/uploads\/2018\/04\/685534016-1-scaled-768x432.jpg\" class=\"t-amp__list-image m-article-list__image m-article-list__image--full\" alt=\"\" aria-hidden=\"true\" srcset=\"https:\/\/bdc2020.o0bc.com\/wp-content\/uploads\/2018\/04\/685534016-1-scaled-768x432.jpg?width=200 200w, https:\/\/bdc2020.o0bc.com\/wp-content\/uploads\/2018\/04\/685534016-1-scaled-768x432.jpg?width=300 300w, https:\/\/bdc2020.o0bc.com\/wp-content\/uploads\/2018\/04\/685534016-1-scaled-768x432.jpg?width=400 400w, https:\/\/bdc2020.o0bc.com\/wp-content\/uploads\/2018\/04\/685534016-1-scaled-768x432.jpg?width=500 500w, https:\/\/bdc2020.o0bc.com\/wp-content\/uploads\/2018\/04\/685534016-1-scaled-768x432.jpg?width=600 600w, https:\/\/bdc2020.o0bc.com\/wp-content\/uploads\/2018\/04\/685534016-1-scaled-768x432.jpg?width=700 700w, https:\/\/bdc2020.o0bc.com\/wp-content\/uploads\/2018\/04\/685534016-1-scaled-768x432.jpg?width=800 800w, https:\/\/bdc2020.o0bc.com\/wp-content\/uploads\/2018\/04\/685534016-1-scaled-768x432.jpg?width=900 900w\" sizes=\"(max-width: 768px) 100vw, 768px\"\/>\t\t\t\t\t<\/p>\n<p><h4 class=\"m-article-list__headline t-amp__list-headline\">\n\t\t\t\t\t\t\t<span class=\"m-article-list__link a-link a-link--inline a-link--text-link a-link--text-link-dark\"><\/p>\n<p>\t\t\t\t\t\t\tSindicato TD Garden vota para aceitar novo contrato, evitando poss\u00edvel greve \t\t\t\t\t\t\t<\/span><br \/>\n\t\t\t\t\t\t<\/h4>\n<\/p>\n<p>\t\t\t\t<\/a>\n\t\t\t<\/li>\n<li class=\"m-article-list__item\">\n\t\t\t\t\t<a class=\"m-article-list__link-wrapper\" href=\"https:\/\/www.boston.com\/sports\/sports-news\/2024\/12\/15\/wnba-star-aliyah-boston-first-worcester-academy-athlete-jersey-retired\/?p1=article_recirc_inline_feed\" data-p1=\"article_recirc_inline_feed\"><\/p>\n<p><h4 class=\"m-article-list__headline\">\n\t\t\t\t\t\t\t\t\t<span class=\"m-article-list__link a-link a-link--inline a-link--text-link a-link--text-link-dark\"><\/p>\n<p>\t\t\t\t\t\t\t\t\tA estrela da WNBA, Aliyah Boston, torna-se a primeira atleta da Worcester Academy a ter a camisa aposentada\t\t\t\t\t\t\t\t\t<\/span><br \/>\n\t\t\t\t\t\t\t\t<\/h4>\n<\/p>\n<p>\t\t\t\t\t\t<\/a>\n\t\t\t\t\t<\/li>\n<\/ul>\n<\/div>\n<p><a href=\"https:\/\/twitter.com\/BobbyKrivitsky\/status\/1868478087773442257\">Kristaps Porzingis falou com rep\u00f3rteres<\/a> ap\u00f3s a vit\u00f3ria de domingo \u00e0 noite contra o Wizards e atualizou sobre uma les\u00e3o na parte inferior do corpo que o levou a abandonar o jogo mais cedo. <\/p>\n<p>Porzingis jogou 11 minutos contra seu ex-time e foi<a href=\"https:\/\/www.espn.com\/nba\/boxscore\/_\/gameId\/401736811\"> 5 de 6 em campo<\/a> quando ele saiu do jogo. O Celtics anunciou que ele estava sofrendo de dores no calcanhar. <\/p>\n<p><a href=\"https:\/\/www.boston.com\/sports\/boston-celtics\/2024\/12\/13\/kristaps-porzingis-celtics-big-stage-quotes-comments\/\">Porzingis,<\/a> que j\u00e1 perdeu um per\u00edodo significativo ap\u00f3s uma cirurgia no tornozelo fora da temporada, disse n\u00e3o acreditar que a les\u00e3o seja grave. <\/p>\n<p>\u201cEu bati um pouco no calcanhar no in\u00edcio do primeiro quarto\u201d, disse Porzingis, <a href=\"https:\/\/twitter.com\/BobbyKrivitsky\/status\/1868478087773442257\">por NBC Sports Boston.<\/a> \u201cN\u00e3o no in\u00edcio, mas em algum momento no primeiro trimestre. Continuei jogando. N\u00e3o \u00e9 nada importante, honestamente. \u00c9 mais como uma medida de precau\u00e7\u00e3o.\u201d<\/p>\n<p>\u201cE ent\u00e3o, como no segundo momento em que come\u00e7ou, estava muito delicado, ent\u00e3o contei \u00e0 equipe m\u00e9dica e eles me tiraram do jogo. N\u00e3o acho que seja nada grave.\u201d<\/p>\n<p>O Celtics (21-5) estava com 19 pontos de vantagem quando Porzingis deixou o jogo faltando 3:47 para o final do segundo quarto e acabou vencendo por 112-98 contra o Wizards (3-21). Ele mancava visivelmente, mas conseguiu chegar ao vesti\u00e1rio. Ele foi listado como question\u00e1vel, mas n\u00e3o retornou. <\/p>\n<p>\u201cAconteceu neste jogo, um dos post-ups ou um rebote, um dos lobs\u201d, disse Porzingis. \u201cNem tenho certeza de quando, mas j\u00e1 tive algo parecido no passado. \u00c9 algo que voc\u00ea enfrenta e \u00e9 apenas um pouco de precau\u00e7\u00e3o esta noite.\u201d<\/p>\n<figure class=\"wp-block-embed is-type-rich is-provider-twitter wp-block-embed-twitter\">\n<div class=\"wp-block-embed__wrapper\">\n<blockquote class=\"twitter-tweet\" data-width=\"500\" data-dnt=\"true\">\n<p lang=\"en\" dir=\"ltr\">Kristaps Porzingis est\u00e1 com uma dor no calcanhar direito que resultou na sua sa\u00edda no primeiro tempo da vit\u00f3ria do Celtics desta noite:<\/p>\n<p>\u201cEu bati um pouco no meu calcanhar no primeiro quarto\u2026 N\u00e3o t\u00e3o grave\u2026 No segundo, foi bastante sens\u00edvel\u2026 N\u00e3o acho que seja nada grave.\u201d<\/p>\n<p>(\ud83c\udfa5: <a href=\"https:\/\/twitter.com\/NBCSCeltics?ref_src=twsrc%5Etfw\">@NBCSCeltics<\/a>) <a href=\"https:\/\/t.co\/L2eYQXHPsI\">pic.twitter.com\/L2eYQXHPsI<\/a><\/p>\n<p>-Bobby Krivitsky (@BobbyKrivitsky) <a href=\"https:\/\/twitter.com\/BobbyKrivitsky\/status\/1868478087773442257?ref_src=twsrc%5Etfw\">16 de dezembro de 2024<\/a><\/p><\/blockquote>\n<\/div>\n<\/figure>\n<p>O t\u00e9cnico do Celtics, Joe Mazzulla, disse que Porzingis estava \u201cde bom humor\u201d ap\u00f3s o jogo. Porzingis, que j\u00e1 perdeu 19 dos 26 jogos do Celtics nesta temporada, disse que acha que poder\u00e1 jogar na quinta-feira, quando o Boston receber o Chicago no TD Garden.<\/p>\n<p>Porzingis voltou \u00e0 a\u00e7\u00e3o um pouco mais cedo do que o esperado no m\u00eas passado, depois de passar por uma cirurgia para reparar um retin\u00e1culo rompido e um tend\u00e3o tibial posterior deslocado na perna esquerda. <\/p>\n<p>Ele deveria retornar em dezembro, mas acabou jogando poucos dias antes do Dia de A\u00e7\u00e3o de Gra\u00e7as. Ele chamou o processo de reabilita\u00e7\u00e3o de um dos &#8216;mais f\u00e1ceis&#8217;.<\/p>\n<p>Porzingis perdeu 25 jogos da temporada regular na \u00faltima temporada e a maior parte dos playoffs. Ele foi inicialmente afastado dos gramados durante os playoffs devido a uma distens\u00e3o na panturrilha e, logo depois de se recuperar, surgiram problemas no tornozelo. <\/p>\n<p>O piv\u00f4 de 29 anos teve m\u00e9dia de 20,3 pontos, 7,8 rebotes e 1,5 bloqueios nos primeiros seis jogos nesta temporada. Ele terminou com 11 pontos, dois rebotes e duas assist\u00eancias no domingo \u00e0 noite. <\/p>\n<p>O central reserva Luke Kornet pegou 11 rebotes e somou sete pontos e quatro assist\u00eancias ao substituir Porzingis. <a href=\"https:\/\/www.boston.com\/tag\/jayson-tatum\/\">Jayson Tatum<\/a>que liderou todos os artilheiros com 28 pontos, liderou o Celtics em rebotes com 12 rebotes.<\/p>\n<div class=\"o-author-single has-avatar\">\n<header class=\"m-author-card\">\n<div class=\"a-image a-image--square m-author-card__image\">\n\t\t<img decoding=\"async\" class=\"\" src=\"https:\/\/www.boston.com\/wp-content\/uploads\/2024\/10\/cropped-Screen-Shot-2024-01-26-at-4.59.30-PM-6706db53ae1d7-6706dcbabfba0-242x242.png\" alt=\"Imagem do perfil de Khari A. Thompson\"\/>\t<\/div>\n<div class=\"m-author-card__text\">\n<h3 class=\"m-author-card__title\"><a href=\"https:\/\/www.boston.com\/author\/kharia-thompson\">Khari A. Thompson<\/a><\/h3>\n<p><span class=\"m-author-card__subtitle\">Rep\u00f3rter Esportivo<\/span>\t<\/div>\n<\/header>\n<section class=\"author-info\">\n<div class=\"m-author__section\">\n<p>Khari Thompson cobre esportes profissionais para Boston.com. Antes de ingressar no time em 2022, Khari cobriu futebol universit\u00e1rio para o The Clarion Ledger em Jackson, Mississipi.<\/p>\n<\/div>\n<\/section>\n<\/div>\n<div class=\"m-block m-generic-cta\t m-generic-cta--post-content\t m-generic-cta--dark\t m-generic-cta--homepage\t m-generic-cta--email-signup\t\t m-generic-cta-block-style--default \tt-amp__generic-cta\"><\/p>\n<div class=\"m-generic-cta__wrap\">\n<div class=\"m-generic-cta__content\">\n<h3 class=\"m-generic-cta__title\">Inscreva-se para receber atualiza\u00e7\u00f5es do Celtics\ud83c\udfc0<\/h3>\n<p class=\"m-generic-cta__subtitle\">Receba as \u00faltimas not\u00edcias e an\u00e1lises em sua caixa de entrada durante a temporada de basquete.<\/p>\n<\/p><\/div>\n<\/p><\/div>\n<\/div><\/div>\n<p><script async src=\"\/\/platform.twitter.com\/widgets.js\" charset=\"utf-8\"><\/script><script>\n\t\tvar consent=\"grant\";\n\t\t\/* The above code is parsing the JSON data from the local storage and storing it in a variable. *\/\n\t\t\t\t\tconst onetrustStorageConsent = JSON.parse(localStorage.getItem( 'consent_one_trust_bdc' ) );\n\t\t\tif ( ( onetrustStorageConsent !== null ) ) {\n\t\t\t\t\/* Checking to see if the user has consented to the use of cookies.\n\t\t\t\t* If they have not, it is deleting the cookie.\n\t\t\t\t* This will comment for now, until further notice.\n\t\t\t\t*\/\n\t\t\t\t\/\/if ( onetrustStorageConsent.C0002 === false ) {\n\t\t\t\t\/\/\tdocument.cookie=\"_fbp=;expires=Thu, 01 Jan 2010 00:00:00 UTC; path=\/; domain=.boston.com\";\n\t\t\t\t\/\/}\n\t\t\t\t\/* Checking if the user has given consent for the cookie C0002.\n\t\t\t\t* If the user has given consent, the variable consent will be set to 'grant'.\n\t\t\t\t* If the user has not given consent,the variable consent will be set to 'revoke'.\n\t\t\t\t* Documentation https:\/\/developers.facebook.com\/docs\/meta-pixel\/implementation\/gdpr\n\t\t\t\t*\/\n\t\t\t\tif ( onetrustStorageConsent.C0002 !== true ) {\n\t\t\t\t\tconsent=\"revoke\";\n\t\t\t\t}\n\t\t\t}\n\t\t\t\t!function(f,b,e,v,n,t,s)\n\t\t{if(f.fbq)return;n=f.fbq=function(){n.callMethod?\n\t\tn.callMethod.apply(n,arguments):n.queue.push(arguments)};\n\t\tif(!f._fbq)f._fbq=n;n.push=n;n.loaded=!0;n.version='2.0';\n\t\tn.queue=[];t=b.createElement(e);t.async=!0;\n\t\tt.src=v;s=b.getElementsByTagName(e)[0];\n\t\ts.parentNode.insertBefore(t,s)}(window, document,'script',\n\t\t'https:\/\/connect.facebook.net\/en_US\/fbevents.js');\n\t\tfbq('consent', consent);\n\t\tfbq('init', '989222871864976');\n\t\tfbq('track', 'PageView');\n\t<\/script><script type=\"module\">\n\t\tvar consent=\"grant\";\n\t\t\/* The above code is parsing the JSON data from the local storage and storing it in a variable. *\/\n\t\t\tconst onetrustStorageConsent = JSON.parse(localStorage.getItem( 'consent_one_trust_bdc' ) );\n\t\t\t\/* Checking to see if the user has consented to the use of cookies.\n\t\t\t* If they have not, it is deleting the cookie.\n\t\t\t* This will comment for now, until further notice.\n\t\t\t*\/\n\t\t\t\/\/if ( onetrustStorageConsent.C0002 === false ) {\n\t\t\t\/\/\tdocument.cookie=\"_fbp=;expires=Thu, 01 Jan 2010 00:00:00 UTC; path=\/; domain=.boston.com\";\n\t\t\t\/\/}\n\t\t\t\/* Checking if the user has given consent for the cookie C0002.\n\t\t\t* If the user has given consent, the variable consent will be set to 'grant'.\n\t\t\t* If the user has not given consent,the variable consent will be set to 'revoke'.\n\t\t\t* Documentation https:\/\/developers.facebook.com\/docs\/meta-pixel\/implementation\/gdpr\n\t\t\t*\/\n\t\t\tif ( ( onetrustStorageConsent !== null ) && (onetrustStorageConsent.C0002 !== true ) ) {\n\t\t\t\tconsent=\"revoke\";\n\t\t\t}\n\t\t\t\t!function(f,b,e,v,n,t,s){if(f.fbq)return;n=f.fbq=function()\n\t\t{n.callMethod? n.callMethod.apply(n,arguments):n.queue.push(arguments)}\n\t\t;if(!f._fbq)f._fbq=n;\n\t\tn.push=n;n.loaded=!0;n.version='2.0';n.queue=[];t=b.createElement(e);t.async=!0;\n\t\tt.src=v;s=b.getElementsByTagName(e)[0];s.parentNode.insertBefore(t,s)}(window,\n\t\tdocument,'script','https:\/\/connect.facebook.net\/en_US\/fbevents.js');\n\t\tfbq('consent', consent);\n\t\tfbq('init', '813236348753005');\n\t\tfbq('track', \"PageView\");\n\t<\/script><br \/>\n<br \/><br \/>\n<br \/><a href=\"https:\/\/www.boston.com\/sports\/boston-celtics\/2024\/12\/15\/kristaps-porzingis-heel-injury-celtics-wizards-quotes-comments\/\">Source link <\/a><\/p>","protected":false},"excerpt":{"rendered":"<p>Celtas Porzingis jogou 11 minutos contra o Wizards antes de uma les\u00e3o no calcanhar o tirar do jogo. Kristaps Porzingis est\u00e1 se recuperando de uma cirurgia no tornozelo. Erin Clark\/Equipe&hellip;<\/p>","protected":false},"author":1,"featured_media":77064,"comment_status":"closed","ping_status":"open","sticky":false,"template":"","format":"standard","meta":{"content-type":"","footnotes":""},"categories":[1],"tags":[],"class_list":["post-77063","post","type-post","status-publish","format-standard","has-post-thumbnail","hentry","category-uncategorized"],"_links":{"self":[{"href":"https:\/\/tvbrazilusa.com\/pt\/wp-json\/wp\/v2\/posts\/77063","targetHints":{"allow":["GET"]}}],"collection":[{"href":"https:\/\/tvbrazilusa.com\/pt\/wp-json\/wp\/v2\/posts"}],"about":[{"href":"https:\/\/tvbrazilusa.com\/pt\/wp-json\/wp\/v2\/types\/post"}],"author":[{"embeddable":true,"href":"https:\/\/tvbrazilusa.com\/pt\/wp-json\/wp\/v2\/users\/1"}],"replies":[{"embeddable":true,"href":"https:\/\/tvbrazilusa.com\/pt\/wp-json\/wp\/v2\/comments?post=77063"}],"version-history":[{"count":1,"href":"https:\/\/tvbrazilusa.com\/pt\/wp-json\/wp\/v2\/posts\/77063\/revisions"}],"predecessor-version":[{"id":77065,"href":"https:\/\/tvbrazilusa.com\/pt\/wp-json\/wp\/v2\/posts\/77063\/revisions\/77065"}],"wp:featuredmedia":[{"embeddable":true,"href":"https:\/\/tvbrazilusa.com\/pt\/wp-json\/wp\/v2\/media\/77064"}],"wp:attachment":[{"href":"https:\/\/tvbrazilusa.com\/pt\/wp-json\/wp\/v2\/media?parent=77063"}],"wp:term":[{"taxonomy":"category","embeddable":true,"href":"https:\/\/tvbrazilusa.com\/pt\/wp-json\/wp\/v2\/categories?post=77063"},{"taxonomy":"post_tag","embeddable":true,"href":"https:\/\/tvbrazilusa.com\/pt\/wp-json\/wp\/v2\/tags?post=77063"}],"curies":[{"name":"wp","href":"https:\/\/api.w.org\/{rel}","templated":true}]}}