{"id":77173,"date":"2024-12-16T14:43:29","date_gmt":"2024-12-16T14:43:29","guid":{"rendered":"https:\/\/tvbrazilusa.com\/2024\/12\/16\/3-acusados-de-briga-na-festa-de-aniversario-de-uma-crianca-em-webster-diz-a-policia\/"},"modified":"2024-12-16T14:48:13","modified_gmt":"2024-12-16T14:48:13","slug":"3-acusados-de-briga-na-festa-de-aniversario-de-uma-crianca-em-webster-diz-a-policia","status":"publish","type":"post","link":"https:\/\/tvbrazilusa.com\/pt\/2024\/12\/16\/3-acusados-de-briga-na-festa-de-aniversario-de-uma-crianca-em-webster-diz-a-policia\/","title":{"rendered":"3 acusados \u200b\u200b\u200b\u200bde briga na festa de anivers\u00e1rio de uma crian\u00e7a em Webster, diz a pol\u00edcia"},"content":{"rendered":"<p> <script async src=\"https:\/\/pagead2.googlesyndication.com\/pagead\/js\/adsbygoogle.js?client=ca-pub-8864793242727901\"\r\n     crossorigin=\"anonymous\"><\/script><br \/>\n<\/p>\n<div id=\"\">\n<header class=\"m-article-header m-article-header--standard\">\n\t\t\t\t\t\t\t\t\t\t\t\t<span id=\"article-header-primary-term\"><br \/>\n\t\t\t\t\t\t\t\t<a class=\"a-term a-term--primary\" href=\"https:\/\/www.boston.com\/tag\/crime\/\"><\/p>\n<p>\t\t\t\t\t\t\t\tCrime\t\t\t\t\t\t\t\t<\/a><br \/>\n\t\t\t\t\t\t\t<\/span><\/p>\n<h2 class=\"m-article-header__sub-headline\">Foi solicitada ajuda m\u00fatua porque a situa\u00e7\u00e3o se tornou \u201cmuito perigosa\u201d, disse a pol\u00edcia.<\/h2>\n<figure class=\"a-photo m-article-header__photo\"><figcaption class=\"a-photo__caption\">\n\t<em> <\/em>\t<\/figcaption><\/figure>\n<\/header>\n<p>Tr\u00eas homens est\u00e3o enfrentando acusa\u00e7\u00f5es ap\u00f3s uma briga que eclodiu na festa de anivers\u00e1rio de uma crian\u00e7a de 2 anos em Webster no m\u00eas passado, anunciaram as autoridades no domingo.<\/p>\n<p>Em 30 de novembro \u00e0s 20h15, a pol\u00edcia de Webster respondeu a uma den\u00fancia de uma grande briga na rua na 23 Everett Ave. <a href=\"https:\/\/www.facebook.com\/share\/p\/1Dad7q4zph\/\">de acordo com um comunicado da pol\u00edcia<\/a>.<\/p>\n<p>No local, os policiais conseguiram resolver o dist\u00farbio e fazer com que os envolvidos retornassem ao seu apartamento, disse a pol\u00edcia. <\/p>\n<p>Mas 10 minutos depois, as autoridades disseram ter recebido outra chamada relatando dist\u00farbios no mesmo endere\u00e7o, num apartamento no segundo andar.<\/p>\n<p>A pol\u00edcia disse ter visto evid\u00eancias de uma briga dentro da resid\u00eancia, onde os suspeitos estavam participando de uma festa de anivers\u00e1rio de uma crian\u00e7a de 2 anos.<\/p>\n<p>Enquanto a pol\u00edcia investigava, um homem, identificado como Jordan Campos, teria entrado no apartamento e tentado atacar outro homem, disseram as autoridades. <\/p>\n<p>Os policiais tentaram conter Campos, mas no meio da alterca\u00e7\u00e3o ele teria atingido um policial na parte superior do tronco e agarrado seu bolso direito. A pol\u00edcia usou t\u00e1ticas defensivas, incluindo um taser, para prender Campos.<\/p>\n<p>Enquanto isso acontecia, as autoridades disseram que mais pessoas entraram no apartamento e tentaram interferir na pris\u00e3o. As autoridades disseram que mais dois policiais foram agredidos. Eles solicitaram ajuda m\u00fatua porque a situa\u00e7\u00e3o se tornou \u201cmuito perigosa\u201d, disse a pol\u00edcia. <\/p>\n<p>No meio da luta, as autoridades fizeram in\u00fameras tentativas para obter atualiza\u00e7\u00f5es dos agentes no local, mas sem resposta de r\u00e1dio, os despachantes transmitiram um pedido de emerg\u00eancia a v\u00e1rios departamentos da \u00e1rea para obter assist\u00eancia. Departamentos de Douglas, Auburn, Oxford, Dudley, Southbridge, Sutton, Leicester e Worcester, e a Pol\u00edcia Estadual de Massachusetts responderam ao local.<\/p>\n<p>Campos, 27 anos, de Worcester, foi acusado de conduta desordeira (crime subsequente), perturba\u00e7\u00e3o da paz, resist\u00eancia \u00e0 pris\u00e3o, agress\u00e3o e agress\u00e3o a um policial (tr\u00eas acusa\u00e7\u00f5es) e tentativa de desarmar um policial.<\/p>\n<p>Marylin Lopez, 27, de Webster, foi acusada de agress\u00e3o e agress\u00e3o a um policial, resist\u00eancia \u00e0 pris\u00e3o, perturba\u00e7\u00e3o da paz, conduta desordeira e guardi\u00e3 de uma casa desordenada.<\/p>\n<p>Franklin Baez, 28 anos, de Worcester, foi acusado de agress\u00e3o e agress\u00e3o a um policial, resist\u00eancia \u00e0 pris\u00e3o, perturba\u00e7\u00e3o da paz e conduta desordeira.<\/p>\n<p><iframe src=\"https:\/\/www.google.com\/maps\/embed?pb=!1m18!1m12!1m3!1d2962.762768710876!2d-71.86783747937623!3d42.04826715560151!2m3!1f0!2f0!3f0!3m2!1i1024!2i768!4f13.1!3m3!1m2!1s0x89e41f37d3dc27bb%3A0x7659ad6af404b18e!2s23%20Everett%20Ave%2C%20Webster%2C%20MA%2001570!5e0!3m2!1sen!2sus!4v1734356346948!5m2!1sen!2sus\" width=\"600\" height=\"450\" style=\"border:0;\" allowfullscreen=\"\" loading=\"lazy\" referrerpolicy=\"no-referrer-when-downgrade\"><\/iframe><\/p>\n<div class=\"o-author-single has-avatar\">\n<header class=\"m-author-card\">\n<div class=\"a-image a-image--square m-author-card__image\">\n\t\t\t<\/div>\n<\/header>\n<section class=\"author-info\">\n<div class=\"m-author__section\">\n<p>Lindsay Shachnow cobre not\u00edcias de atribui\u00e7\u00f5es gerais para <a href=\"http:\/\/boston.com\/\">Boston.com<\/a>reportando as \u00faltimas not\u00edcias, crimes e pol\u00edtica em toda a Nova Inglaterra.<\/p>\n<\/div>\n<\/section>\n<\/div>\n<div class=\"m-block m-generic-cta\t m-generic-cta--post-content\t m-generic-cta--dark\t m-generic-cta--homepage\t m-generic-cta--email-signup\t\t m-generic-cta-block-style--default \tt-amp__generic-cta\"><\/p>\n<div class=\"m-generic-cta__wrap\">\n<div class=\"m-generic-cta__content\">\n<h3 class=\"m-generic-cta__title\">Boston.com hoje<\/h3>\n<p class=\"m-generic-cta__subtitle\">Inscreva-se para receber as \u00faltimas manchetes em sua caixa de entrada todas as manh\u00e3s.<\/p>\n<\/p><\/div>\n<\/p><\/div>\n<\/div><\/div>\n<p><script>\n\t\tvar consent=\"grant\";\n\t\t\/* The above code is parsing the JSON data from the local storage and storing it in a variable. *\/\n\t\t\t\t\tconst onetrustStorageConsent = JSON.parse(localStorage.getItem( 'consent_one_trust_bdc' ) );\n\t\t\tif ( ( onetrustStorageConsent !== null ) ) {\n\t\t\t\t\/* Checking to see if the user has consented to the use of cookies.\n\t\t\t\t* If they have not, it is deleting the cookie.\n\t\t\t\t* This will comment for now, until further notice.\n\t\t\t\t*\/\n\t\t\t\t\/\/if ( onetrustStorageConsent.C0002 === false ) {\n\t\t\t\t\/\/\tdocument.cookie=\"_fbp=;expires=Thu, 01 Jan 2010 00:00:00 UTC; path=\/; domain=.boston.com\";\n\t\t\t\t\/\/}\n\t\t\t\t\/* Checking if the user has given consent for the cookie C0002.\n\t\t\t\t* If the user has given consent, the variable consent will be set to 'grant'.\n\t\t\t\t* If the user has not given consent,the variable consent will be set to 'revoke'.\n\t\t\t\t* Documentation https:\/\/developers.facebook.com\/docs\/meta-pixel\/implementation\/gdpr\n\t\t\t\t*\/\n\t\t\t\tif ( onetrustStorageConsent.C0002 !== true ) {\n\t\t\t\t\tconsent=\"revoke\";\n\t\t\t\t}\n\t\t\t}\n\t\t\t\t!function(f,b,e,v,n,t,s)\n\t\t{if(f.fbq)return;n=f.fbq=function(){n.callMethod?\n\t\tn.callMethod.apply(n,arguments):n.queue.push(arguments)};\n\t\tif(!f._fbq)f._fbq=n;n.push=n;n.loaded=!0;n.version='2.0';\n\t\tn.queue=[];t=b.createElement(e);t.async=!0;\n\t\tt.src=v;s=b.getElementsByTagName(e)[0];\n\t\ts.parentNode.insertBefore(t,s)}(window, document,'script',\n\t\t'https:\/\/connect.facebook.net\/en_US\/fbevents.js');\n\t\tfbq('consent', consent);\n\t\tfbq('init', '989222871864976');\n\t\tfbq('track', 'PageView');\n\t<\/script><script type=\"module\">\n\t\tvar consent=\"grant\";\n\t\t\/* The above code is parsing the JSON data from the local storage and storing it in a variable. *\/\n\t\t\tconst onetrustStorageConsent = JSON.parse(localStorage.getItem( 'consent_one_trust_bdc' ) );\n\t\t\t\/* Checking to see if the user has consented to the use of cookies.\n\t\t\t* If they have not, it is deleting the cookie.\n\t\t\t* This will comment for now, until further notice.\n\t\t\t*\/\n\t\t\t\/\/if ( onetrustStorageConsent.C0002 === false ) {\n\t\t\t\/\/\tdocument.cookie=\"_fbp=;expires=Thu, 01 Jan 2010 00:00:00 UTC; path=\/; domain=.boston.com\";\n\t\t\t\/\/}\n\t\t\t\/* Checking if the user has given consent for the cookie C0002.\n\t\t\t* If the user has given consent, the variable consent will be set to 'grant'.\n\t\t\t* If the user has not given consent,the variable consent will be set to 'revoke'.\n\t\t\t* Documentation https:\/\/developers.facebook.com\/docs\/meta-pixel\/implementation\/gdpr\n\t\t\t*\/\n\t\t\tif ( ( onetrustStorageConsent !== null ) && (onetrustStorageConsent.C0002 !== true ) ) {\n\t\t\t\tconsent=\"revoke\";\n\t\t\t}\n\t\t\t\t!function(f,b,e,v,n,t,s){if(f.fbq)return;n=f.fbq=function()\n\t\t{n.callMethod? n.callMethod.apply(n,arguments):n.queue.push(arguments)}\n\t\t;if(!f._fbq)f._fbq=n;\n\t\tn.push=n;n.loaded=!0;n.version='2.0';n.queue=[];t=b.createElement(e);t.async=!0;\n\t\tt.src=v;s=b.getElementsByTagName(e)[0];s.parentNode.insertBefore(t,s)}(window,\n\t\tdocument,'script','https:\/\/connect.facebook.net\/en_US\/fbevents.js');\n\t\tfbq('consent', consent);\n\t\tfbq('init', '813236348753005');\n\t\tfbq('track', \"PageView\");\n\t<\/script><br \/>\n<br \/><br \/>\n<br \/><a href=\"https:\/\/www.boston.com\/news\/crime\/2024\/12\/16\/3-charged-in-brawl-at-toddlers-birthday-party-in-webster-police-say\/\">Source link <\/a><\/p>","protected":false},"excerpt":{"rendered":"<p>Crime Foi solicitada ajuda m\u00fatua porque a situa\u00e7\u00e3o se tornou \u201cmuito perigosa\u201d, disse a pol\u00edcia. Tr\u00eas homens est\u00e3o enfrentando acusa\u00e7\u00f5es ap\u00f3s uma briga que eclodiu na festa de anivers\u00e1rio de&hellip;<\/p>","protected":false},"author":1,"featured_media":62746,"comment_status":"closed","ping_status":"open","sticky":false,"template":"","format":"standard","meta":{"content-type":"","footnotes":""},"categories":[1],"tags":[],"class_list":["post-77173","post","type-post","status-publish","format-standard","has-post-thumbnail","hentry","category-uncategorized"],"_links":{"self":[{"href":"https:\/\/tvbrazilusa.com\/pt\/wp-json\/wp\/v2\/posts\/77173","targetHints":{"allow":["GET"]}}],"collection":[{"href":"https:\/\/tvbrazilusa.com\/pt\/wp-json\/wp\/v2\/posts"}],"about":[{"href":"https:\/\/tvbrazilusa.com\/pt\/wp-json\/wp\/v2\/types\/post"}],"author":[{"embeddable":true,"href":"https:\/\/tvbrazilusa.com\/pt\/wp-json\/wp\/v2\/users\/1"}],"replies":[{"embeddable":true,"href":"https:\/\/tvbrazilusa.com\/pt\/wp-json\/wp\/v2\/comments?post=77173"}],"version-history":[{"count":1,"href":"https:\/\/tvbrazilusa.com\/pt\/wp-json\/wp\/v2\/posts\/77173\/revisions"}],"predecessor-version":[{"id":77174,"href":"https:\/\/tvbrazilusa.com\/pt\/wp-json\/wp\/v2\/posts\/77173\/revisions\/77174"}],"wp:featuredmedia":[{"embeddable":true,"href":"https:\/\/tvbrazilusa.com\/pt\/wp-json\/wp\/v2\/media\/62746"}],"wp:attachment":[{"href":"https:\/\/tvbrazilusa.com\/pt\/wp-json\/wp\/v2\/media?parent=77173"}],"wp:term":[{"taxonomy":"category","embeddable":true,"href":"https:\/\/tvbrazilusa.com\/pt\/wp-json\/wp\/v2\/categories?post=77173"},{"taxonomy":"post_tag","embeddable":true,"href":"https:\/\/tvbrazilusa.com\/pt\/wp-json\/wp\/v2\/tags?post=77173"}],"curies":[{"name":"wp","href":"https:\/\/api.w.org\/{rel}","templated":true}]}}