{"id":77193,"date":"2024-12-16T15:37:01","date_gmt":"2024-12-16T15:37:01","guid":{"rendered":"https:\/\/tvbrazilusa.com\/2024\/12\/16\/ex-governador-do-tocantins-e-detido-suspeito-de-planejar-fuga\/"},"modified":"2024-12-16T15:37:03","modified_gmt":"2024-12-16T15:37:03","slug":"ex-governador-do-tocantins-e-detido-suspeito-de-planejar-fuga","status":"publish","type":"post","link":"https:\/\/tvbrazilusa.com\/pt\/2024\/12\/16\/ex-governador-do-tocantins-e-detido-suspeito-de-planejar-fuga\/","title":{"rendered":"Ex-governador do Tocantins \u00e9 detido suspeito de planejar fuga"},"content":{"rendered":"<p> <script async src=\"https:\/\/pagead2.googlesyndication.com\/pagead\/js\/adsbygoogle.js?client=ca-pub-8864793242727901\"\r\n     crossorigin=\"anonymous\"><\/script><br \/>\n<\/p>\n<div id=\"taboola-read-more\" style=\"display:block; width:100%\">\n<p>O ex-governador do Tocantins, Mauro Carlesse, foi preso no domingo (15.dez.2024) sob a suspeita de planejar sua fuga para o exterior. O Gaeco (Grupo de Atua\u00e7\u00e3o Especial de Combate ao Crime Organizado) prendeu Carlesse na fazenda dele, localizada em S\u00e3o Salvador, sul do Estado.\n<\/p>\n<p>De acordo com o Minist\u00e9rio P\u00fablico, o Gaeco cumpria mandados de pris\u00e3o preventiva e de busca e apreens\u00e3o expedidos pela 3\u00aa Vara Criminal de Palmas (TO). Outro mandado foi expedido contra o ex-secret\u00e1rio Claudinei Quaresemin, que tamb\u00e9m \u00e9 investigado por envolvimento em esquema de corrup\u00e7\u00e3o.<\/p>\n<p>Segundo a 3\u00aa Vara Criminal de Palmas, o ex-governador conseguiu emitir um passaporte italiano e uma identidade uruguaia. \u201cEvidencia-se a necessidade de se resguardar a instru\u00e7\u00e3o criminal e a aplica\u00e7\u00e3o da lei penal atrav\u00e9s da pris\u00e3o cautelar antes que os acusados empreendam fuga para o exterior\u201d, diz a decis\u00e3o, divulgada pelo portal g1.\n<\/p>\n<p>\u201cPrestar esclarecimento para a Justi\u00e7a. Um mandado n\u00e3o sei o porqu\u00ea, dizendo que ia fugir do pa\u00eds, coisa parecida com isso. Ainda n\u00e3o tenho acesso, mas vou me inteirar para poder me defender e estou a disposi\u00e7\u00e3o da Justi\u00e7a\u201d, afirmou Mauro Carlesse ap\u00f3s a pris\u00e3o.\n<\/p>\n<p>Em outubro de 2021 o ministro do Superior Tribunal de Justi\u00e7a, Mauro Campbell, determinou o afastamento de 6 meses do governador, sob suspeita de crimes no \u00e2mbito da Sa\u00fade e da Seguran\u00e7a P\u00fablica. A decis\u00e3o ocorreu ap\u00f3s uma opera\u00e7\u00e3o da Pol\u00edcia Federal para desarticular uma organiza\u00e7\u00e3o criminosa que tentou impedir investiga\u00e7\u00f5es sobre atos ilegais relacionados ao governo.\n<\/p>\n<p>No dia 11 mar\u00e7o de 2022, Mauro Carlesse renunciou ao cargo de governador do Tocantins, perdendo a prerrogativa de foro do cargo. Dias depois, o ministro do Superior Tribunal de Justi\u00e7a determinou as investiga\u00e7\u00f5es criminais relacionadas ao ex-governador, al\u00e9m do envio dos processos.<\/p>\n<p>Fonte: Poder360              <\/p>\n<\/div>\n<p><br \/>\n<br \/><a href=\"https:\/\/diariodobrasilnoticias.com.br\/noticia\/ex-governador-do-tocantins-e-detido-suspeito-de-planejar-fuga-676026ac5a59a\">Source link <\/a><\/p>","protected":false},"excerpt":{"rendered":"<p>O ex-governador do Tocantins, Mauro Carlesse, foi preso no domingo (15.dez.2024) sob a suspeita de planejar sua fuga para o exterior. O Gaeco (Grupo de Atua\u00e7\u00e3o Especial de Combate ao&hellip;<\/p>","protected":false},"author":1,"featured_media":77194,"comment_status":"closed","ping_status":"open","sticky":false,"template":"","format":"standard","meta":{"content-type":"","footnotes":""},"categories":[16],"tags":[123,2448,5313,1267],"class_list":["post-77193","post","type-post","status-publish","format-standard","has-post-thumbnail","hentry","category-noticias","tag-brasil","tag-diario","tag-noticia","tag-noticias"],"_links":{"self":[{"href":"https:\/\/tvbrazilusa.com\/pt\/wp-json\/wp\/v2\/posts\/77193","targetHints":{"allow":["GET"]}}],"collection":[{"href":"https:\/\/tvbrazilusa.com\/pt\/wp-json\/wp\/v2\/posts"}],"about":[{"href":"https:\/\/tvbrazilusa.com\/pt\/wp-json\/wp\/v2\/types\/post"}],"author":[{"embeddable":true,"href":"https:\/\/tvbrazilusa.com\/pt\/wp-json\/wp\/v2\/users\/1"}],"replies":[{"embeddable":true,"href":"https:\/\/tvbrazilusa.com\/pt\/wp-json\/wp\/v2\/comments?post=77193"}],"version-history":[{"count":1,"href":"https:\/\/tvbrazilusa.com\/pt\/wp-json\/wp\/v2\/posts\/77193\/revisions"}],"predecessor-version":[{"id":77195,"href":"https:\/\/tvbrazilusa.com\/pt\/wp-json\/wp\/v2\/posts\/77193\/revisions\/77195"}],"wp:featuredmedia":[{"embeddable":true,"href":"https:\/\/tvbrazilusa.com\/pt\/wp-json\/wp\/v2\/media\/77194"}],"wp:attachment":[{"href":"https:\/\/tvbrazilusa.com\/pt\/wp-json\/wp\/v2\/media?parent=77193"}],"wp:term":[{"taxonomy":"category","embeddable":true,"href":"https:\/\/tvbrazilusa.com\/pt\/wp-json\/wp\/v2\/categories?post=77193"},{"taxonomy":"post_tag","embeddable":true,"href":"https:\/\/tvbrazilusa.com\/pt\/wp-json\/wp\/v2\/tags?post=77193"}],"curies":[{"name":"wp","href":"https:\/\/api.w.org\/{rel}","templated":true}]}}