{"id":77215,"date":"2024-12-16T15:43:09","date_gmt":"2024-12-16T15:43:09","guid":{"rendered":"https:\/\/tvbrazilusa.com\/2024\/12\/16\/jerod-mayo-respondeu-a-perguntas-sobre-comentarios-pos-jogo-e-reacoes-de-kraft-as-jogadas-dos-patriots\/"},"modified":"2024-12-16T16:07:11","modified_gmt":"2024-12-16T16:07:11","slug":"jerod-mayo-respondeu-a-perguntas-sobre-comentarios-pos-jogo-e-reacoes-de-kraft-as-jogadas-dos-patriots","status":"publish","type":"post","link":"https:\/\/tvbrazilusa.com\/pt\/2024\/12\/16\/jerod-mayo-respondeu-a-perguntas-sobre-comentarios-pos-jogo-e-reacoes-de-kraft-as-jogadas-dos-patriots\/","title":{"rendered":"Jerod Mayo respondeu a perguntas sobre coment\u00e1rios p\u00f3s-jogo e rea\u00e7\u00f5es de Kraft \u00e0s jogadas dos Patriots"},"content":{"rendered":"<p> <script async src=\"https:\/\/pagead2.googlesyndication.com\/pagead\/js\/adsbygoogle.js?client=ca-pub-8864793242727901\"\r\n     crossorigin=\"anonymous\"><\/script><br \/>\n<\/p>\n<div id=\"\">\n<header class=\"m-article-header m-article-header--standard\">\n\t\t\t\t\t\t\t\t\t\t\t\t<span id=\"article-header-primary-term\"><br \/>\n\t\t\t\t\t\t\t\t<a class=\"a-term a-term--primary\" href=\"https:\/\/www.boston.com\/tag\/morning-sports-update\/\"><\/p>\n<p>\t\t\t\t\t\t\t\tAtualiza\u00e7\u00e3o esportiva matinal\t\t\t\t\t\t\t\t<\/a><br \/>\n\t\t\t\t\t\t\t<\/span><\/p>\n<h2 class=\"m-article-header__sub-headline\">Mayo foi questionado v\u00e1rias vezes sobre o v\u00eddeo viral que parecia mostrar o descontentamento de Jonathan Kraft com as decis\u00f5es de treinamento da equipe.<\/h2>\n<figure class=\"a-photo m-article-header__photo\"><figcaption class=\"a-photo__caption\">\n<p>\tJerod Mayo durante a confer\u00eancia de imprensa p\u00f3s-jogo do Patriots-Cardinals.<em> AP Foto\/Ross D. Franklin<\/em>\t<\/figcaption><\/figure>\n<div class=\"m-article-header__meta\">\n<div class=\"m-article-header__byline\">\n<p class=\"m-article-header__author\">\n<p>\t\t\t\t\t\t\t\tPor <a class=\"a-link a-link--inline\" href=\"https:\/\/www.boston.com\/author\/hayden-bird\/\">P\u00e1ssaro Hayden<\/a>\t\t\t\t\t\t\t<\/p>\n<p>\t\t\t\t\t\t\t\t\t\t\t\t\t\t\t<time class=\"m-article-header__date\"><\/p>\n<p>\t\t\t\t\t\t\t\t\t16 de dezembro de 2024 | 10h43\t\t\t\t\t\t\t\t<\/time><\/p>\n<p><span>4 minutos para ler<\/span><\/p>\n<\/p><\/div>\n<\/p><\/div>\n<\/header>\n<p><strong>Coment\u00e1rios de Jerod Mayo<\/strong>: No que se tornou um <a href=\"https:\/\/www.boston.com\/sports\/new-england-patriots\/2024\/04\/29\/jerod-mayo-weei-new-england-patriots-nfl-football-offseason\/\">ineg\u00e1vel<\/a> <a href=\"https:\/\/www.boston.com\/sports\/morning-sports-update\/2024\/12\/02\/jerod-mayo-patriots-super-bowl-reference-timeout-usage\/\">padr\u00e3o<\/a> em sua primeira temporada como t\u00e9cnico do Patriots, Jerod Mayo passou parte de seu tempo mais recente com a m\u00eddia retrucando um coment\u00e1rio anterior que fez \u00e0 mesma m\u00eddia.<\/p>\n<p>Seguindo mais um <a href=\"https:\/\/www.boston.com\/sports\/new-england-patriots\/2024\/12\/15\/patriots-vs-cardinals-live-updates-score-blog-can-patriots-win-after-bye-week\/\">Perda dos patriotas<\/a>Mayo fez uma declara\u00e7\u00e3o de cinco palavras durante a coletiva de imprensa p\u00f3s-jogo de domingo que atraiu algumas sobrancelhas.<\/p>\n<p>Questionado sobre por que os Patriots n\u00e3o usaram o novato Drake Maye como quarterback \u2013 dada a clara habilidade de Maye de fazer jogadas movendo a bola no ch\u00e3o e tamb\u00e9m no ar \u2013 Mayo forneceu uma resposta. <a href=\"https:\/\/www.boston.com\/sports\/new-england-patriots\/2024\/12\/15\/jerod-mayo-alex-van-pelt-drake-maye-new-england-patriots-play-calls-cardinals\/?p1=hp_secondary\">resposta curiosa<\/a>.<\/p>\n<p>\u201cVoc\u00ea disse isso. Eu n\u00e3o fiz isso\u201d, ele brincou.<\/p>\n<p>A observa\u00e7\u00e3o poderia ter sido interpretada como um tiro contra seu pr\u00f3prio coordenador ofensivo, Alex Van Pelt, em rela\u00e7\u00e3o \u00e0 sele\u00e7\u00e3o do play-call. Mayo tentou limpar a cita\u00e7\u00e3o em uma resposta complementar.<\/p>\n<p>\u201cA decis\u00e3o \u00e9 sempre minha\u201d, acrescentou Mayo. \u201cEu diria, olha, o quarterback obviamente tem um bom par de pernas e faz um bom trabalho ao correr a bola. N\u00f3s simplesmente escolhemos n\u00e3o fazer isso l\u00e1.\u201d<\/p>\n<p>Reconhecendo que a \u00fanica frase causou agita\u00e7\u00e3o, Mayo liderou seu <a href=\"https:\/\/www.youtube.com\/live\/z_5BGbaiqXs?si=cNiJGLorrGuNo9ED\">Confer\u00eancia de imprensa da manh\u00e3 de segunda-feira<\/a> com uma declara\u00e7\u00e3o adicional sobre a observa\u00e7\u00e3o.<\/p>\n<p>\u201cSei que houve muita conversa sobre a quest\u00e3o ontem \u00e0 noite: &#8216;Voc\u00ea disse isso&#8217;. Eu n\u00e3o quis dizer nada com isso\u201d, Mayo <a href=\"https:\/\/nesn.com\/2024\/12\/just-another-monday-jerod-mayo-walks-back-headline-grabbing-comments\/\">contado<\/a> rep\u00f3rteres. \u201cFoi mais uma resposta defensiva e, em \u00faltima an\u00e1lise, tentei esclarecer isso com a pergunta de acompanhamento, porque, em \u00faltima an\u00e1lise, todas essas decis\u00f5es s\u00e3o minhas. Ent\u00e3o, s\u00f3 queria divulgar isso.<\/p>\n<p>Questionado sobre o que ele quis dizer com \u201cresposta defensiva\u201d, Mayo elaborou.<\/p>\n<p>\u201cSim, foi apenas mais [that] Eu n\u00e3o quis dizer nada com isso\u201d, acrescentou Mayo. \u201cEu simplesmente pensei, &#8216;Voc\u00ea disse isso&#8217; porque eu n\u00e3o queria entrar naquela toca do coelho tentando explicar todas essas coisas. E como acabei de dizer, tentei esclarecer isso com a pergunta seguinte, dizendo que todas essas situa\u00e7\u00f5es cr\u00edticas me perseguem.\u201d<\/p>\n<p>Mais tarde, durante sua entrevista semanal ao WEEI&#8217;s \u201c<a href=\"https:\/\/www.youtube.com\/live\/yZ7wudse7G4?si=HpZSUDi10EdfSE2k\">O programa de Greg Hill<\/a>\u201d, Mayo foi mais longe, observando que havia entrado em contato com Van Pelt no in\u00edcio da manh\u00e3 para esclarecer as coisas.<\/p>\n<p>\u201cEu nem pensei que seria uma grande hist\u00f3ria hoje\u201d, disse ele aos co-apresentadores do programa. \u201cFalei com ele esta manh\u00e3 e ele disse: &#8216;Sim, do que voc\u00ea est\u00e1 falando?&#8217;\u201d<\/p>\n<p>\u201cOlha, eu n\u00e3o deveria ter feito isso\u201d, concluiu Mayo sobre o epis\u00f3dio. \u201cE, novamente, assim como digo aos jogadores, ainda estou aprendendo como essas coisas funcionam.\u201d<\/p>\n<p>Um dos outros momentos dif\u00edceis que surgiram no jogo de domingo do ponto de vista dos Patriots foi um clipe n\u00e3o relacionado ao futebol durante a transmiss\u00e3o, quando <a href=\"https:\/\/x.com\/John_Zannis\/status\/1868422348204105849\">C\u00e2meras da CBS cortadas para Robert e Jonathan Kraft<\/a> assistindo ao jogo nas arquibancadas.<\/p>\n<p>Os gestos e a express\u00e3o de Jonathan transmitiram claramente a decep\u00e7\u00e3o que provavelmente estava sendo sentida pelo p\u00fablico mais amplo de torcedores dos Patriots que assistiam ao jogo.<\/p>\n<p>\u201cEu n\u00e3o vi nada parecido, ent\u00e3o n\u00e3o tenho certeza do que voc\u00ea est\u00e1 falando\u201d, disse Mayo quando questionado sobre o v\u00eddeo. \u201cO que direi \u00e9 que eles nos apoiaram totalmente como equipe e, vejam, eles s\u00e3o grandes f\u00e3s do time que possuem. Ent\u00e3o, o que quer que eles digam, foi o que eles disseram.\u201d<\/p>\n<p>Durante a entrevista do WEEI, ele fez um segundo coment\u00e1rio sobre o clipe da Kraft.<\/p>\n<p>\u201cEu n\u00e3o vi o clipe. Eu ouvi sobre isso esta manh\u00e3\u201d, Mayo <a href=\"https:\/\/www.bostonherald.com\/2024\/12\/16\/jerod-mayo-claims-he-meant-nothing-by-comments-deemed-critical-of-patriots-oc\/\">observado<\/a>. \u201cMas veja, eles s\u00e3o os donos do time de futebol. Eles s\u00e3o torcedores do time e nos apoiaram 100 por cento no lado do futebol para n\u00e3o nos envolvermos nessas coisas, o que tem sido bom.\u201d<\/p>\n<p><strong>Pontua\u00e7\u00f5es e hor\u00e1rios<\/strong>: <\/p>\n<p>Os Patriots perderam para os Cardinals <a href=\"https:\/\/www.boston.com\/sports\/new-england-patriots\/2024\/12\/15\/patriots-vs-cardinals-live-updates-score-blog-can-patriots-win-after-bye-week\/\">30-17<\/a> no domingo. A Nova Inglaterra est\u00e1 agora com 3-11 na temporada.<\/p>\n<p>Tamb\u00e9m a partir de domingo, o Celtics derrotou o Wizards <a href=\"https:\/\/www.boston.com\/sports\/boston-celtics\/2024\/12\/15\/jayson-tatum-leads-celtics-to-business-like-win-against-overmatched-wizards-6-takeaways\/\">112-98<\/a>. O Boston jogar\u00e1 novamente na quinta-feira em casa contra o Bulls.<\/p>\n<p>Amanh\u00e3, a Frota de Boston recebe Ottawa no Tsongas Center \u00e0s 19h.<\/p>\n<p>Os Bruins tamb\u00e9m jogam na ter\u00e7a-feira, enfrentando o Flames em Calgary, \u00e0s 21h.<\/p>\n<p><strong>Mais de Boston.com<\/strong>: <\/p>\n<p><strong>A vida chega (Oliver Wahlstrom) r\u00e1pido<\/strong>: A recente adi\u00e7\u00e3o ao elenco dos Bruins tem uma grande hist\u00f3ria no TD Garden.<\/p>\n<blockquote class=\"twitter-tweet\">\n<p lang=\"en\" dir=\"ltr\">Oliver Wahlstrom, de 9 anos, fez isso no TD Garden, casa do Boston Bruins\u2026<\/p>\n<p>Hoje, Oliver Wahlstrom, de 24 anos, foi reivindicado por isen\u00e7\u00e3o pelo Boston Bruins \ud83e\udd2f <a href=\"https:\/\/t.co\/LEU8f5Ecwb\">pic.twitter.com\/LEU8f5Ecwb<\/a><\/p>\n<p>&#8211; B\/R Open Ice (@BR_OpenIce) <a href=\"https:\/\/twitter.com\/BR_OpenIce\/status\/1868028517293707657?ref_src=twsrc%5Etfw\">14 de dezembro de 2024<\/a><\/p><\/blockquote>\n<p><strong>O touchdown mais idiota de domingo<\/strong>: \u00c0s vezes, o truque de passagem dupla n\u00e3o funciona.<\/p>\n<blockquote class=\"twitter-tweet\">\n<p lang=\"it\" dir=\"ltr\">CASA BONITO!!!!<a href=\"https:\/\/twitter.com\/hashtag\/ProBowlVote?src=hash&#038;ref_src=twsrc%5Etfw\">#ProBowlVote<\/a> + <a href=\"https:\/\/twitter.com\/nikkkkbonitto?ref_src=twsrc%5Etfw\">@nikkbonitto<\/a> <a href=\"https:\/\/t.co\/F3PgKZ0dry\">pic.twitter.com\/F3PgKZ0dry<\/a><\/p>\n<p>-Denver Broncos (@Broncos) <a href=\"https:\/\/twitter.com\/Broncos\/status\/1868446041219203558?ref_src=twsrc%5Etfw\">16 de dezembro de 2024<\/a><\/p><\/blockquote>\n<p><strong>Neste dia<\/strong>: Em 1979, os Patriots organizaram uma manifesta\u00e7\u00e3o tardia para derrotar os Vikings, <a href=\"https:\/\/www.pro-football-reference.com\/boxscores\/197912160nwe.htm?__hstc=205977932.eef378d9d4e54ea277eeced25bd93398.1723553005180.1733928497833.1734357851073.40&#038;__hssc=205977932.3.1734357851073&#038;__hsfp=336580338\">27-23<\/a>mas encerrou a temporada de forma decepcionante, depois de n\u00e3o chegar aos playoffs. A Nova Inglaterra marcou 20 pontos no quarto per\u00edodo, salvando a vit\u00f3ria para terminar a temporada por 9-7. Mesmo assim, depois de sofrer uma seq\u00fc\u00eancia de tr\u00eas derrotas consecutivas no final da temporada \u2013 elevando o recorde do time de 8-4 para 8-7 \u2013 os Patriots ficaram aqu\u00e9m na persegui\u00e7\u00e3o p\u00f3s-temporada.<\/p>\n<figure class=\"wp-block-image size-full\"><img fetchpriority=\"high\" decoding=\"async\" width=\"2560\" height=\"1444\" src=\"https:\/\/bdc2020.o0bc.com\/wp-content\/uploads\/2024\/12\/1979_Patriots_Vikings-6760363d206fc-scaled.jpg\" alt=\"Patriotas de 1979\" class=\"wp-image-32505186\" srcset=\"https:\/\/bdc2020.o0bc.com\/wp-content\/uploads\/2024\/12\/1979_Patriots_Vikings-6760363d206fc-scaled.jpg?width=200 200w, https:\/\/bdc2020.o0bc.com\/wp-content\/uploads\/2024\/12\/1979_Patriots_Vikings-6760363d206fc-scaled.jpg?width=300 300w, https:\/\/bdc2020.o0bc.com\/wp-content\/uploads\/2024\/12\/1979_Patriots_Vikings-6760363d206fc-scaled.jpg?width=400 400w, https:\/\/bdc2020.o0bc.com\/wp-content\/uploads\/2024\/12\/1979_Patriots_Vikings-6760363d206fc-scaled.jpg?width=500 500w, https:\/\/bdc2020.o0bc.com\/wp-content\/uploads\/2024\/12\/1979_Patriots_Vikings-6760363d206fc-scaled.jpg?width=600 600w, https:\/\/bdc2020.o0bc.com\/wp-content\/uploads\/2024\/12\/1979_Patriots_Vikings-6760363d206fc-scaled.jpg?width=700 700w, https:\/\/bdc2020.o0bc.com\/wp-content\/uploads\/2024\/12\/1979_Patriots_Vikings-6760363d206fc-scaled.jpg?width=800 800w, https:\/\/bdc2020.o0bc.com\/wp-content\/uploads\/2024\/12\/1979_Patriots_Vikings-6760363d206fc-scaled.jpg?width=900 900w\" sizes=\"(max-width: 2560px) 100vw, 2560px\"\/><\/figure>\n<p><strong>Destaque di\u00e1rio<\/strong>: Drake Maye deu um dos poucos destaques para os Patriots em mais uma derrota no domingo.<\/p>\n<blockquote class=\"twitter-tweet\">\n<p lang=\"en\" dir=\"ltr\">Drake Maye fazendo pe\u00e7as para o <a href=\"https:\/\/twitter.com\/Patriots?ref_src=twsrc%5Etfw\">@Patriotas<\/a> TD!<\/p>\n<p>\ud83d\udcfa: <a href=\"https:\/\/twitter.com\/hashtag\/NEvsAZ?src=hash&#038;ref_src=twsrc%5Etfw\">#NEvsAZ<\/a> na CBS\/Paramount+<br \/>\ud83d\udcf1: <a href=\"https:\/\/t.co\/waVpO909ge\">https:\/\/t.co\/waVpO909ge<\/a> <a href=\"https:\/\/t.co\/jVEltTKTo8\">pic.twitter.com\/jVEltTKTo8<\/a><\/p>\n<p>-NFL (@NFL) <a href=\"https:\/\/twitter.com\/NFL\/status\/1868443169760907584?ref_src=twsrc%5Etfw\">15 de dezembro de 2024<\/a><\/p><\/blockquote>\n<div class=\"o-author-single no-avatar\">\n<header class=\"m-author-card\">\n<\/header>\n<section class=\"author-info\">\n<div class=\"m-author__section\">\n<p>Hayden Bird \u00e9 redator de esportes do Boston.com, onde trabalha desde 2016. Ele cobre todos os assuntos esportivos na Nova Inglaterra.<\/p>\n<\/div>\n<\/section>\n<\/div>\n<div class=\"m-block m-generic-cta\t m-generic-cta--post-content\t m-generic-cta--dark\t m-generic-cta--homepage\t m-generic-cta--email-signup\t\t m-generic-cta-block-style--default \tt-amp__generic-cta\"><\/p>\n<div class=\"m-generic-cta__wrap\">\n<div class=\"m-generic-cta__content\">\n<h3 class=\"m-generic-cta__title\">Inscreva-se para receber atualiza\u00e7\u00f5es do Patriots\ud83c\udfc8<\/h3>\n<p class=\"m-generic-cta__subtitle\">Receba as \u00faltimas not\u00edcias e an\u00e1lises em sua caixa de entrada durante a temporada de futebol.<\/p>\n<\/p><\/div>\n<\/p><\/div>\n<\/div><\/div>\n<p><script async src=\"\/\/platform.twitter.com\/widgets.js\" charset=\"utf-8\"><\/script><script>\n\t\tvar consent=\"grant\";\n\t\t\/* The above code is parsing the JSON data from the local storage and storing it in a variable. *\/\n\t\t\t\t\tconst onetrustStorageConsent = JSON.parse(localStorage.getItem( 'consent_one_trust_bdc' ) );\n\t\t\tif ( ( onetrustStorageConsent !== null ) ) {\n\t\t\t\t\/* Checking to see if the user has consented to the use of cookies.\n\t\t\t\t* If they have not, it is deleting the cookie.\n\t\t\t\t* This will comment for now, until further notice.\n\t\t\t\t*\/\n\t\t\t\t\/\/if ( onetrustStorageConsent.C0002 === false ) {\n\t\t\t\t\/\/\tdocument.cookie=\"_fbp=;expires=Thu, 01 Jan 2010 00:00:00 UTC; path=\/; domain=.boston.com\";\n\t\t\t\t\/\/}\n\t\t\t\t\/* Checking if the user has given consent for the cookie C0002.\n\t\t\t\t* If the user has given consent, the variable consent will be set to 'grant'.\n\t\t\t\t* If the user has not given consent,the variable consent will be set to 'revoke'.\n\t\t\t\t* Documentation https:\/\/developers.facebook.com\/docs\/meta-pixel\/implementation\/gdpr\n\t\t\t\t*\/\n\t\t\t\tif ( onetrustStorageConsent.C0002 !== true ) {\n\t\t\t\t\tconsent=\"revoke\";\n\t\t\t\t}\n\t\t\t}\n\t\t\t\t!function(f,b,e,v,n,t,s)\n\t\t{if(f.fbq)return;n=f.fbq=function(){n.callMethod?\n\t\tn.callMethod.apply(n,arguments):n.queue.push(arguments)};\n\t\tif(!f._fbq)f._fbq=n;n.push=n;n.loaded=!0;n.version='2.0';\n\t\tn.queue=[];t=b.createElement(e);t.async=!0;\n\t\tt.src=v;s=b.getElementsByTagName(e)[0];\n\t\ts.parentNode.insertBefore(t,s)}(window, document,'script',\n\t\t'https:\/\/connect.facebook.net\/en_US\/fbevents.js');\n\t\tfbq('consent', consent);\n\t\tfbq('init', '989222871864976');\n\t\tfbq('track', 'PageView');\n\t<\/script><script type=\"module\">\n\t\tvar consent=\"grant\";\n\t\t\/* The above code is parsing the JSON data from the local storage and storing it in a variable. *\/\n\t\t\tconst onetrustStorageConsent = JSON.parse(localStorage.getItem( 'consent_one_trust_bdc' ) );\n\t\t\t\/* Checking to see if the user has consented to the use of cookies.\n\t\t\t* If they have not, it is deleting the cookie.\n\t\t\t* This will comment for now, until further notice.\n\t\t\t*\/\n\t\t\t\/\/if ( onetrustStorageConsent.C0002 === false ) {\n\t\t\t\/\/\tdocument.cookie=\"_fbp=;expires=Thu, 01 Jan 2010 00:00:00 UTC; path=\/; domain=.boston.com\";\n\t\t\t\/\/}\n\t\t\t\/* Checking if the user has given consent for the cookie C0002.\n\t\t\t* If the user has given consent, the variable consent will be set to 'grant'.\n\t\t\t* If the user has not given consent,the variable consent will be set to 'revoke'.\n\t\t\t* Documentation https:\/\/developers.facebook.com\/docs\/meta-pixel\/implementation\/gdpr\n\t\t\t*\/\n\t\t\tif ( ( onetrustStorageConsent !== null ) && (onetrustStorageConsent.C0002 !== true ) ) {\n\t\t\t\tconsent=\"revoke\";\n\t\t\t}\n\t\t\t\t!function(f,b,e,v,n,t,s){if(f.fbq)return;n=f.fbq=function()\n\t\t{n.callMethod? n.callMethod.apply(n,arguments):n.queue.push(arguments)}\n\t\t;if(!f._fbq)f._fbq=n;\n\t\tn.push=n;n.loaded=!0;n.version='2.0';n.queue=[];t=b.createElement(e);t.async=!0;\n\t\tt.src=v;s=b.getElementsByTagName(e)[0];s.parentNode.insertBefore(t,s)}(window,\n\t\tdocument,'script','https:\/\/connect.facebook.net\/en_US\/fbevents.js');\n\t\tfbq('consent', consent);\n\t\tfbq('init', '813236348753005');\n\t\tfbq('track', \"PageView\");\n\t<\/script><br \/>\n<br \/><br \/>\n<br \/><a href=\"https:\/\/www.boston.com\/sports\/morning-sports-update\/2024\/12\/16\/jerod-mayo-patriots-kraft-reactions-video\/\">Source link <\/a><\/p>","protected":false},"excerpt":{"rendered":"<p>Atualiza\u00e7\u00e3o esportiva matinal Mayo foi questionado v\u00e1rias vezes sobre o v\u00eddeo viral que parecia mostrar o descontentamento de Jonathan Kraft com as decis\u00f5es de treinamento da equipe. Jerod Mayo durante&hellip;<\/p>","protected":false},"author":1,"featured_media":77216,"comment_status":"closed","ping_status":"open","sticky":false,"template":"","format":"standard","meta":{"content-type":"","footnotes":""},"categories":[1],"tags":[],"class_list":["post-77215","post","type-post","status-publish","format-standard","has-post-thumbnail","hentry","category-uncategorized"],"_links":{"self":[{"href":"https:\/\/tvbrazilusa.com\/pt\/wp-json\/wp\/v2\/posts\/77215","targetHints":{"allow":["GET"]}}],"collection":[{"href":"https:\/\/tvbrazilusa.com\/pt\/wp-json\/wp\/v2\/posts"}],"about":[{"href":"https:\/\/tvbrazilusa.com\/pt\/wp-json\/wp\/v2\/types\/post"}],"author":[{"embeddable":true,"href":"https:\/\/tvbrazilusa.com\/pt\/wp-json\/wp\/v2\/users\/1"}],"replies":[{"embeddable":true,"href":"https:\/\/tvbrazilusa.com\/pt\/wp-json\/wp\/v2\/comments?post=77215"}],"version-history":[{"count":1,"href":"https:\/\/tvbrazilusa.com\/pt\/wp-json\/wp\/v2\/posts\/77215\/revisions"}],"predecessor-version":[{"id":77217,"href":"https:\/\/tvbrazilusa.com\/pt\/wp-json\/wp\/v2\/posts\/77215\/revisions\/77217"}],"wp:featuredmedia":[{"embeddable":true,"href":"https:\/\/tvbrazilusa.com\/pt\/wp-json\/wp\/v2\/media\/77216"}],"wp:attachment":[{"href":"https:\/\/tvbrazilusa.com\/pt\/wp-json\/wp\/v2\/media?parent=77215"}],"wp:term":[{"taxonomy":"category","embeddable":true,"href":"https:\/\/tvbrazilusa.com\/pt\/wp-json\/wp\/v2\/categories?post=77215"},{"taxonomy":"post_tag","embeddable":true,"href":"https:\/\/tvbrazilusa.com\/pt\/wp-json\/wp\/v2\/tags?post=77215"}],"curies":[{"name":"wp","href":"https:\/\/api.w.org\/{rel}","templated":true}]}}