{"id":77246,"date":"2024-12-16T16:55:04","date_gmt":"2024-12-16T16:55:04","guid":{"rendered":"https:\/\/tvbrazilusa.com\/2024\/12\/16\/venezuela-devolve-a-familia-o-corpo-de-preso-politico-em-estado-de-decomposicao\/"},"modified":"2024-12-16T16:55:06","modified_gmt":"2024-12-16T16:55:06","slug":"venezuela-devolve-a-familia-o-corpo-de-preso-politico-em-estado-de-decomposicao","status":"publish","type":"post","link":"https:\/\/tvbrazilusa.com\/pt\/2024\/12\/16\/venezuela-devolve-a-familia-o-corpo-de-preso-politico-em-estado-de-decomposicao\/","title":{"rendered":"Venezuela devolve \u00e0 fam\u00edlia o corpo de preso pol\u00edtico em estado de decomposi\u00e7\u00e3o"},"content":{"rendered":"<p> <script async src=\"https:\/\/pagead2.googlesyndication.com\/pagead\/js\/adsbygoogle.js?client=ca-pub-8864793242727901\"\r\n     crossorigin=\"anonymous\"><\/script><br \/>\n<\/p>\n<div id=\"taboola-read-more\" style=\"display:block; width:100%\">\n<p>Jes\u00fas \u00c1lvarez, filho do preso pol\u00edtico Jes\u00fas Rafael, que morreu na Venezuela, recebeu o corpo do pai em estado de decomposi\u00e7\u00e3o no s\u00e1bado 14. A informa\u00e7\u00e3o foi confirmada por um porta-voz do Observat\u00f3rio Venezuelano de Pris\u00f5es.\n<\/p>\n<p>O filho foi escoltado at\u00e9 o local onde seu pai seria sepultado, neste domingo, 15. A causa da morte de Jes\u00fas Rafael ainda n\u00e3o foi divulgada. O filho soube do falecimento por meio das redes sociais. Quando foi at\u00e9 a pris\u00e3o, os funcion\u00e1rios disseram que n\u00e3o havia morto no local. Jes\u00fas Rafael estava preso na penitenci\u00e1ria de seguran\u00e7a m\u00e1xima de Tocuyito, na Regi\u00e3o Central da Venezuela.<\/p>\n<p>Jes\u00fas Rafael, que tinha 44 anos, deixou esposa e tr\u00eas filhos. Em entrevista ao Observat\u00f3rio Venezuelano de Pris\u00f5es, o filho relatou que seu pai era uma pessoa saud\u00e1vel e n\u00e3o tinha doen\u00e7as. Segundo ele, o tratamento desumano que seu pai sofreu na pris\u00e3o provocou a morte dele.\n<\/p>\n<p>\u201cMeu pai era uma pessoa saud\u00e1vel, n\u00e3o sofria de nada\u201d, disse Jes\u00fas \u00c1lvarez. \u201cL\u00e1 eles o puniram apenas por estar com fome. Se ele reclamasse, era isolado e amarrado. Se ele pedia para falar com a fam\u00edlia, eles batiam nele. Eles puniram meu pai e o mataram na pris\u00e3o.\u201d\n<\/p>\n<p>Fam\u00edlia soube da morte por uma foto divulgada por um hospital na Venezuela<br \/>O filho soube da morte do pai atrav\u00e9s de uma foto enviada pelo servi\u00e7o de medicina forense do hospital central de Carabobo. O Comit\u00ea pela Liberdade dos Presos Pol\u00edticos tamb\u00e9m se manifestou nas redes sociais.\n<\/p>\n<p>O grupo informou que o corpo de Jes\u00fas \u00c1lvarez estava em \u201cavan\u00e7ado estado de decomposi\u00e7\u00e3o\u201d. Segundo informa\u00e7\u00f5es divulgadas pelo Comit\u00ea, as autoridades retiraram o corpo do necrot\u00e9rio do Hospital Central de Val\u00eancia na noite de s\u00e1bado, 14. Elas transferiram o corpo para a cidade de Anaco, no Estado de Anzo\u00e1tegui, onde reside a fam\u00edlia. O sepultamento ocorreu neste domingo, sem cerim\u00f4nias formais, em raz\u00e3o do estado de decomposi\u00e7\u00e3o.\n<\/p>\n<p>Jes\u00fas \u00c1lvarez foi preso durante a onda de protestos contra a reelei\u00e7\u00e3o de Nicol\u00e1s Maduro, em julho deste ano. Os protestos, que reuniram milhares de venezuelanos, resultaram na pris\u00e3o de mais de 2,4 mil pessoas. De acordo com dados oficiais, 27 pessoas morreram e quase 200 ficaram feridas durante os protestos contra o governo.\n<\/p>\n<p>Fonte: Revista Oeste              <\/p>\n<\/div>\n<p><br \/>\n<br \/><a href=\"https:\/\/diariodobrasilnoticias.com.br\/noticia\/venezuela-devolve-a-familia-o-corpo-de-preso-politico-em-estado-de-decomposicao-67603d3f08fac\">Source link <\/a><\/p>","protected":false},"excerpt":{"rendered":"<p>Jes\u00fas \u00c1lvarez, filho do preso pol\u00edtico Jes\u00fas Rafael, que morreu na Venezuela, recebeu o corpo do pai em estado de decomposi\u00e7\u00e3o no s\u00e1bado 14. A informa\u00e7\u00e3o foi confirmada por um&hellip;<\/p>","protected":false},"author":1,"featured_media":77247,"comment_status":"closed","ping_status":"open","sticky":false,"template":"","format":"standard","meta":{"content-type":"","footnotes":""},"categories":[16],"tags":[123,2448,5313,1267],"class_list":["post-77246","post","type-post","status-publish","format-standard","has-post-thumbnail","hentry","category-noticias","tag-brasil","tag-diario","tag-noticia","tag-noticias"],"_links":{"self":[{"href":"https:\/\/tvbrazilusa.com\/pt\/wp-json\/wp\/v2\/posts\/77246","targetHints":{"allow":["GET"]}}],"collection":[{"href":"https:\/\/tvbrazilusa.com\/pt\/wp-json\/wp\/v2\/posts"}],"about":[{"href":"https:\/\/tvbrazilusa.com\/pt\/wp-json\/wp\/v2\/types\/post"}],"author":[{"embeddable":true,"href":"https:\/\/tvbrazilusa.com\/pt\/wp-json\/wp\/v2\/users\/1"}],"replies":[{"embeddable":true,"href":"https:\/\/tvbrazilusa.com\/pt\/wp-json\/wp\/v2\/comments?post=77246"}],"version-history":[{"count":1,"href":"https:\/\/tvbrazilusa.com\/pt\/wp-json\/wp\/v2\/posts\/77246\/revisions"}],"predecessor-version":[{"id":77248,"href":"https:\/\/tvbrazilusa.com\/pt\/wp-json\/wp\/v2\/posts\/77246\/revisions\/77248"}],"wp:featuredmedia":[{"embeddable":true,"href":"https:\/\/tvbrazilusa.com\/pt\/wp-json\/wp\/v2\/media\/77247"}],"wp:attachment":[{"href":"https:\/\/tvbrazilusa.com\/pt\/wp-json\/wp\/v2\/media?parent=77246"}],"wp:term":[{"taxonomy":"category","embeddable":true,"href":"https:\/\/tvbrazilusa.com\/pt\/wp-json\/wp\/v2\/categories?post=77246"},{"taxonomy":"post_tag","embeddable":true,"href":"https:\/\/tvbrazilusa.com\/pt\/wp-json\/wp\/v2\/tags?post=77246"}],"curies":[{"name":"wp","href":"https:\/\/api.w.org\/{rel}","templated":true}]}}