{"id":77280,"date":"2024-12-16T17:33:11","date_gmt":"2024-12-16T17:33:11","guid":{"rendered":"https:\/\/tvbrazilusa.com\/2024\/12\/16\/alpinista-de-gelo-resgatado-apos-cair-de-18-metros-nas-montanhas-brancas\/"},"modified":"2024-12-16T17:41:09","modified_gmt":"2024-12-16T17:41:09","slug":"alpinista-de-gelo-resgatado-apos-cair-de-18-metros-nas-montanhas-brancas","status":"publish","type":"post","link":"https:\/\/tvbrazilusa.com\/pt\/2024\/12\/16\/alpinista-de-gelo-resgatado-apos-cair-de-18-metros-nas-montanhas-brancas\/","title":{"rendered":"Alpinista de gelo resgatado ap\u00f3s cair de 18 metros nas Montanhas Brancas"},"content":{"rendered":"<script async src=\"https:\/\/pagead2.googlesyndication.com\/pagead\/js\/adsbygoogle.js?client=ca-pub-8864793242727901\"\r\n     crossorigin=\"anonymous\"><\/script>\n<div id=\"\">\n<header class=\"m-article-header m-article-header--standard\">\n\t\t\t\t\t\t\t\t\t\t\t\t<span id=\"article-header-primary-term\"><br \/>\n\t\t\t\t\t\t\t\t<a class=\"a-term a-term--primary\" href=\"https:\/\/www.boston.com\/tag\/local-news\/\"><\/p>\n<p>\t\t\t\t\t\t\t\tNot\u00edcias locais\t\t\t\t\t\t\t\t<\/a><br \/>\n\t\t\t\t\t\t\t<\/span><\/p>\n<h2 class=\"m-article-header__sub-headline\">Steve Zaglewski, de Nova Jersey, estava escalando no gelo no Monte Webster com seu amigo no s\u00e1bado.<\/h2>\n<figure class=\"a-photo m-article-header__photo\"><figcaption class=\"a-photo__caption\">\n\t<em> <\/em>\t<\/figcaption><\/figure>\n<\/header>\n<p>Um alpinista de gelo de Nova Jersey teve que ser resgatado depois de cair de 18 metros enquanto escalava Shoestring Gully no Monte Webster, nas Montanhas Brancas de New Hampshire, disseram autoridades. <\/p>\n<p>Slavek Zaglewski, 55 anos, de Oakland, NJ, estava escalando com seu amigo Mariusz Markewicz no Monte Webster, parte da Cordilheira Presidencial das Montanhas Brancas, no s\u00e1bado. Enquanto estava em uma se\u00e7\u00e3o \u00edngreme perto do topo da subida, ele caiu de 18 metros, de acordo com um <a href=\"https:\/\/nhfishgame.com\/2024\/12\/16\/injured-climber\/\">declara\u00e7\u00e3o<\/a> de Pesca e Ca\u00e7a de New Hampshire. Ele sofreu ferimentos na cabe\u00e7a e no bra\u00e7o.<\/p>\n<p>Markewicz prendeu Zaglewski e vestiu-o com roupas quentes antes de subir at\u00e9 o cume para encontrar servi\u00e7o de celular. <\/p>\n<p>As autoridades receberam sua liga\u00e7\u00e3o pouco antes das 19h30. Uma equipe que inclu\u00eda oficiais de conserva\u00e7\u00e3o, Androscoggin Valley Search and Rescue, o servi\u00e7o de ambul\u00e2ncia Bartlett-Jackson e 28 volunt\u00e1rios do Mountain Rescue Service responderam para ajudar no resgate. <\/p>\n<p>\u201cUma pequena equipe do MRS subiu a ravina para chegar a Zaglewski enquanto o resto do grupo subiu a crista acima deles com o equipamento necess\u00e1rio para tirar Zaglewski da ravina\u201d, disseram as autoridades no comunicado. <\/p>\n<p>As equipes de resgate estabilizaram seus ferimentos, trataram-no de hipotermia e o colocaram em uma maca, que o outro grupo usou para elev\u00e1-lo quase 120 metros at\u00e9 o n\u00edvel do solo. Ele foi ent\u00e3o carregado por quase tr\u00eas quil\u00f4metros de volta ao in\u00edcio da trilha, que inclu\u00eda trechos t\u00e3o \u00edngremes que as equipes de resgate precisaram usar amarras para mover a maca. <\/p>\n<p>\u201cO grupo chegou ao in\u00edcio da trilha pouco depois das 5h de domingo\u201d, disseram as autoridades. <\/p>\n<p>Zaglewski foi transportado em uma ambul\u00e2ncia para o Maine Health Memorial Hospital, em North Conway, onde est\u00e1 sendo tratado por seus ferimentos.<\/p>\n<div class=\"m-block m-generic-cta\t m-generic-cta--post-content\t m-generic-cta--dark\t m-generic-cta--homepage\t m-generic-cta--email-signup\t\t m-generic-cta-block-style--default \tt-amp__generic-cta\"><\/p>\n<div class=\"m-generic-cta__wrap\">\n<div class=\"m-generic-cta__content\">\n<h3 class=\"m-generic-cta__title\">Boston.com hoje<\/h3>\n<p class=\"m-generic-cta__subtitle\">Inscreva-se para receber as \u00faltimas manchetes em sua caixa de entrada todas as manh\u00e3s.<\/p>\n<\/p><\/div>\n<\/p><\/div>\n<\/div><\/div>\n<p><script>\n\t\tvar consent=\"grant\";\n\t\t\/* The above code is parsing the JSON data from the local storage and storing it in a variable. *\/\n\t\t\t\t\tconst onetrustStorageConsent = JSON.parse(localStorage.getItem( 'consent_one_trust_bdc' ) );\n\t\t\tif ( ( onetrustStorageConsent !== null ) ) {\n\t\t\t\t\/* Checking to see if the user has consented to the use of cookies.\n\t\t\t\t* If they have not, it is deleting the cookie.\n\t\t\t\t* This will comment for now, until further notice.\n\t\t\t\t*\/\n\t\t\t\t\/\/if ( onetrustStorageConsent.C0002 === false ) {\n\t\t\t\t\/\/\tdocument.cookie=\"_fbp=;expires=Thu, 01 Jan 2010 00:00:00 UTC; path=\/; domain=.boston.com\";\n\t\t\t\t\/\/}\n\t\t\t\t\/* Checking if the user has given consent for the cookie C0002.\n\t\t\t\t* If the user has given consent, the variable consent will be set to 'grant'.\n\t\t\t\t* If the user has not given consent,the variable consent will be set to 'revoke'.\n\t\t\t\t* Documentation https:\/\/developers.facebook.com\/docs\/meta-pixel\/implementation\/gdpr\n\t\t\t\t*\/\n\t\t\t\tif ( onetrustStorageConsent.C0002 !== true ) {\n\t\t\t\t\tconsent=\"revoke\";\n\t\t\t\t}\n\t\t\t}\n\t\t\t\t!function(f,b,e,v,n,t,s)\n\t\t{if(f.fbq)return;n=f.fbq=function(){n.callMethod?\n\t\tn.callMethod.apply(n,arguments):n.queue.push(arguments)};\n\t\tif(!f._fbq)f._fbq=n;n.push=n;n.loaded=!0;n.version='2.0';\n\t\tn.queue=[];t=b.createElement(e);t.async=!0;\n\t\tt.src=v;s=b.getElementsByTagName(e)[0];\n\t\ts.parentNode.insertBefore(t,s)}(window, document,'script',\n\t\t'https:\/\/connect.facebook.net\/en_US\/fbevents.js');\n\t\tfbq('consent', consent);\n\t\tfbq('init', '989222871864976');\n\t\tfbq('track', 'PageView');\n\t<\/script><script type=\"module\">\n\t\tvar consent=\"grant\";\n\t\t\/* The above code is parsing the JSON data from the local storage and storing it in a variable. *\/\n\t\t\tconst onetrustStorageConsent = JSON.parse(localStorage.getItem( 'consent_one_trust_bdc' ) );\n\t\t\t\/* Checking to see if the user has consented to the use of cookies.\n\t\t\t* If they have not, it is deleting the cookie.\n\t\t\t* This will comment for now, until further notice.\n\t\t\t*\/\n\t\t\t\/\/if ( onetrustStorageConsent.C0002 === false ) {\n\t\t\t\/\/\tdocument.cookie=\"_fbp=;expires=Thu, 01 Jan 2010 00:00:00 UTC; path=\/; domain=.boston.com\";\n\t\t\t\/\/}\n\t\t\t\/* Checking if the user has given consent for the cookie C0002.\n\t\t\t* If the user has given consent, the variable consent will be set to 'grant'.\n\t\t\t* If the user has not given consent,the variable consent will be set to 'revoke'.\n\t\t\t* Documentation https:\/\/developers.facebook.com\/docs\/meta-pixel\/implementation\/gdpr\n\t\t\t*\/\n\t\t\tif ( ( onetrustStorageConsent !== null ) && (onetrustStorageConsent.C0002 !== true ) ) {\n\t\t\t\tconsent=\"revoke\";\n\t\t\t}\n\t\t\t\t!function(f,b,e,v,n,t,s){if(f.fbq)return;n=f.fbq=function()\n\t\t{n.callMethod? n.callMethod.apply(n,arguments):n.queue.push(arguments)}\n\t\t;if(!f._fbq)f._fbq=n;\n\t\tn.push=n;n.loaded=!0;n.version='2.0';n.queue=[];t=b.createElement(e);t.async=!0;\n\t\tt.src=v;s=b.getElementsByTagName(e)[0];s.parentNode.insertBefore(t,s)}(window,\n\t\tdocument,'script','https:\/\/connect.facebook.net\/en_US\/fbevents.js');\n\t\tfbq('consent', consent);\n\t\tfbq('init', '813236348753005');\n\t\tfbq('track', \"PageView\");\n\t<\/script><br \/>\n<br \/><br \/>\n<br \/><a href=\"https:\/\/www.boston.com\/news\/local-news\/2024\/12\/16\/ice-climber-rescued-after-falling-60-feet-in-white-mountains\/\">Source link <\/a><\/p>","protected":false},"excerpt":{"rendered":"<p>Not\u00edcias locais Steve Zaglewski, de Nova Jersey, estava escalando no gelo no Monte Webster com seu amigo no s\u00e1bado. Um alpinista de gelo de Nova Jersey teve que ser resgatado&hellip;<\/p>","protected":false},"author":1,"featured_media":77281,"comment_status":"closed","ping_status":"open","sticky":false,"template":"","format":"standard","meta":{"content-type":"","footnotes":""},"categories":[1],"tags":[],"class_list":["post-77280","post","type-post","status-publish","format-standard","has-post-thumbnail","hentry","category-uncategorized"],"_links":{"self":[{"href":"https:\/\/tvbrazilusa.com\/pt\/wp-json\/wp\/v2\/posts\/77280","targetHints":{"allow":["GET"]}}],"collection":[{"href":"https:\/\/tvbrazilusa.com\/pt\/wp-json\/wp\/v2\/posts"}],"about":[{"href":"https:\/\/tvbrazilusa.com\/pt\/wp-json\/wp\/v2\/types\/post"}],"author":[{"embeddable":true,"href":"https:\/\/tvbrazilusa.com\/pt\/wp-json\/wp\/v2\/users\/1"}],"replies":[{"embeddable":true,"href":"https:\/\/tvbrazilusa.com\/pt\/wp-json\/wp\/v2\/comments?post=77280"}],"version-history":[{"count":1,"href":"https:\/\/tvbrazilusa.com\/pt\/wp-json\/wp\/v2\/posts\/77280\/revisions"}],"predecessor-version":[{"id":77282,"href":"https:\/\/tvbrazilusa.com\/pt\/wp-json\/wp\/v2\/posts\/77280\/revisions\/77282"}],"wp:featuredmedia":[{"embeddable":true,"href":"https:\/\/tvbrazilusa.com\/pt\/wp-json\/wp\/v2\/media\/77281"}],"wp:attachment":[{"href":"https:\/\/tvbrazilusa.com\/pt\/wp-json\/wp\/v2\/media?parent=77280"}],"wp:term":[{"taxonomy":"category","embeddable":true,"href":"https:\/\/tvbrazilusa.com\/pt\/wp-json\/wp\/v2\/categories?post=77280"},{"taxonomy":"post_tag","embeddable":true,"href":"https:\/\/tvbrazilusa.com\/pt\/wp-json\/wp\/v2\/tags?post=77280"}],"curies":[{"name":"wp","href":"https:\/\/api.w.org\/{rel}","templated":true}]}}