{"id":77283,"date":"2024-12-16T17:48:53","date_gmt":"2024-12-16T17:48:53","guid":{"rendered":"https:\/\/tvbrazilusa.com\/2024\/12\/16\/agricultores-protestam-nas-ruas-de-madri-contra-o-acordo-entre-a-uniao-europeia-e-o-mercosul\/"},"modified":"2024-12-16T17:48:54","modified_gmt":"2024-12-16T17:48:54","slug":"agricultores-protestam-nas-ruas-de-madri-contra-o-acordo-entre-a-uniao-europeia-e-o-mercosul","status":"publish","type":"post","link":"https:\/\/tvbrazilusa.com\/pt\/2024\/12\/16\/agricultores-protestam-nas-ruas-de-madri-contra-o-acordo-entre-a-uniao-europeia-e-o-mercosul\/","title":{"rendered":"Agricultores protestam nas ruas de Madri contra o acordo entre a Uni\u00e3o Europeia e o Mercosul"},"content":{"rendered":"<p> <script async src=\"https:\/\/pagead2.googlesyndication.com\/pagead\/js\/adsbygoogle.js?client=ca-pub-8864793242727901\"\r\n     crossorigin=\"anonymous\"><\/script><br \/>\n<\/p>\n<div id=\"taboola-read-more\" style=\"display:block; width:100%\">\n<p>Cerca de 1.500 agricultores, segundo a pol\u00edcia, e mais de 5.000, conforme estimativas de associa\u00e7\u00f5es do setor, participaram de um protesto nesta segunda-feira (16) em Madri contra o que consideram \u201cconcorr\u00eancia desleal\u201d decorrente do acordo de com\u00e9rcio entre a Uni\u00e3o Europeia (UE) e o Mercosul.\n<\/p>\n<p>Em comunicado conjunto, duas das maiores associa\u00e7\u00f5es de agricultores da Espanha, a Coag e a Asaja, afirmaram que \u201ca prolifera\u00e7\u00e3o de acordos de livre com\u00e9rcio da UE com outros pa\u00edses\u201d \u00e9 uma das maiores amea\u00e7as para o setor agr\u00edcola. O protesto tamb\u00e9m contou com o apoio das Cooperativas Agroalimentares espanholas.<\/p>\n<p>De acordo com as associa\u00e7\u00f5es, as importa\u00e7\u00f5es de produtos agr\u00edcolas provenientes de pa\u00edses como os membros do Mercosul (Argentina, Brasil, Paraguai e Uruguai), Chile, Marrocos e Nova Zel\u00e2ndia, com pre\u00e7os abaixo dos custos de produ\u00e7\u00e3o na UE e sem atender \u00e0s normas de produ\u00e7\u00e3o europeias, t\u00eam causado um impacto severo nos agricultores espanh\u00f3is e europeus. Isso resultaria em perdas insustent\u00e1veis e no fechamento de v\u00e1rias explora\u00e7\u00f5es agr\u00edcolas.\n<\/p>\n<p>Al\u00e9m disso, as pol\u00edticas agr\u00edcolas europeias, especialmente as regulamenta\u00e7\u00f5es consideradas excessivamente burocr\u00e1ticas e rigorosas, j\u00e1 haviam gerado protestos em v\u00e1rios pa\u00edses da UE, incluindo a Espanha, no in\u00edcio do ano, antes das elei\u00e7\u00f5es para o Parlamento Europeu. A Asaja e a Coag, que organizaram protestos em Madri em fevereiro e mar\u00e7o, reiteraram que suas reivindica\u00e7\u00f5es permanecem v\u00e1lidas.\n<\/p>\n<p>Na manifesta\u00e7\u00e3o de hoje, realizada em frente ao Minist\u00e9rio da Agricultura da Espanha, os agricultores direcionaram cr\u00edticas n\u00e3o s\u00f3 \u00e0 Comiss\u00e3o Europeia, mas tamb\u00e9m ao governo espanhol e ao ministro Luis Planas. Ap\u00f3s as manifesta\u00e7\u00f5es de fevereiro e mar\u00e7o, Planas assinou um acordo com as associa\u00e7\u00f5es de agricultores, comprometendo-se a implementar 43 medidas. No entanto, os manifestantes alegam que essas promessas ainda n\u00e3o foram cumpridas. Eles tamb\u00e9m questionaram onde est\u00e3o as \u201ccl\u00e1usulas espelho\u201d nos acordos de livre com\u00e9rcio da UE, que consistem em impor as mesmas regras de produ\u00e7\u00e3o aplicadas na UE aos produtos importados.\n<\/p>\n<p>Os agricultores lamentaram que o governo espanhol tenha sido um dos maiores defensores do acordo de livre com\u00e9rcio com o Mercosul dentro da UE. O presidente da Asaja, Pedro Barato, declarou que o acordo com o Mercosul representa uma \u201ctrai\u00e7\u00e3o \u00e0 agricultura espanhola\u201d. Cartazes com slogans como \u201cConcorr\u00eancia desleal\u201d, \u201cStop Mercosul\u201d, \u201cN\u00e3o \u00e0 concorr\u00eancia desleal\u201d, \u201cEuropa sem soberania alimentar n\u00e3o \u00e9 Europa\u201d e \u201cUrsula von der Leyen, Cruella de Vil da agricultura\u201d foram exibidos durante a manifesta\u00e7\u00e3o no centro de Madri.\n<\/p>\n<p>Ao som de chocalhos, vuvuzelas e petardos, dirigentes das organiza\u00e7\u00f5es agr\u00edcolas afirmaram, por meio de alto-falantes, que os agricultores est\u00e3o \u201cfartos\u201d ap\u00f3s um ano de reivindica\u00e7\u00f5es. Eles prometeram uma \u201cguerra\u201d caso n\u00e3o haja respostas e garantiram que ir\u00e3o a Bruxelas para alertar os burocratas europeus sobre os danos causados pelas pol\u00edticas da UE ao setor agr\u00edcola. Frases como \u201cA agricultura n\u00e3o se vende, a agricultura se defende\u201d e \u201cN\u00e3o ao Mercosul\u201d foram repetidas pelos manifestantes.\n<\/p>\n<p>O acordo de com\u00e9rcio entre a UE e o Mercosul foi formalizado em 6 de dezembro, em Montevid\u00e9u, e agora aguarda a ratifica\u00e7\u00e3o por todas as partes envolvidas. A Espanha \u00e9 o maior exportador de frutas e legumes da Uni\u00e3o Europeia.<\/p>\n<p>Fonte: Gazeta Brasil              <\/p>\n<\/div>\n<p><br \/>\n<br \/><a href=\"https:\/\/diariodobrasilnoticias.com.br\/noticia\/agricultores-protestam-nas-ruas-de-madri-contra-o-acordo-entre-a-uniao-europeia-e-o-mercosul-676046541bf08\">Source link <\/a><\/p>","protected":false},"excerpt":{"rendered":"<p>Cerca de 1.500 agricultores, segundo a pol\u00edcia, e mais de 5.000, conforme estimativas de associa\u00e7\u00f5es do setor, participaram de um protesto nesta segunda-feira (16) em Madri contra o que consideram&hellip;<\/p>","protected":false},"author":1,"featured_media":77284,"comment_status":"closed","ping_status":"open","sticky":false,"template":"","format":"standard","meta":{"content-type":"","footnotes":""},"categories":[16],"tags":[123,2448,5313,1267],"class_list":["post-77283","post","type-post","status-publish","format-standard","has-post-thumbnail","hentry","category-noticias","tag-brasil","tag-diario","tag-noticia","tag-noticias"],"_links":{"self":[{"href":"https:\/\/tvbrazilusa.com\/pt\/wp-json\/wp\/v2\/posts\/77283","targetHints":{"allow":["GET"]}}],"collection":[{"href":"https:\/\/tvbrazilusa.com\/pt\/wp-json\/wp\/v2\/posts"}],"about":[{"href":"https:\/\/tvbrazilusa.com\/pt\/wp-json\/wp\/v2\/types\/post"}],"author":[{"embeddable":true,"href":"https:\/\/tvbrazilusa.com\/pt\/wp-json\/wp\/v2\/users\/1"}],"replies":[{"embeddable":true,"href":"https:\/\/tvbrazilusa.com\/pt\/wp-json\/wp\/v2\/comments?post=77283"}],"version-history":[{"count":1,"href":"https:\/\/tvbrazilusa.com\/pt\/wp-json\/wp\/v2\/posts\/77283\/revisions"}],"predecessor-version":[{"id":77285,"href":"https:\/\/tvbrazilusa.com\/pt\/wp-json\/wp\/v2\/posts\/77283\/revisions\/77285"}],"wp:featuredmedia":[{"embeddable":true,"href":"https:\/\/tvbrazilusa.com\/pt\/wp-json\/wp\/v2\/media\/77284"}],"wp:attachment":[{"href":"https:\/\/tvbrazilusa.com\/pt\/wp-json\/wp\/v2\/media?parent=77283"}],"wp:term":[{"taxonomy":"category","embeddable":true,"href":"https:\/\/tvbrazilusa.com\/pt\/wp-json\/wp\/v2\/categories?post=77283"},{"taxonomy":"post_tag","embeddable":true,"href":"https:\/\/tvbrazilusa.com\/pt\/wp-json\/wp\/v2\/tags?post=77283"}],"curies":[{"name":"wp","href":"https:\/\/api.w.org\/{rel}","templated":true}]}}