{"id":77291,"date":"2024-12-16T17:30:17","date_gmt":"2024-12-16T17:30:17","guid":{"rendered":"https:\/\/tvbrazilusa.com\/2024\/12\/16\/a-eliminacao-completa-da-zona-lenta-esta-a-poucos-dias-de-distancia-para-o-mbta-diz-eng\/"},"modified":"2024-12-16T17:54:22","modified_gmt":"2024-12-16T17:54:22","slug":"a-eliminacao-completa-da-zona-lenta-esta-a-poucos-dias-de-distancia-para-o-mbta-diz-eng","status":"publish","type":"post","link":"https:\/\/tvbrazilusa.com\/pt\/2024\/12\/16\/a-eliminacao-completa-da-zona-lenta-esta-a-poucos-dias-de-distancia-para-o-mbta-diz-eng\/","title":{"rendered":"A elimina\u00e7\u00e3o completa da zona lenta est\u00e1 a poucos dias de dist\u00e2ncia para o MBTA, diz Eng."},"content":{"rendered":"<p> <script async src=\"https:\/\/pagead2.googlesyndication.com\/pagead\/js\/adsbygoogle.js?client=ca-pub-8864793242727901\"\r\n     crossorigin=\"anonymous\"><\/script><br \/>\n<\/p>\n<div id=\"\">\n<header class=\"m-article-header m-article-header--standard\">\n\t\t\t\t\t\t\t\t\t\t\t\t<span id=\"article-header-primary-term\"><br \/>\n\t\t\t\t\t\t\t\t<a class=\"a-term a-term--primary\" href=\"https:\/\/www.boston.com\/tag\/transportation\/\"><\/p>\n<p>\t\t\t\t\t\t\t\tTransporte\t\t\t\t\t\t\t\t<\/a><br \/>\n\t\t\t\t\t\t\t<\/span><\/p>\n<h2 class=\"m-article-header__sub-headline\">Em breve o T estar\u00e1 livre de zonas lentas pela primeira vez em mais de duas d\u00e9cadas, de acordo com o gerente geral da MBTA, Phil Eng.<\/h2>\n<figure class=\"a-photo m-article-header__photo\"><figcaption class=\"a-photo__caption\">\n<p>\tPhil Eng, gerente geral da MBTA, na Linha Vermelha em agosto.<em> Danielle Parhizkaran\/equipe do Boston Globe<\/em>\t<\/figcaption><\/figure>\n<div class=\"m-article-header__meta\">\n<div class=\"m-article-header__byline\">\n<p class=\"m-article-header__author\">\n<p>\t\t\t\t\t\t\t\tPor <a class=\"a-link a-link--inline\" href=\"https:\/\/www.boston.com\/author\/abby-patkin\/\">Abby Patkin<\/a>\t\t\t\t\t\t\t<\/p>\n<p>\t\t\t\t\t\t\t\t\t\t\t\t\t\t\t<time class=\"m-article-header__date\"><\/p>\n<p>\t\t\t\t\t\t\t\t\t16 de dezembro de 2024 | 12h30\t\t\t\t\t\t\t\t<\/time><\/p>\n<p><span>2 minutos para ler<\/span><\/p>\n<\/p><\/div>\n<\/p><\/div>\n<\/header>\n<p>At\u00e9 o final da semana, o <a href=\"https:\/\/www.boston.com\/tag\/mbta\/\" target=\"_blank\" rel=\"noreferrer noopener\">MBTA<\/a>Os metr\u00f4s da China estar\u00e3o totalmente livres de restri\u00e7\u00f5es de velocidade pela primeira vez em mais de duas d\u00e9cadas, de acordo com o gerente geral Phil Eng.<\/p>\n<p>\u201cEstamos trabalhando nas \u00faltimas restri\u00e7\u00f5es da Linha Verde\u201d, disse ele no WCVB&#8217;s <a href=\"https:\/\/www.wcvb.com\/article\/mbta-phil-eng-slow-zones-speed-restrictions-otr\/63185913\" target=\"_blank\" rel=\"noreferrer noopener\">\u201cNo registro\u201d<\/a> Domingo. \u201cO sistema estar\u00e1 livre de restri\u00e7\u00f5es pela primeira vez em mais de 22 anos \u2013 isso \u00e9 desde o in\u00edcio dos nossos registros.\u201d<\/p>\n<p>Eng prometeu no ano passado eliminar as quase 200 zonas lentas do metr\u00f4 que salpicavam os trilhos da MBTA <a href=\"https:\/\/www.boston.com\/news\/transportation\/2024\/11\/20\/mbta-almost-free-of-slow-zones-can-success-last\/\" target=\"_blank\" rel=\"noreferrer noopener\">at\u00e9 o final de 2024<\/a>. E com o <a href=\"https:\/\/www.boston.com\/news\/transportation\/2024\/12\/02\/green-line-mbta-closures-december\/\" target=\"_blank\" rel=\"noreferrer noopener\">Paralisa\u00e7\u00e3o da Linha Verde por duas semanas<\/a> terminando na sexta-feira, ele cumprir\u00e1 essa promessa com alguns dias de anteced\u00eancia. <\/p>\n<p>Embora os pilotos ainda possam esperar ver novas restri\u00e7\u00f5es de velocidade surgindo de vez em quando, Eng enfatizou que o foco do T em reparos oportunos e uma comunica\u00e7\u00e3o mais clara veio para ficar. <\/p>\n<p>\u201cQuero assumir um compromisso com o p\u00fablico: as restri\u00e7\u00f5es de velocidade s\u00e3o tempor\u00e1rias\u201d, disse ele. \u201cEles n\u00e3o ser\u00e3o de longo prazo. Nosso compromisso \u00e9 que, se algo acontecer, iremos resolver o problema de forma r\u00e1pida e adequada e permitir que eles continuem a ter esse servi\u00e7o seguro e confi\u00e1vel.\u201d<\/p>\n<p>A quantidade de trabalho que o T realizou no ano passado foi \u201cmonumental e recorde para n\u00f3s\u201d, disse Eng. \u201cMas h\u00e1 muito mais trabalho em nosso sistema que precisa ser feito.\u201d <\/p>\n<p>H\u00e1 tamb\u00e9m a quest\u00e3o da MBTA <a href=\"https:\/\/www.bostonglobe.com\/2024\/09\/26\/metro\/globe-summit-mbta-phillip-eng-fare-increases\/\" target=\"_blank\" rel=\"noreferrer noopener\">D\u00e9ficit or\u00e7ament\u00e1rio de US$ 700 milh\u00f5es<\/a> projetado para o ano fiscal de 2026.<\/p>\n<p>\u201cTem havido muita discuss\u00e3o, tanto publicamente como nos bastidores, relativamente \u00e0s necessidades da MBTA\u201d, disse Eng no domingo, enfatizando que outras ag\u00eancias de tr\u00e2nsito nos EUA enfrentam d\u00e9fices semelhantes. <\/p>\n<p>Ele disse que o T est\u00e1 trabalhando \u201cde forma muito agressiva\u201d com parceiros federais e \u201cestou otimista de que o estado ser\u00e1 capaz de identificar os fundos dispon\u00edveis para atender a algumas dessas necessidades\u201d. <\/p>\n<p>Embora Eng tenha dito que o n\u00famero de passageiros voltou a aumentar em 2024 \u2013 especialmente no trem suburbano, que tem servi\u00e7o mais frequente durante todo o dia \u2013 ele estava inflex\u00edvel de que o T n\u00e3o pode confiar nas tarifas para resolver seu problema de financiamento. <\/p>\n<p>\u201cAs tarifas por si s\u00f3 n\u00e3o podem resolver este problema\u201d, disse Eng. <\/p>\n<p>Ele tamb\u00e9m mencionou sua miss\u00e3o cont\u00ednua de reformar a cultura do T, uma meta que tem estado em destaque nos \u00faltimos meses em meio a <a href=\"https:\/\/www.boston.com\/news\/crime\/2024\/10\/25\/mbta-employees-on-leave-criminal-investigation-cabot-yard\/\" target=\"_blank\" rel=\"noreferrer noopener\">uma investiga\u00e7\u00e3o sobre suposta m\u00e1 conduta de funcion\u00e1rios<\/a> em Cabot Yard. Eng confirmou que o T demitiu um total de oito trabalhadores da Cabot Yard em conex\u00e3o com alega\u00e7\u00f5es de que os funcion\u00e1rios trabalhavam em ve\u00edculos particulares durante o expediente. <\/p>\n<p>\u201cA investiga\u00e7\u00e3o continua\u201d, disse, lembrando que alguns trabalhadores continuam afastados e outros foram suspensos.<\/p>\n<p>\u201cQuando voc\u00ea faz algo assim, voc\u00ea n\u00e3o apenas desacredita a si mesmo e a sua fam\u00edlia, infelizmente \u2013 voc\u00ea desacredita seus colegas, e isso \u00e9 algo que continuaremos a enfatizar internamente\u201d, disse Eng. \u201cIsso n\u00e3o \u00e9 aceit\u00e1vel, e quando identificarmos essas coisas, se estiverem ocorrendo, tomaremos medidas r\u00e1pidas. \u00c9 assim que reconstru\u00edmos a confian\u00e7a p\u00fablica e \u00e9 assim que demonstramos que vamos utilizar melhor o dinheiro dos contribuintes.\u201d<\/p>\n<div class=\"gf_browser_unknown gform_wrapper m-gforms-poll-block gravity-theme gpoll_enabled_wrapper gpoll_show_results_link_wrapper gpoll_wrapper\" data-overline=\"Readers weigh in\" data-overline-confirmation=\"Poll results\" id=\"gform_wrapper m-gforms-poll-block_4336\">\n<p><h2 class=\"gform_title\">Como voc\u00ea avaliaria o MBTA?<\/h2>\n<p>                            <span class=\"gform_description\"\/>\n                        <\/p>\n<\/p><\/div>\n<div class=\"o-author-single has-avatar\">\n<header class=\"m-author-card\">\n<div class=\"a-image a-image--square m-author-card__image\">\n\t\t<img decoding=\"async\" class=\"\" src=\"https:\/\/www.boston.com\/wp-content\/uploads\/2024\/10\/cropped-Patkin-Headshot-66fea67b66dd2-scaled-1-66fea6a1c6f25.jpg\" alt=\"Imagem do perfil de Abby Patkin\"\/>\t<\/div>\n<\/header>\n<section class=\"author-info\">\n<div class=\"m-author__section\">\n<p>Abby Patkin \u00e9 uma rep\u00f3rter de not\u00edcias gerais cujo trabalho aborda transporte p\u00fablico, crime, sa\u00fade e tudo mais.<\/p>\n<\/div>\n<\/section>\n<\/div>\n<div class=\"m-block m-generic-cta\t m-generic-cta--post-content\t m-generic-cta--dark\t m-generic-cta--homepage\t m-generic-cta--email-signup\t\t m-generic-cta-block-style--default \tt-amp__generic-cta\"><\/p>\n<div class=\"m-generic-cta__wrap\">\n<div class=\"m-generic-cta__content\">\n<h3 class=\"m-generic-cta__title\">Boston.com hoje<\/h3>\n<p class=\"m-generic-cta__subtitle\">Inscreva-se para receber as \u00faltimas manchetes em sua caixa de entrada todas as manh\u00e3s.<\/p>\n<\/p><\/div>\n<\/p><\/div>\n<\/div><\/div>\n<p><script>\n\t\tvar consent=\"grant\";\n\t\t\/* The above code is parsing the JSON data from the local storage and storing it in a variable. *\/\n\t\t\t\t\tconst onetrustStorageConsent = JSON.parse(localStorage.getItem( 'consent_one_trust_bdc' ) );\n\t\t\tif ( ( onetrustStorageConsent !== null ) ) {\n\t\t\t\t\/* Checking to see if the user has consented to the use of cookies.\n\t\t\t\t* If they have not, it is deleting the cookie.\n\t\t\t\t* This will comment for now, until further notice.\n\t\t\t\t*\/\n\t\t\t\t\/\/if ( onetrustStorageConsent.C0002 === false ) {\n\t\t\t\t\/\/\tdocument.cookie=\"_fbp=;expires=Thu, 01 Jan 2010 00:00:00 UTC; path=\/; domain=.boston.com\";\n\t\t\t\t\/\/}\n\t\t\t\t\/* Checking if the user has given consent for the cookie C0002.\n\t\t\t\t* If the user has given consent, the variable consent will be set to 'grant'.\n\t\t\t\t* If the user has not given consent,the variable consent will be set to 'revoke'.\n\t\t\t\t* Documentation https:\/\/developers.facebook.com\/docs\/meta-pixel\/implementation\/gdpr\n\t\t\t\t*\/\n\t\t\t\tif ( onetrustStorageConsent.C0002 !== true ) {\n\t\t\t\t\tconsent=\"revoke\";\n\t\t\t\t}\n\t\t\t}\n\t\t\t\t!function(f,b,e,v,n,t,s)\n\t\t{if(f.fbq)return;n=f.fbq=function(){n.callMethod?\n\t\tn.callMethod.apply(n,arguments):n.queue.push(arguments)};\n\t\tif(!f._fbq)f._fbq=n;n.push=n;n.loaded=!0;n.version='2.0';\n\t\tn.queue=[];t=b.createElement(e);t.async=!0;\n\t\tt.src=v;s=b.getElementsByTagName(e)[0];\n\t\ts.parentNode.insertBefore(t,s)}(window, document,'script',\n\t\t'https:\/\/connect.facebook.net\/en_US\/fbevents.js');\n\t\tfbq('consent', consent);\n\t\tfbq('init', '989222871864976');\n\t\tfbq('track', 'PageView');\n\t<\/script><script type=\"module\">\n\t\tvar consent=\"grant\";\n\t\t\/* The above code is parsing the JSON data from the local storage and storing it in a variable. *\/\n\t\t\tconst onetrustStorageConsent = JSON.parse(localStorage.getItem( 'consent_one_trust_bdc' ) );\n\t\t\t\/* Checking to see if the user has consented to the use of cookies.\n\t\t\t* If they have not, it is deleting the cookie.\n\t\t\t* This will comment for now, until further notice.\n\t\t\t*\/\n\t\t\t\/\/if ( onetrustStorageConsent.C0002 === false ) {\n\t\t\t\/\/\tdocument.cookie=\"_fbp=;expires=Thu, 01 Jan 2010 00:00:00 UTC; path=\/; domain=.boston.com\";\n\t\t\t\/\/}\n\t\t\t\/* Checking if the user has given consent for the cookie C0002.\n\t\t\t* If the user has given consent, the variable consent will be set to 'grant'.\n\t\t\t* If the user has not given consent,the variable consent will be set to 'revoke'.\n\t\t\t* Documentation https:\/\/developers.facebook.com\/docs\/meta-pixel\/implementation\/gdpr\n\t\t\t*\/\n\t\t\tif ( ( onetrustStorageConsent !== null ) && (onetrustStorageConsent.C0002 !== true ) ) {\n\t\t\t\tconsent=\"revoke\";\n\t\t\t}\n\t\t\t\t!function(f,b,e,v,n,t,s){if(f.fbq)return;n=f.fbq=function()\n\t\t{n.callMethod? n.callMethod.apply(n,arguments):n.queue.push(arguments)}\n\t\t;if(!f._fbq)f._fbq=n;\n\t\tn.push=n;n.loaded=!0;n.version='2.0';n.queue=[];t=b.createElement(e);t.async=!0;\n\t\tt.src=v;s=b.getElementsByTagName(e)[0];s.parentNode.insertBefore(t,s)}(window,\n\t\tdocument,'script','https:\/\/connect.facebook.net\/en_US\/fbevents.js');\n\t\tfbq('consent', consent);\n\t\tfbq('init', '813236348753005');\n\t\tfbq('track', \"PageView\");\n\t<\/script><br \/>\n<br \/><br \/>\n<br \/><a href=\"https:\/\/www.boston.com\/news\/transportation\/2024\/12\/16\/complete-slow-zone-elimination-is-just-days-away-says-eng\/\">Source link <\/a><\/p>","protected":false},"excerpt":{"rendered":"<p>Transporte Em breve o T estar\u00e1 livre de zonas lentas pela primeira vez em mais de duas d\u00e9cadas, de acordo com o gerente geral da MBTA, Phil Eng. Phil Eng,&hellip;<\/p>","protected":false},"author":1,"featured_media":77292,"comment_status":"closed","ping_status":"open","sticky":false,"template":"","format":"standard","meta":{"content-type":"","footnotes":""},"categories":[1],"tags":[],"class_list":["post-77291","post","type-post","status-publish","format-standard","has-post-thumbnail","hentry","category-uncategorized"],"_links":{"self":[{"href":"https:\/\/tvbrazilusa.com\/pt\/wp-json\/wp\/v2\/posts\/77291","targetHints":{"allow":["GET"]}}],"collection":[{"href":"https:\/\/tvbrazilusa.com\/pt\/wp-json\/wp\/v2\/posts"}],"about":[{"href":"https:\/\/tvbrazilusa.com\/pt\/wp-json\/wp\/v2\/types\/post"}],"author":[{"embeddable":true,"href":"https:\/\/tvbrazilusa.com\/pt\/wp-json\/wp\/v2\/users\/1"}],"replies":[{"embeddable":true,"href":"https:\/\/tvbrazilusa.com\/pt\/wp-json\/wp\/v2\/comments?post=77291"}],"version-history":[{"count":1,"href":"https:\/\/tvbrazilusa.com\/pt\/wp-json\/wp\/v2\/posts\/77291\/revisions"}],"predecessor-version":[{"id":77293,"href":"https:\/\/tvbrazilusa.com\/pt\/wp-json\/wp\/v2\/posts\/77291\/revisions\/77293"}],"wp:featuredmedia":[{"embeddable":true,"href":"https:\/\/tvbrazilusa.com\/pt\/wp-json\/wp\/v2\/media\/77292"}],"wp:attachment":[{"href":"https:\/\/tvbrazilusa.com\/pt\/wp-json\/wp\/v2\/media?parent=77291"}],"wp:term":[{"taxonomy":"category","embeddable":true,"href":"https:\/\/tvbrazilusa.com\/pt\/wp-json\/wp\/v2\/categories?post=77291"},{"taxonomy":"post_tag","embeddable":true,"href":"https:\/\/tvbrazilusa.com\/pt\/wp-json\/wp\/v2\/tags?post=77291"}],"curies":[{"name":"wp","href":"https:\/\/api.w.org\/{rel}","templated":true}]}}