{"id":77328,"date":"2024-12-16T17:48:16","date_gmt":"2024-12-16T17:48:16","guid":{"rendered":"https:\/\/tvbrazilusa.com\/2024\/12\/16\/numero-de-mortos-em-tiroteio-em-escola-de-wisconsin-sobe-para-5-pessoas-incluindo-suspeito-de-atirar-diz-chefe-de-policia-wsvn-7news-noticias-de-miami-clima-esportes-fort-lauderdale\/"},"modified":"2024-12-16T18:44:21","modified_gmt":"2024-12-16T18:44:21","slug":"numero-de-mortos-em-tiroteio-em-escola-de-wisconsin-sobe-para-5-pessoas-incluindo-suspeito-de-atirar-diz-chefe-de-policia-wsvn-7news-noticias-de-miami-clima-esportes-fort-lauderdale","status":"publish","type":"post","link":"https:\/\/tvbrazilusa.com\/pt\/2024\/12\/16\/numero-de-mortos-em-tiroteio-em-escola-de-wisconsin-sobe-para-5-pessoas-incluindo-suspeito-de-atirar-diz-chefe-de-policia-wsvn-7news-noticias-de-miami-clima-esportes-fort-lauderdale\/","title":{"rendered":"N\u00famero de mortos em tiroteio em escola de Wisconsin sobe para 5 pessoas, incluindo suspeito de atirar, diz chefe de pol\u00edcia &#8211; WSVN 7News | Not\u00edcias de Miami, clima, esportes | Fort Lauderdale"},"content":{"rendered":"<p> <script async src=\"https:\/\/pagead2.googlesyndication.com\/pagead\/js\/adsbygoogle.js?client=ca-pub-8864793242727901\"\r\n     crossorigin=\"anonymous\"><\/script><br \/>\n<\/p>\n<div itemprop=\"articleBody\">\n<p>MADISON, Wisconsin (AP) \u2013 Cinco pessoas morreram e outras ficaram feridas ap\u00f3s um tiroteio na segunda-feira em uma escola crist\u00e3 em Wisconsin, disse o chefe de pol\u00edcia.<\/p>\n<p>O chefe de pol\u00edcia de Madison, Shon Barnes, disse que o suspeito do tiroteio tamb\u00e9m est\u00e1 entre os mortos.<\/p>\n<p>ESTA \u00c9 UMA ATUALIZA\u00c7\u00c3O DE NOT\u00cdCIAS DE \u00daLTIMA HORA. A hist\u00f3ria anterior da AP segue abaixo.<\/p>\n<p>MADISON, Wisconsin (AP) \u2013 V\u00e1rios ferimentos foram relatados na segunda-feira em um tiroteio em uma escola crist\u00e3 em Wisconsin, disse a pol\u00edcia.<\/p>\n<p>O tiroteio ocorreu na Abundant Life Christian School, em Madison, capital do estado, disse a pol\u00edcia.<\/p>\n<p>\u201cEsta continua a ser uma investiga\u00e7\u00e3o ativa e cont\u00ednua\u201d, disse a pol\u00edcia de Madison em comunicado. \u201cMais informa\u00e7\u00f5es ser\u00e3o divulgadas assim que estiverem dispon\u00edveis. Atualmente precisamos que as pessoas evitem a \u00e1rea.\u201d<\/p>\n<p>A pol\u00edcia bloqueou estradas ao redor da escola na tarde de segunda-feira.<\/p>\n<p>Agentes do Departamento Federal de \u00c1lcool, Tabaco, Armas de Fogo e Explosivos responderam ao local para ajudar as autoridades locais.<\/p>\n<p>\u201cEstamos orando pelas crian\u00e7as, pelos educadores e por toda a comunidade escolar da Abundant Life enquanto aguardamos mais informa\u00e7\u00f5es e somos gratos aos socorristas que est\u00e3o trabalhando rapidamente para responder\u201d, disse o governador de Wisconsin, Tony Evers, em um comunicado.<\/p>\n<p>A Abundant Life Christian School n\u00e3o \u00e9 denominacional e tem cerca de 390 alunos, do jardim de inf\u00e2ncia ao ensino m\u00e9dio, segundo seu site.<\/p>\n<p><strong>Verifique novamente <a href=\"http:\/\/wsvn.com\/\" target=\"_blank\" rel=\"noreferrer noopener\">WSVN. com<\/a> e 7News para mais detalhes sobre esta hist\u00f3ria em desenvolvimento.<\/strong><\/p>\n<p><em>Direitos autorais 2024 da Associated Press. Todos os direitos reservados. Este material n\u00e3o pode ser publicado, transmitido, reescrito ou redistribu\u00eddo.<\/em><\/p>\n<div class=\"wp-block-newsletter\">\n\t<strong class=\"wp-block-newsletter__title\">Cadastre-se em nosso boletim informativo para receber as \u00faltimas not\u00edcias diretamente em sua caixa de entrada<\/strong><\/p>\n<\/div><\/div>\n<p><br \/>\n<br \/><a href=\"https:\/\/wsvn.com\/news\/us-world\/death-toll-from-wisconsin-school-shooting-rises-to-5-people-including-suspected-shooter-police-chief-says\/\">Source link <\/a><\/p>","protected":false},"excerpt":{"rendered":"<p>MADISON, Wisconsin (AP) \u2013 Cinco pessoas morreram e outras ficaram feridas ap\u00f3s um tiroteio na segunda-feira em uma escola crist\u00e3 em Wisconsin, disse o chefe de pol\u00edcia. O chefe de&hellip;<\/p>","protected":false},"author":1,"featured_media":77329,"comment_status":"closed","ping_status":"open","sticky":false,"template":"","format":"standard","meta":{"content-type":"","footnotes":""},"categories":[1],"tags":[],"class_list":["post-77328","post","type-post","status-publish","format-standard","has-post-thumbnail","hentry","category-uncategorized"],"_links":{"self":[{"href":"https:\/\/tvbrazilusa.com\/pt\/wp-json\/wp\/v2\/posts\/77328","targetHints":{"allow":["GET"]}}],"collection":[{"href":"https:\/\/tvbrazilusa.com\/pt\/wp-json\/wp\/v2\/posts"}],"about":[{"href":"https:\/\/tvbrazilusa.com\/pt\/wp-json\/wp\/v2\/types\/post"}],"author":[{"embeddable":true,"href":"https:\/\/tvbrazilusa.com\/pt\/wp-json\/wp\/v2\/users\/1"}],"replies":[{"embeddable":true,"href":"https:\/\/tvbrazilusa.com\/pt\/wp-json\/wp\/v2\/comments?post=77328"}],"version-history":[{"count":1,"href":"https:\/\/tvbrazilusa.com\/pt\/wp-json\/wp\/v2\/posts\/77328\/revisions"}],"predecessor-version":[{"id":77330,"href":"https:\/\/tvbrazilusa.com\/pt\/wp-json\/wp\/v2\/posts\/77328\/revisions\/77330"}],"wp:featuredmedia":[{"embeddable":true,"href":"https:\/\/tvbrazilusa.com\/pt\/wp-json\/wp\/v2\/media\/77329"}],"wp:attachment":[{"href":"https:\/\/tvbrazilusa.com\/pt\/wp-json\/wp\/v2\/media?parent=77328"}],"wp:term":[{"taxonomy":"category","embeddable":true,"href":"https:\/\/tvbrazilusa.com\/pt\/wp-json\/wp\/v2\/categories?post=77328"},{"taxonomy":"post_tag","embeddable":true,"href":"https:\/\/tvbrazilusa.com\/pt\/wp-json\/wp\/v2\/tags?post=77328"}],"curies":[{"name":"wp","href":"https:\/\/api.w.org\/{rel}","templated":true}]}}