{"id":77370,"date":"2024-12-16T18:17:40","date_gmt":"2024-12-16T18:17:40","guid":{"rendered":"https:\/\/tvbrazilusa.com\/2024\/12\/16\/lindsay-clancy-planeja-buscar-defesa-por-insanidade-diz-advogado\/"},"modified":"2024-12-16T19:32:56","modified_gmt":"2024-12-16T19:32:56","slug":"lindsay-clancy-planeja-buscar-defesa-por-insanidade-diz-advogado","status":"publish","type":"post","link":"https:\/\/tvbrazilusa.com\/pt\/2024\/12\/16\/lindsay-clancy-planeja-buscar-defesa-por-insanidade-diz-advogado\/","title":{"rendered":"Lindsay Clancy planeja buscar defesa por insanidade, diz advogado"},"content":{"rendered":"<p> <script async src=\"https:\/\/pagead2.googlesyndication.com\/pagead\/js\/adsbygoogle.js?client=ca-pub-8864793242727901\"\r\n     crossorigin=\"anonymous\"><\/script><br \/>\n<\/p>\n<div id=\"\">\n<header class=\"m-article-header m-article-header--standard\">\n\t\t\t\t\t\t\t\t\t\t\t\t<span id=\"article-header-primary-term\"><br \/>\n\t\t\t\t\t\t\t\t<a class=\"a-term a-term--primary\" href=\"https:\/\/www.boston.com\/tag\/crime\/\"><\/p>\n<p>\t\t\t\t\t\t\t\tCrime\t\t\t\t\t\t\t\t<\/a><br \/>\n\t\t\t\t\t\t\t<\/span><\/p>\n<h2 class=\"m-article-header__sub-headline\">A especula\u00e7\u00e3o de que Clancy poderia buscar uma defesa de insanidade come\u00e7ou logo depois que ela supostamente estrangulou seus filhos e se feriu gravemente em uma tentativa de suic\u00eddio.<\/h2>\n<figure class=\"a-photo m-article-header__photo\"><figcaption class=\"a-photo__caption\">\n<p>\tLindsay Clancy.<em> Facebook<\/em>\t<\/figcaption><\/figure>\n<div class=\"m-article-header__meta\">\n<div class=\"m-article-header__byline\">\n<p class=\"m-article-header__author\">\n<p>\t\t\t\t\t\t\t\tPor <a class=\"a-link a-link--inline\" href=\"https:\/\/www.boston.com\/author\/abby-patkin\/\">Abby Patkin<\/a>\t\t\t\t\t\t\t<\/p>\n<p>\t\t\t\t\t\t\t\t\t\t\t\t\t\t\t<time class=\"m-article-header__date\"><\/p>\n<p>\t\t\t\t\t\t\t\t\t16 de dezembro de 2024 | 13h17\t\t\t\t\t\t\t\t<\/time><\/p>\n<p><span>3 minutos para ler<\/span><\/p>\n<\/p><\/div>\n<\/p><\/div>\n<\/header>\n<p>Advogado de Lindsay Clancy, a m\u00e3e de Duxbury <a href=\"https:\/\/www.boston.com\/news\/crime\/2023\/10\/26\/what-we-learned-from-duxbury-mom-lindsay-clancys-superior-court-arraignment\/\" target=\"_blank\" rel=\"noreferrer noopener\">acusada de estrangular seus tr\u00eas filhos<\/a> \u00e0 morte no ano passado, disse Clancy planeja argumentar que n\u00e3o pode ser responsabilizada criminalmente pelos assassinatos devido \u00e0 sua sa\u00fade mental. <\/p>\n<p>Num processo judicial na sexta-feira, o advogado de defesa Kevin Reddington escreveu que \u201cas declara\u00e7\u00f5es do r\u00e9u quanto \u00e0 sua condi\u00e7\u00e3o mental ser\u00e3o invocadas pelos peritos do r\u00e9u e o r\u00e9u pretende apresentar ao Tribunal uma defesa de falta de responsabilidade criminal\u201d. <\/p>\n<p>Por estado <a href=\"https:\/\/www.mass.gov\/info-details\/model-jury-instructions-on-homicide-i-criminal-responsibility\" target=\"_blank\" rel=\"noreferrer noopener\">instru\u00e7\u00f5es do j\u00fari modelo<\/a>um arguido n\u00e3o \u00e9 criminalmente respons\u00e1vel pela sua conduta se tiver uma \u201cdoen\u00e7a ou defeito mental\u201d e, como resultado, n\u00e3o tiver \u201ccapacidade substancial\u201d para agir de acordo com a lei ou avaliar a criminalidade ou ilicitude da sua conduta.<\/p>\n<p>A especula\u00e7\u00e3o de que Clancy poderia buscar uma defesa de insanidade come\u00e7ou logo depois que ela supostamente matou Cora, de 5 anos, Dawson, de 3, e Callan Clancy, de 8 meses, antes de se ferir gravemente em uma tentativa de suic\u00eddio.<\/p>\n<p>Durante v\u00e1rias apari\u00e7\u00f5es no tribunal, Reddington e a promotora distrital assistente Jennifer Sprague discutiram se Clancy estava em seu ju\u00edzo perfeito durante os supostos ataques em 24 de janeiro de 2023. Pelo relato de Reddington, Clancy estava <a href=\"https:\/\/www.boston.com\/news\/crime\/2023\/02\/21\/lindsay-clancy-timeline-duxbury-mother-mental-health-treatment\/\" target=\"_blank\" rel=\"noreferrer noopener\">lutando com sua sa\u00fade mental<\/a> ap\u00f3s o nascimento de seu terceiro filho e recebeu mais de uma d\u00fazia de medicamentos psiqui\u00e1tricos, com resultados mistos. <\/p>\n<p>Nas semanas e meses anteriores aos assassinatos, \u201cela estava em tal estado que n\u00e3o conseguia se emocionar\u201d, disse ele durante o discurso de Clancy. <a href=\"https:\/\/www.boston.com\/news\/crime\/2023\/10\/26\/what-we-learned-from-duxbury-mom-lindsay-clancys-superior-court-arraignment\/\" target=\"_blank\" rel=\"noreferrer noopener\">acusa\u00e7\u00e3o em tribunal superior<\/a>. \u201cEla n\u00e3o conseguia sentir. Ela n\u00e3o tinha capacidade de amar, fosse o marido ou os filhos.\u201d<\/p>\n<p>Clancy \u201cobviamente n\u00e3o tinha motivo para matar aquelas tr\u00eas lindas crian\u00e7as\u201d, argumentou Reddington. \u201cVoc\u00ea tem que se perguntar por qu\u00ea. Por que? E quando voc\u00ea se pergunta por que, considerando todos esses fatores, fica evidente&#8230; que essa mulher era uma alma perturbada.\u201d <\/p>\n<p>Sprague, no entanto, pintou a jovem m\u00e3e como uma assassina fria e calculista que supostamente pesquisou \u201cVoc\u00ea pode tratar um sociopata?\u201d na internet alguns dias antes de supostamente matar seus filhos. <\/p>\n<p>\u201cA r\u00e9 \u00e9 um perigo para si mesma e para os outros\u201d, argumentou Sprague em um comunicado anterior <a href=\"https:\/\/www.boston.com\/news\/local-news\/2023\/02\/07\/lindsay-clancy-duxbury-mom-arraignment-accused-murder-kids\/?p1=article_recirc_inline_feed\" target=\"_blank\" rel=\"noreferrer noopener\">acusa\u00e7\u00e3o no tribunal distrital<\/a>. \u201cEla planejou esses assassinatos, deu a si mesma o tempo e a privacidade necess\u00e1rios para cometer os assassinatos e depois estrangulou cada crian\u00e7a no lugar onde elas deveriam se sentir mais seguras: em casa com a m\u00e3e.\u201d<\/p>\n<p>Mas como veterano advogado de defesa criminal <a href=\"http:\/\/bassillaw.com\/about-us\" target=\"_blank\" rel=\"noreferrer noopener\">Janice Bassil<\/a> disse ao Boston.com em 2023, planejamento e psicose <a href=\"https:\/\/www.boston.com\/news\/crime\/2023\/02\/10\/lindsay-clancy-duxbury-mom-criminal-case-trial-legal-experts\/\" target=\"_blank\" rel=\"noreferrer noopener\">n\u00e3o s\u00e3o mutuamente exclusivos<\/a>. <\/p>\n<p>\u201cAcho que os promotores e muitas vezes os especialistas que eles recorrem muitas vezes confundem\u2026 planejamento com aus\u00eancia de doen\u00e7a mental, e isso n\u00e3o \u00e9 necessariamente verdade\u201d, disse Bassil, que representou clientes que buscaram uma defesa de insanidade ap\u00f3s uma acusa\u00e7\u00e3o de homic\u00eddio.<\/p>\n<div class=\"wp-block-image\">\n<figure class=\"aligncenter size-full\"><img loading=\"lazy\" decoding=\"async\" width=\"526\" height=\"397\" src=\"https:\/\/bdc2020.o0bc.com\/wp-content\/uploads\/2024\/12\/Y5OQNM5GI33KRIWMXMEUVLQPWE-675ca9ce4587d.jpg\" alt=\"\" class=\"wp-image-32497559\" srcset=\"https:\/\/bdc2020.o0bc.com\/wp-content\/uploads\/2024\/12\/Y5OQNM5GI33KRIWMXMEUVLQPWE-675ca9ce4587d.jpg?width=200 200w, https:\/\/bdc2020.o0bc.com\/wp-content\/uploads\/2024\/12\/Y5OQNM5GI33KRIWMXMEUVLQPWE-675ca9ce4587d.jpg?width=300 300w, https:\/\/bdc2020.o0bc.com\/wp-content\/uploads\/2024\/12\/Y5OQNM5GI33KRIWMXMEUVLQPWE-675ca9ce4587d.jpg?width=400 400w, https:\/\/bdc2020.o0bc.com\/wp-content\/uploads\/2024\/12\/Y5OQNM5GI33KRIWMXMEUVLQPWE-675ca9ce4587d.jpg?width=500 500w, https:\/\/bdc2020.o0bc.com\/wp-content\/uploads\/2024\/12\/Y5OQNM5GI33KRIWMXMEUVLQPWE-675ca9ce4587d.jpg?width=600 600w, https:\/\/bdc2020.o0bc.com\/wp-content\/uploads\/2024\/12\/Y5OQNM5GI33KRIWMXMEUVLQPWE-675ca9ce4587d.jpg?width=700 700w, https:\/\/bdc2020.o0bc.com\/wp-content\/uploads\/2024\/12\/Y5OQNM5GI33KRIWMXMEUVLQPWE-675ca9ce4587d.jpg?width=800 800w, https:\/\/bdc2020.o0bc.com\/wp-content\/uploads\/2024\/12\/Y5OQNM5GI33KRIWMXMEUVLQPWE-675ca9ce4587d.jpg?width=900 900w\" sizes=\"auto, (max-width: 526px) 100vw, 526px\"\/><figcaption class=\"wp-element-caption\">Lindsay Clancy em sua acusa\u00e7\u00e3o no Tewksbury State Hospital.<i> \u2013 Tribunal Distrital de Plymouth via Zoom<\/i><\/figcaption><\/figure>\n<\/div>\n<p>Ela disse que parte de uma defesa bem-sucedida de insanidade \u00e9 convencer os jurados de que o r\u00e9u n\u00e3o teria agido daquela maneira se n\u00e3o estivesse doente. <\/p>\n<p>\u201cAs pessoas que t\u00eam uma defesa de sa\u00fade mental como essa n\u00e3o v\u00e3o sair impunes\u201d, disse ela ao Boston.com na \u00e9poca. \u201cEles s\u00e3o torturados pelo que fizeram.\u201d<\/p>\n<p>Quando um r\u00e9u \u00e9 considerado inocente devido \u00e0 falta de responsabilidade criminal, as autoridades muitas vezes solicitam ao tribunal que interna a pessoa em um estabelecimento de sa\u00fade mental, de acordo com as instru\u00e7\u00f5es modelo do j\u00fari do estado. O tribunal pode, em \u00faltima an\u00e1lise, ordenar a dispensa do r\u00e9u se em algum momento ele n\u00e3o for mais considerado doente mental e perigoso. Clancy est\u00e1 comprometido com o governo estatal <a href=\"https:\/\/www.boston.com\/news\/crime\/2023\/05\/02\/lindsay-clancy-transferred-tewksbury-hospital-court-records\/\" target=\"_blank\" rel=\"noreferrer noopener\">Hospital de Tewksbury<\/a> enquanto seu caso est\u00e1 pendente. <\/p>\n<p>Em outro processo judicial na sexta-feira, os promotores solicitaram uma data de julgamento em setembro.<\/p>\n<p>\u201cEmbora os resultados dos testes de DNA e os relat\u00f3rios de especialistas sejam excelentes, acredita-se razoavelmente que esta descoberta ser\u00e1 conclu\u00edda bem antes de setembro de 2025\u201d, escreveu Sprague na mo\u00e7\u00e3o. <\/p>\n<p>Uma confer\u00eancia sobre o caso est\u00e1 marcada para quarta-feira.<\/p>\n<div class=\"o-author-single has-avatar\">\n<header class=\"m-author-card\">\n<div class=\"a-image a-image--square m-author-card__image\">\n\t\t<img decoding=\"async\" class=\"\" src=\"https:\/\/www.boston.com\/wp-content\/uploads\/2024\/10\/cropped-Patkin-Headshot-66fea67b66dd2-scaled-1-66fea6a1c6f25.jpg\" alt=\"Imagem do perfil de Abby Patkin\"\/>\t<\/div>\n<\/header>\n<section class=\"author-info\">\n<div class=\"m-author__section\">\n<p>Abby Patkin \u00e9 uma rep\u00f3rter de not\u00edcias gerais cujo trabalho aborda transporte p\u00fablico, crime, sa\u00fade e tudo mais.<\/p>\n<\/div>\n<\/section>\n<\/div>\n<div class=\"m-block m-generic-cta\t m-generic-cta--post-content\t m-generic-cta--dark\t m-generic-cta--homepage\t m-generic-cta--email-signup\t\t m-generic-cta-block-style--default \tt-amp__generic-cta\"><\/p>\n<div class=\"m-generic-cta__wrap\">\n<div class=\"m-generic-cta__content\">\n<h3 class=\"m-generic-cta__title\">Boston.com hoje<\/h3>\n<p class=\"m-generic-cta__subtitle\">Inscreva-se para receber as \u00faltimas manchetes em sua caixa de entrada todas as manh\u00e3s.<\/p>\n<\/p><\/div>\n<\/p><\/div>\n<\/div><\/div>\n<p><script>\n\t\tvar consent=\"grant\";\n\t\t\/* The above code is parsing the JSON data from the local storage and storing it in a variable. *\/\n\t\t\t\t\tconst onetrustStorageConsent = JSON.parse(localStorage.getItem( 'consent_one_trust_bdc' ) );\n\t\t\tif ( ( onetrustStorageConsent !== null ) ) {\n\t\t\t\t\/* Checking to see if the user has consented to the use of cookies.\n\t\t\t\t* If they have not, it is deleting the cookie.\n\t\t\t\t* This will comment for now, until further notice.\n\t\t\t\t*\/\n\t\t\t\t\/\/if ( onetrustStorageConsent.C0002 === false ) {\n\t\t\t\t\/\/\tdocument.cookie=\"_fbp=;expires=Thu, 01 Jan 2010 00:00:00 UTC; path=\/; domain=.boston.com\";\n\t\t\t\t\/\/}\n\t\t\t\t\/* Checking if the user has given consent for the cookie C0002.\n\t\t\t\t* If the user has given consent, the variable consent will be set to 'grant'.\n\t\t\t\t* If the user has not given consent,the variable consent will be set to 'revoke'.\n\t\t\t\t* Documentation https:\/\/developers.facebook.com\/docs\/meta-pixel\/implementation\/gdpr\n\t\t\t\t*\/\n\t\t\t\tif ( onetrustStorageConsent.C0002 !== true ) {\n\t\t\t\t\tconsent=\"revoke\";\n\t\t\t\t}\n\t\t\t}\n\t\t\t\t!function(f,b,e,v,n,t,s)\n\t\t{if(f.fbq)return;n=f.fbq=function(){n.callMethod?\n\t\tn.callMethod.apply(n,arguments):n.queue.push(arguments)};\n\t\tif(!f._fbq)f._fbq=n;n.push=n;n.loaded=!0;n.version='2.0';\n\t\tn.queue=[];t=b.createElement(e);t.async=!0;\n\t\tt.src=v;s=b.getElementsByTagName(e)[0];\n\t\ts.parentNode.insertBefore(t,s)}(window, document,'script',\n\t\t'https:\/\/connect.facebook.net\/en_US\/fbevents.js');\n\t\tfbq('consent', consent);\n\t\tfbq('init', '989222871864976');\n\t\tfbq('track', 'PageView');\n\t<\/script><script type=\"module\">\n\t\tvar consent=\"grant\";\n\t\t\/* The above code is parsing the JSON data from the local storage and storing it in a variable. *\/\n\t\t\tconst onetrustStorageConsent = JSON.parse(localStorage.getItem( 'consent_one_trust_bdc' ) );\n\t\t\t\/* Checking to see if the user has consented to the use of cookies.\n\t\t\t* If they have not, it is deleting the cookie.\n\t\t\t* This will comment for now, until further notice.\n\t\t\t*\/\n\t\t\t\/\/if ( onetrustStorageConsent.C0002 === false ) {\n\t\t\t\/\/\tdocument.cookie=\"_fbp=;expires=Thu, 01 Jan 2010 00:00:00 UTC; path=\/; domain=.boston.com\";\n\t\t\t\/\/}\n\t\t\t\/* Checking if the user has given consent for the cookie C0002.\n\t\t\t* If the user has given consent, the variable consent will be set to 'grant'.\n\t\t\t* If the user has not given consent,the variable consent will be set to 'revoke'.\n\t\t\t* Documentation https:\/\/developers.facebook.com\/docs\/meta-pixel\/implementation\/gdpr\n\t\t\t*\/\n\t\t\tif ( ( onetrustStorageConsent !== null ) && (onetrustStorageConsent.C0002 !== true ) ) {\n\t\t\t\tconsent=\"revoke\";\n\t\t\t}\n\t\t\t\t!function(f,b,e,v,n,t,s){if(f.fbq)return;n=f.fbq=function()\n\t\t{n.callMethod? n.callMethod.apply(n,arguments):n.queue.push(arguments)}\n\t\t;if(!f._fbq)f._fbq=n;\n\t\tn.push=n;n.loaded=!0;n.version='2.0';n.queue=[];t=b.createElement(e);t.async=!0;\n\t\tt.src=v;s=b.getElementsByTagName(e)[0];s.parentNode.insertBefore(t,s)}(window,\n\t\tdocument,'script','https:\/\/connect.facebook.net\/en_US\/fbevents.js');\n\t\tfbq('consent', consent);\n\t\tfbq('init', '813236348753005');\n\t\tfbq('track', \"PageView\");\n\t<\/script><br \/>\n<br \/><br \/>\n<br \/><a href=\"https:\/\/www.boston.com\/news\/crime\/2024\/12\/16\/lindsay-clancy-plans-to-pursue-insanity-defense-lawyer-says\/\">Source link <\/a><\/p>","protected":false},"excerpt":{"rendered":"<p>Crime A especula\u00e7\u00e3o de que Clancy poderia buscar uma defesa de insanidade come\u00e7ou logo depois que ela supostamente estrangulou seus filhos e se feriu gravemente em uma tentativa de suic\u00eddio.&hellip;<\/p>","protected":false},"author":1,"featured_media":77371,"comment_status":"closed","ping_status":"open","sticky":false,"template":"","format":"standard","meta":{"content-type":"","footnotes":""},"categories":[1],"tags":[],"class_list":["post-77370","post","type-post","status-publish","format-standard","has-post-thumbnail","hentry","category-uncategorized"],"_links":{"self":[{"href":"https:\/\/tvbrazilusa.com\/pt\/wp-json\/wp\/v2\/posts\/77370","targetHints":{"allow":["GET"]}}],"collection":[{"href":"https:\/\/tvbrazilusa.com\/pt\/wp-json\/wp\/v2\/posts"}],"about":[{"href":"https:\/\/tvbrazilusa.com\/pt\/wp-json\/wp\/v2\/types\/post"}],"author":[{"embeddable":true,"href":"https:\/\/tvbrazilusa.com\/pt\/wp-json\/wp\/v2\/users\/1"}],"replies":[{"embeddable":true,"href":"https:\/\/tvbrazilusa.com\/pt\/wp-json\/wp\/v2\/comments?post=77370"}],"version-history":[{"count":1,"href":"https:\/\/tvbrazilusa.com\/pt\/wp-json\/wp\/v2\/posts\/77370\/revisions"}],"predecessor-version":[{"id":77372,"href":"https:\/\/tvbrazilusa.com\/pt\/wp-json\/wp\/v2\/posts\/77370\/revisions\/77372"}],"wp:featuredmedia":[{"embeddable":true,"href":"https:\/\/tvbrazilusa.com\/pt\/wp-json\/wp\/v2\/media\/77371"}],"wp:attachment":[{"href":"https:\/\/tvbrazilusa.com\/pt\/wp-json\/wp\/v2\/media?parent=77370"}],"wp:term":[{"taxonomy":"category","embeddable":true,"href":"https:\/\/tvbrazilusa.com\/pt\/wp-json\/wp\/v2\/categories?post=77370"},{"taxonomy":"post_tag","embeddable":true,"href":"https:\/\/tvbrazilusa.com\/pt\/wp-json\/wp\/v2\/tags?post=77370"}],"curies":[{"name":"wp","href":"https:\/\/api.w.org\/{rel}","templated":true}]}}