{"id":7740,"date":"2024-07-24T17:28:49","date_gmt":"2024-07-24T17:28:49","guid":{"rendered":"https:\/\/tvbrazilusa.com\/2024\/07\/24\/biden-defendera-seu-legado-e-harris-para-continua-lo-em-seu-discurso-no-salao-oval-wsvn-7news-noticias-de-miami-clima-esportes-fort-lauderdale\/"},"modified":"2024-07-24T17:39:33","modified_gmt":"2024-07-24T17:39:33","slug":"biden-defendera-seu-legado-e-harris-para-continua-lo-em-seu-discurso-no-salao-oval-wsvn-7news-noticias-de-miami-clima-esportes-fort-lauderdale","status":"publish","type":"post","link":"https:\/\/tvbrazilusa.com\/pt\/2024\/07\/24\/biden-defendera-seu-legado-e-harris-para-continua-lo-em-seu-discurso-no-salao-oval-wsvn-7news-noticias-de-miami-clima-esportes-fort-lauderdale\/","title":{"rendered":"Biden defender\u00e1 seu legado \u2013 e Harris para continu\u00e1-lo \u2013 em seu discurso no Sal\u00e3o Oval &#8211; WSVN 7News | Not\u00edcias de Miami, Clima, Esportes | Fort Lauderdale"},"content":{"rendered":"<p> <script async src=\"https:\/\/pagead2.googlesyndication.com\/pagead\/js\/adsbygoogle.js?client=ca-pub-8864793242727901\"\r\n     crossorigin=\"anonymous\"><\/script><br \/>\n<\/p>\n<div itemprop=\"articleBody\">\n<p>WASHINGTON (AP) \u2014 Embora o presidente Joe Biden n\u00e3o esteja nas urnas em novembro, os eleitores ainda estar\u00e3o avaliando seu legado.<\/p>\n<p>\u00c0 medida que a vice-presidente Kamala Harris se prepara para assumir seu lugar como porta-estandarte democrata, as conquistas de Biden continuam em grande risco caso o republicano Donald Trump prevale\u00e7a.<\/p>\n<p>A forma como o mandato \u00fanico de Biden e sua decis\u00e3o de renunciar ser\u00e3o lembrados estar\u00e1 interligada ao resultado eleitoral de Harris em novembro, principalmente porque o vice-presidente se apoia firmemente nas conquistas do governo Biden.<\/p>\n<p>Biden ter\u00e1 a oportunidade de defender seu legado \u2014 legisla\u00e7\u00e3o nacional abrangente, renova\u00e7\u00e3o de alian\u00e7as no exterior, defesa da democracia \u2014 na quarta-feira \u00e0 noite, quando far\u00e1 um discurso no Sal\u00e3o Oval sobre sua decis\u00e3o de se retirar da disputa e &#8220;o que o futuro reserva&#8221;.<\/p>\n<p>E n\u00e3o importa o qu\u00e3o frustrado Biden esteja por ter sido deixado de lado por seu partido \u2014 e ele est\u00e1 bastante chateado \u2014 ele tem muito em jogo para simplesmente lavar as m\u00e3os desta elei\u00e7\u00e3o.<\/p>\n<p>Biden apoiou Harris logo ap\u00f3s ele anunciar no domingo que encerraria sua candidatura, efetivamente dando a ela uma vantagem sobre poss\u00edveis concorrentes e ajudando a impulsionar uma candidatura focada principalmente em dar continuidade \u00e0 sua pr\u00f3pria agenda.<\/p>\n<p>\u201cSe ela vencer, ent\u00e3o ser\u00e1 a confirma\u00e7\u00e3o de que ele fez a coisa certa para lutar contra a amea\u00e7a que \u00e9 Trump, e ele ser\u00e1 visto como uma lenda em nome da democracia\u201d, disse a historiadora presidencial Lindsay Chervinsky, diretora executiva da Biblioteca Presidencial George Washington em Mount Vernon. \u201cSe ela perder, acho que haver\u00e1 perguntas sobre, ele renunciou tarde demais? O Partido Democrata teria sido mais eficaz se ele tivesse dito que n\u00e3o iria concorrer?\u201d<\/p>\n<p>Os &#8220;e se&#8221; acontecem no final de cada presid\u00eancia. Mas o desafio de Biden diante de perguntas sobre sua aptid\u00e3o para o cargo e sua submiss\u00e3o tardia \u00e0 crise de confian\u00e7a de seu partido aumentam os riscos.<\/p>\n<p>O \u00faltimo vice-presidente a concorrer ao cargo mais alto foi o democrata Al Gore, que tentou se distanciar do presidente Bill Clinton durante a campanha de 2000, ap\u00f3s o caso do presidente com uma estagi\u00e1ria da Casa Branca e seu subsequente impeachment.<\/p>\n<p>Harris, em contraste, passou a maior parte dos \u00faltimos tr\u00eas anos elogiando as a\u00e7\u00f5es de Biden \u2014 o que significa que qualquer tentativa de se distanciar agora seria dif\u00edcil de explicar. E ela tem que confiar na opera\u00e7\u00e3o pol\u00edtica de Biden que herdou para vencer a elei\u00e7\u00e3o com pouco mais de 100 dias para o fechamento das urnas.<\/p>\n<p>Falando \u00e0 equipe de campanha na segunda-feira, Harris disse que o legado de realiza\u00e7\u00f5es de Biden &#8220;nos \u00faltimos tr\u00eas anos e meio \u00e9 incompar\u00e1vel na hist\u00f3ria moderna&#8221;.<\/p>\n<p>Harris, discursando na irmandade historicamente negra Zeta Phi Beta em Indian\u00e1polis na quarta-feira, antecipou os coment\u00e1rios de Biden, dizendo: &#8220;Ele falar\u00e1 n\u00e3o apenas sobre o trabalho, o trabalho extraordin\u00e1rio, que ele realizou, mas sobre seu trabalho nos pr\u00f3ximos seis meses&#8221;.<\/p>\n<p>Trump e seus aliados, por sua vez, estavam ansiosos para vincular Harris ao hist\u00f3rico de Biden antes mesmo de o presidente abandonar a disputa \u2014 e n\u00e3o no bom sentido.<\/p>\n<p>Um e-mail de campanha para apoiadores declarou: \u201cKAMALA HARRIS \u00c9 BIDEN 2.0 \u2013 Kamala Harris assume o p\u00e9ssimo hist\u00f3rico de Joe Biden porque esse tamb\u00e9m \u00e9 o hist\u00f3rico dela\u201d, criticando a alta infla\u00e7\u00e3o e as pol\u00edticas de fronteira, entre outras coisas.<\/p>\n<p>Biden prometeu esta semana aos funcion\u00e1rios de sua antiga campanha que ele ainda &#8220;estaria na estrada&#8221; ao entregar as r\u00e9deas da organiza\u00e7\u00e3o a Harris, acrescentando: &#8220;N\u00e3o vou a lugar nenhum&#8221;.<\/p>\n<p>Seus assessores dizem que ele pretende realizar eventos de campanha e arrecada\u00e7\u00f5es de fundos em benef\u00edcio de Harris, embora em um ritmo muito mais lento do que se ele tivesse permanecido na c\u00e9dula.<\/p>\n<p>Os assessores de Harris ter\u00e3o que decidir como posicionar o presidente, cuja popularidade caiu \u00e0 medida que eleitores de ambos os partidos questionavam sua aptid\u00e3o para o cargo.<\/p>\n<p>Os aliados do presidente insistem que, n\u00e3o importa o que aconte\u00e7a, o lugar de Biden nos livros de hist\u00f3ria permanece intacto.<\/p>\n<p>A vit\u00f3ria de Biden em 2020 \u201cfoi aquela elei\u00e7\u00e3o que nos protegeu de uma presid\u00eancia de Donald Trump\u201d, disse o deputado Steven Horsford, presidente do Congressional Black Caucus. \u201cSim, temos que fazer isso de novo em novembro. Mas se Donald Trump tivesse ficado no cargo por mais quatro anos, o dano, a destrui\u00e7\u00e3o, a decad\u00eancia da nossa democracia teriam ido ainda mais longe.\u201d<\/p>\n<p>Matt Bennett, cofundador do think tank de centro-esquerda Third Way, previu que haver\u00e1 uma diferen\u00e7a entre as lembran\u00e7as de curto prazo de Biden e seu legado se os democratas perderem em novembro.<\/p>\n<p>\u201c\u00c9 verdade que, se perdermos, isso vai nublar as coisas para ele no curto prazo\u201d, porque os democratas ter\u00e3o que confrontar Trump, disse Bennett. \u201cNo longo prazo, quando a hist\u00f3ria julgar Biden, eles o olhar\u00e3o em seus pr\u00f3prios termos. Eles o julgar\u00e3o pelo que ele fez ou deixou de fazer como presidente, e o julgar\u00e3o muito favoravelmente.\u201d<\/p>\n<p>A decis\u00e3o de Biden de encerrar sua candidatura animou os \u00e2nimos dos democratas do Congresso, que estavam preocupados que o presidente em exerc\u00edcio iria arrastar para baixo suas perspectivas de manter o Senado e retomar a C\u00e2mara. Um Washington totalmente republicano amea\u00e7aria causar ainda mais danos ao legado de Biden.<\/p>\n<p>Os republicanos do Congresso j\u00e1 tentaram desfazer partes da Lei de Redu\u00e7\u00e3o da Infla\u00e7\u00e3o, uma conquista central de Biden que foi aprovada por partidos em 2022. E eles podem ter sucesso no ano que vem, com um presidente Trump esperando para sancionar uma revoga\u00e7\u00e3o em lei.<\/p>\n<p>Os legisladores do Partido Republicano tamb\u00e9m poderiam votar para reverter as principais regulamenta\u00e7\u00f5es federais que chegaram mais tarde no governo Biden.<\/p>\n<p>\u201cSe os republicanos obtiverem maiorias duplas, eles v\u00e3o se recuperar o m\u00e1ximo que puderem\u201d, disse Bennett. \u201cEles v\u00e3o desfazer o m\u00e1ximo que puderem e isso n\u00e3o ser\u00e1 apenas um desastre para a Am\u00e9rica e o mundo, ser\u00e1 muito ruim para o legado de Biden.\u201d<\/p>\n<p>Os assessores de Biden apontam para a natureza at\u00e9 agora perfeita da tomada de Harris de seu aparato pol\u00edtico como evid\u00eancia de que o presidente preparou seu vice-presidente para concorrer com sucesso em seu hist\u00f3rico compartilhado. Mas o teste final dessa organiza\u00e7\u00e3o vir\u00e1 em novembro.<\/p>\n<p>Ningu\u00e9m estar\u00e1 mais torcendo por ela do que o presidente.<\/p>\n<p>Como Biden disse a Harris: \u201cEstou de olho em voc\u00ea, garota.\u201d<\/p>\n<p><em>Copyright 2024 The Associated Press. Todos os direitos reservados. Este material n\u00e3o pode ser publicado, transmitido, reescrito ou redistribu\u00eddo.<\/em><\/p>\n<div class=\"wp-block-newsletter\">\n\t<strong class=\"wp-block-newsletter__title\">Inscreva-se em nossa Newsletter para receber as \u00faltimas not\u00edcias diretamente na sua caixa de entrada<\/strong><\/p>\n<\/div><\/div>\n<p><br \/>\n<br \/><a href=\"https:\/\/wsvn.com\/news\/politics\/biden-will-make-a-case-for-his-legacy-and-for-harris-to-continue-it-in-his-oval-office-address\/\">Source link <\/a><\/p>","protected":false},"excerpt":{"rendered":"<p>WASHINGTON (AP) \u2014 Embora o presidente Joe Biden n\u00e3o esteja nas urnas em novembro, os eleitores ainda estar\u00e3o avaliando seu legado. \u00c0 medida que a vice-presidente Kamala Harris se prepara&hellip;<\/p>","protected":false},"author":1,"featured_media":7741,"comment_status":"closed","ping_status":"open","sticky":false,"template":"","format":"standard","meta":{"content-type":"","footnotes":""},"categories":[1],"tags":[],"class_list":["post-7740","post","type-post","status-publish","format-standard","has-post-thumbnail","hentry","category-uncategorized"],"_links":{"self":[{"href":"https:\/\/tvbrazilusa.com\/pt\/wp-json\/wp\/v2\/posts\/7740","targetHints":{"allow":["GET"]}}],"collection":[{"href":"https:\/\/tvbrazilusa.com\/pt\/wp-json\/wp\/v2\/posts"}],"about":[{"href":"https:\/\/tvbrazilusa.com\/pt\/wp-json\/wp\/v2\/types\/post"}],"author":[{"embeddable":true,"href":"https:\/\/tvbrazilusa.com\/pt\/wp-json\/wp\/v2\/users\/1"}],"replies":[{"embeddable":true,"href":"https:\/\/tvbrazilusa.com\/pt\/wp-json\/wp\/v2\/comments?post=7740"}],"version-history":[{"count":1,"href":"https:\/\/tvbrazilusa.com\/pt\/wp-json\/wp\/v2\/posts\/7740\/revisions"}],"predecessor-version":[{"id":7742,"href":"https:\/\/tvbrazilusa.com\/pt\/wp-json\/wp\/v2\/posts\/7740\/revisions\/7742"}],"wp:featuredmedia":[{"embeddable":true,"href":"https:\/\/tvbrazilusa.com\/pt\/wp-json\/wp\/v2\/media\/7741"}],"wp:attachment":[{"href":"https:\/\/tvbrazilusa.com\/pt\/wp-json\/wp\/v2\/media?parent=7740"}],"wp:term":[{"taxonomy":"category","embeddable":true,"href":"https:\/\/tvbrazilusa.com\/pt\/wp-json\/wp\/v2\/categories?post=7740"},{"taxonomy":"post_tag","embeddable":true,"href":"https:\/\/tvbrazilusa.com\/pt\/wp-json\/wp\/v2\/tags?post=7740"}],"curies":[{"name":"wp","href":"https:\/\/api.w.org\/{rel}","templated":true}]}}