{"id":77437,"date":"2024-12-16T21:17:37","date_gmt":"2024-12-16T21:17:37","guid":{"rendered":"https:\/\/tvbrazilusa.com\/2024\/12\/16\/fwc-divulga-novos-detalhes-sobre-colisao-de-aerobarcos-no-condado-de-collier-wsvn-7news-noticias-de-miami-clima-esportes-fort-lauderdale\/"},"modified":"2024-12-16T21:29:07","modified_gmt":"2024-12-16T21:29:07","slug":"fwc-divulga-novos-detalhes-sobre-colisao-de-aerobarcos-no-condado-de-collier-wsvn-7news-noticias-de-miami-clima-esportes-fort-lauderdale","status":"publish","type":"post","link":"https:\/\/tvbrazilusa.com\/pt\/2024\/12\/16\/fwc-divulga-novos-detalhes-sobre-colisao-de-aerobarcos-no-condado-de-collier-wsvn-7news-noticias-de-miami-clima-esportes-fort-lauderdale\/","title":{"rendered":"FWC divulga novos detalhes sobre colis\u00e3o de aerobarcos no Condado de Collier &#8211; WSVN 7News | Not\u00edcias de Miami, clima, esportes | Fort Lauderdale"},"content":{"rendered":"<p> <script async src=\"https:\/\/pagead2.googlesyndication.com\/pagead\/js\/adsbygoogle.js?client=ca-pub-8864793242727901\"\r\n     crossorigin=\"anonymous\"><\/script><br \/>\n<\/p>\n<div itemprop=\"articleBody\">\n<p>COLLIER COUNTY, Fl\u00f3rida (WSVN) \u2013 A Comiss\u00e3o de Conserva\u00e7\u00e3o de Peixes e Vida Selvagem da Fl\u00f3rida divulgou novos detalhes ap\u00f3s<a href=\"https:\/\/wsvn.com\/news\/local\/florida\/16-hospitalized-after-2-airboats-crash-in-collier-county-authorities-say\/\" data-type=\"link\" data-id=\"https:\/\/wsvn.com\/news\/local\/florida\/16-hospitalized-after-2-airboats-crash-in-collier-county-authorities-say\/\" target=\"_blank\" rel=\"noreferrer noopener\"> dois motoristas de aerobarco colidiram perto de Everglades<\/a>.<\/p>\n<p>O 7Skyforce pairou sobre o local na tarde de sexta-feira perto de Everglades City, onde, disseram as autoridades, os aerobarcos colidiram entre si e feriram v\u00e1rias pessoas. <\/p>\n<p>De acordo com os socorristas, pelo menos 24 passageiros ficaram feridos e 16 tiveram que ser levados \u00e0s pressas para o hospital.<\/p>\n<p>As condi\u00e7\u00f5es dos hospitalizados n\u00e3o s\u00e3o conhecidas.<\/p>\n<p>Novos detalhes incluem que o grupo em um dos barcos fazia parte de um time juvenil de futebol e torcida baseado na Calif\u00f3rnia. A idade das crian\u00e7as supostamente \u00e9 de oito anos ou menos.<\/p>\n<p>Eles estavam competindo em um torneio nacional em N\u00e1poles, Fl\u00f3rida.<\/p>\n<p>A pol\u00edcia ainda est\u00e1 investigando o incidente.<\/p>\n<p><em>Copyright 2024 Sunbeam Television Corp. Todos os direitos reservados. Este material n\u00e3o pode ser publicado, transmitido, reescrito ou redistribu\u00eddo.<\/em><\/p>\n<div class=\"wp-block-newsletter\">\n\t<strong class=\"wp-block-newsletter__title\">Cadastre-se em nosso boletim informativo para receber as \u00faltimas not\u00edcias diretamente em sua caixa de entrada<\/strong><\/p>\n<\/div><\/div>\n<p><br \/>\n<br \/><a href=\"https:\/\/wsvn.com\/news\/local\/florida\/fwc-release-new-details-on-airboats-collision-in-collier-county\/\">Source link <\/a><\/p>","protected":false},"excerpt":{"rendered":"<p>COLLIER COUNTY, Fl\u00f3rida (WSVN) \u2013 A Comiss\u00e3o de Conserva\u00e7\u00e3o de Peixes e Vida Selvagem da Fl\u00f3rida divulgou novos detalhes ap\u00f3s dois motoristas de aerobarco colidiram perto de Everglades. O 7Skyforce&hellip;<\/p>","protected":false},"author":1,"featured_media":77438,"comment_status":"closed","ping_status":"open","sticky":false,"template":"","format":"standard","meta":{"content-type":"","footnotes":""},"categories":[1],"tags":[],"class_list":["post-77437","post","type-post","status-publish","format-standard","has-post-thumbnail","hentry","category-uncategorized"],"_links":{"self":[{"href":"https:\/\/tvbrazilusa.com\/pt\/wp-json\/wp\/v2\/posts\/77437","targetHints":{"allow":["GET"]}}],"collection":[{"href":"https:\/\/tvbrazilusa.com\/pt\/wp-json\/wp\/v2\/posts"}],"about":[{"href":"https:\/\/tvbrazilusa.com\/pt\/wp-json\/wp\/v2\/types\/post"}],"author":[{"embeddable":true,"href":"https:\/\/tvbrazilusa.com\/pt\/wp-json\/wp\/v2\/users\/1"}],"replies":[{"embeddable":true,"href":"https:\/\/tvbrazilusa.com\/pt\/wp-json\/wp\/v2\/comments?post=77437"}],"version-history":[{"count":1,"href":"https:\/\/tvbrazilusa.com\/pt\/wp-json\/wp\/v2\/posts\/77437\/revisions"}],"predecessor-version":[{"id":77439,"href":"https:\/\/tvbrazilusa.com\/pt\/wp-json\/wp\/v2\/posts\/77437\/revisions\/77439"}],"wp:featuredmedia":[{"embeddable":true,"href":"https:\/\/tvbrazilusa.com\/pt\/wp-json\/wp\/v2\/media\/77438"}],"wp:attachment":[{"href":"https:\/\/tvbrazilusa.com\/pt\/wp-json\/wp\/v2\/media?parent=77437"}],"wp:term":[{"taxonomy":"category","embeddable":true,"href":"https:\/\/tvbrazilusa.com\/pt\/wp-json\/wp\/v2\/categories?post=77437"},{"taxonomy":"post_tag","embeddable":true,"href":"https:\/\/tvbrazilusa.com\/pt\/wp-json\/wp\/v2\/tags?post=77437"}],"curies":[{"name":"wp","href":"https:\/\/api.w.org\/{rel}","templated":true}]}}