{"id":77440,"date":"2024-12-16T21:26:44","date_gmt":"2024-12-16T21:26:44","guid":{"rendered":"https:\/\/tvbrazilusa.com\/2024\/12\/16\/bill-belichick-discutiu-o-ajuste-ao-recrutamento-de-futebol-universitario-portal-de-transferencia\/"},"modified":"2024-12-16T21:30:09","modified_gmt":"2024-12-16T21:30:09","slug":"bill-belichick-discutiu-o-ajuste-ao-recrutamento-de-futebol-universitario-portal-de-transferencia","status":"publish","type":"post","link":"https:\/\/tvbrazilusa.com\/pt\/2024\/12\/16\/bill-belichick-discutiu-o-ajuste-ao-recrutamento-de-futebol-universitario-portal-de-transferencia\/","title":{"rendered":"Bill Belichick discutiu o ajuste ao recrutamento de futebol universit\u00e1rio, portal de transfer\u00eancia"},"content":{"rendered":"<p> <script async src=\"https:\/\/pagead2.googlesyndication.com\/pagead\/js\/adsbygoogle.js?client=ca-pub-8864793242727901\"\r\n     crossorigin=\"anonymous\"><\/script><br \/>\n<\/p>\n<div id=\"\">\n<header class=\"m-article-header m-article-header--standard\">\n\t\t\t\t\t\t\t\t\t\t\t\t<span id=\"article-header-primary-term\"><br \/>\n\t\t\t\t\t\t\t\t<a class=\"a-term a-term--primary\" href=\"https:\/\/www.boston.com\/tag\/new-england-patriots\/\"><\/p>\n<p>\t\t\t\t\t\t\t\tPatriotas\t\t\t\t\t\t\t\t<\/a><br \/>\n\t\t\t\t\t\t\t<\/span><\/p>\n<h2 class=\"m-article-header__sub-headline\">&#8220;N\u00e3o se trata de vit\u00f3rias para mim, trata-se de campeonatos.&#8221;<\/h2>\n<figure class=\"a-photo m-article-header__photo\"><figcaption class=\"a-photo__caption\">\n<p>\tBill Belichick durante sua coletiva de imprensa introdut\u00f3ria \u00e0 UNC ap\u00f3s ser nomeado treinador de futebol.<em> Jared C. Tilton\/Getty Images<\/em>\t<\/figcaption><\/figure>\n<div class=\"m-article-header__meta\">\n<div class=\"m-article-header__byline\">\n<p class=\"m-article-header__author\">\n<p>\t\t\t\t\t\t\t\tPor <a class=\"a-link a-link--inline\" href=\"https:\/\/www.boston.com\/author\/hayden-bird\/\">P\u00e1ssaro Hayden<\/a>\t\t\t\t\t\t\t<\/p>\n<p>\t\t\t\t\t\t\t\t\t\t\t\t\t\t\t<time class=\"m-article-header__date\"><\/p>\n<p>\t\t\t\t\t\t\t\t\t16 de dezembro de 2024 | 16h26\t\t\t\t\t\t\t\t<\/time><\/p>\n<p><span>4 minutos para ler<\/span><\/p>\n<\/p><\/div>\n<\/p><\/div>\n<\/header>\n<p>Desde que chocou o mundo do futebol ao <a href=\"https:\/\/www.boston.com\/sports\/new-england-patriots\/2024\/12\/11\/bill-belichick-named-north-carolina-unc-football-coach\/\">aceitando<\/a> Ap\u00f3s a oferta para se tornar o t\u00e9cnico principal do time de futebol americano da Universidade da Carolina do Norte, Bill Belichick tem trabalhado ativamente para come\u00e7ar a trabalhar em sua nova casa.<\/p>\n<p>Belichick, 72 anos, aceitou formalmente a oferta do Tar Heels h\u00e1 menos de uma semana, mas j\u00e1 contratou um recruta de quatro estrelas, o quarterback <a href=\"https:\/\/northcarolina.rivals.com\/commitments\/football\/2025\">Bryce Baker<\/a>. Com a temporada do portal de recrutamento e transfer\u00eancia de futebol universit\u00e1rio em pleno andamento, o t\u00e9cnico de longa data da NFL n\u00e3o perdeu tempo.<\/p>\n<p>Durante sua apari\u00e7\u00e3o semanal no \u201c<a href=\"https:\/\/www.youtube.com\/@ThePatMcAfeeShow\/streams\">O show de Pat McAfee<\/a>\u201dNa segunda-feira, Belichick atualizou sua experi\u00eancia inicial com recrutamento. Dadas as novas implica\u00e7\u00f5es do NIL (nome, imagem e semelhan\u00e7a) para os jogadores \u2013 e o dinheiro envolvido \u2013 o oito vezes campe\u00e3o do Super Bowl observou que tem alguma familiaridade com o processo, apesar de nunca ter treinado na faculdade.<\/p>\n<p>\u201cTem sido um processo interessante, mas \u00e9 muito semelhante &#8211; [UNC general manager] Mike Lombardi e eu est\u00e1vamos conversando sobre isso &#8211; \u00e9 muito semelhante ao que passamos com o processo p\u00f3s-draft e logo no in\u00edcio do processo de ag\u00eancia gratuita, tudo combinado em um s\u00f3 com o portal de transfer\u00eancia\u201d, explicou Belichick.<\/p>\n<p>\u201c\u00c9 emocionante montar uma equipe\u201d, acrescentou. \u201cLinha ofensiva e zagueiros, temos muitos caras. Agora acho que realmente estaremos procurando adicionar alguns jogadores habilidosos ao elenco, sejam eles tight ends, recebedores, running backs, realmente queremos adicion\u00e1-los ao nosso elenco.<\/p>\n<p>\u201cVoc\u00ea sabe que nunca deixarei passar um bom jogador de defesa\u201d, acrescentou.<\/p>\n<p>A UNC tem atualmente <a href=\"https:\/\/northcarolina.rivals.com\/commitments\/football\/2025\">Sete<\/a> recrutas de tr\u00eas estrelas assinaram compromissos em 2025, com dois compromissos verbais de recrutas de quatro estrelas (incluindo Baker), de acordo com o site de recrutamento de esportes universit\u00e1rios Rivals.<\/p>\n<p>O ritmo continuar\u00e1 alto para Belichick e UNC nos pr\u00f3ximos dias.<\/p>\n<p>\u201cTemos conversado com v\u00e1rios jogadores e teremos mais novidades esta semana como parte do portal. Isso fecha no domingo, ent\u00e3o temos caras chegando praticamente todos os dias esta semana\u201d, <a href=\"https:\/\/x.com\/PatMcAfeeShow\/status\/1868725209261584590\">ele disse \u00e0 McAfee<\/a>.<\/p>\n<p>Embora a UNC n\u00e3o tenha sido uma pot\u00eancia hist\u00f3rica no futebol, Belichick afirmou que sua chegada despertou algum interesse de poss\u00edveis recrutas e transfer\u00eancias.<\/p>\n<p>\u201cEstamos vendendo o programa, mas, honestamente, muitos jogadores e agentes v\u00eam at\u00e9 n\u00f3s dizendo: &#8216;Queremos fazer parte do programa, h\u00e1 uma vaga para n\u00f3s? Voc\u00ea aceitaria esse jogador, aquele jogador e assim por diante\u201d, disse ele. \u201cMuitos agentes que tamb\u00e9m representam jogadores no portal de transfer\u00eancias com os quais lidamos na Liga Nacional de Futebol, e muitos desses relacionamentos agora s\u00e3o transferidos para o futebol universit\u00e1rio. Ent\u00e3o tem sido um processo interessante. Est\u00e1 indo r\u00e1pido, mas \u00e9 divertido. \u00c9 \u00f3timo estar na Carolina do Norte.\u201d<\/p>\n<p>Notavelmente, a nova era do atletismo universit\u00e1rio inclui a constru\u00e7\u00e3o de uma escala\u00e7\u00e3o dentro do or\u00e7amento.<\/p>\n<p>\u201cEstamos gastando dinheiro. N\u00e3o tanto quanto gastamos na NFL, mas estamos gastando um pouco de dinheiro\u201d, brincou Belichick. \u201cGosto de ver os jogadores sendo compensados \u200b\u200bpelo acordo que v\u00e3o fazer. Portanto, \u00e9 um novo cen\u00e1rio no futebol universit\u00e1rio, mas honestamente n\u00e3o muito diferente \u2013 \u00e9 diferente \u2013 mas esta parte do processo n\u00e3o \u00e9 muito diferente daquela com que lidamos na NFL.\u201d<\/p>\n<p>Dado o amor do lend\u00e1rio treinador pelo esporte &#8211; e o <a href=\"https:\/\/www.boston.com\/sports\/sports-news\/2021\/03\/22\/chris-hogan-conversation-football-to-lacrosse-transition\/\">hist\u00f3ria do wide receiver do Patriots, Chris Hogan<\/a> &#8211; A McAfee n\u00e3o resistiu e perguntou com humor a Belichick \u201cquantos jogadores de lacrosse v\u00e3o pegar bolas para o UNC Tar Heels nesta pr\u00f3xima temporada?\u201d<\/p>\n<p>\u201cTemos dois jogadores no time e alguns jogadores de beisebol\u201d, respondeu Belichick. \u201cTive uma pequena negocia\u00e7\u00e3o l\u00e1, se eles v\u00e3o estar na primavera [football]beisebol, lacrosse, mas vamos resolver isso.\u201d<\/p>\n<blockquote class=\"twitter-tweet\">\n<p lang=\"en\" dir=\"ltr\">Quantos jogadores de lacrosse estar\u00e3o no time, treinador.<\/p>\n<p>\u201cTemos dois jogadores no time e alguns jogadores de beisebol.<\/p>\n<p>Todos os esportes aqui apoiam uns aos outros e \u00e9 \u00f3timo fazer parte disso\u201d ~ Treinador Belichick <a href=\"https:\/\/twitter.com\/hashtag\/PMSLive?src=hash&#038;ref_src=twsrc%5Etfw\">#PMSLive<\/a> <a href=\"https:\/\/t.co\/jwTmQtWKfI\">pic.twitter.com\/jwTmQtWKfI<\/a><\/p>\n<p>-Pat McAfee (@PatMcAfeeShow) <a href=\"https:\/\/twitter.com\/PatMcAfeeShow\/status\/1868729605680693648?ref_src=twsrc%5Etfw\">16 de dezembro de 2024<\/a><\/p><\/blockquote>\n<p>Questionado sobre sua proximidade com o recorde de vit\u00f3rias de todos os tempos da NFL (como treinador principal) \u2013 e se isso foi levado em considera\u00e7\u00e3o em sua decis\u00e3o de ingressar na faculdade \u2013 Belichick fez uma distin\u00e7\u00e3o clara.<\/p>\n<p>\u201cEu nunca pensei muito nisso, para ser completamente honesto com voc\u00ea\u201d, disse Belichick sobre o \u00e1lbum. \u201cPara mim n\u00e3o se trata de vit\u00f3rias, trata-se de campeonatos. \u00c9 isso que eu quero fazer \u00e9 ganhar campeonatos. <\/p>\n<p>\u201cAs vit\u00f3rias s\u00e3o \u00f3timas e voc\u00ea tem que vencer jogos para ganhar campeonatos, eu entendo, mas para mim \u00e9 uma quest\u00e3o de campeonatos\u201d, continuou ele. \u201cO que mais me orgulha n\u00e3o \u00e9 quantos jogos vencemos \u2013 \u00e9 dif\u00edcil vencer na NFL, estou orgulhoso dos jogos que vencemos e dos times que os venceram \u2013 mas estou orgulhoso dos campeonatos. do qual fui membro e para o qual contribu\u00ed. As equipes ganham campeonatos.\u201d<\/p>\n<blockquote class=\"twitter-tweet\">\n<p lang=\"en\" dir=\"ltr\">\u201cPara mim, n\u00e3o se trata de vit\u00f3rias, trata-se de campeonatos.\u201d \ud83c\udfc6 <\/p>\n<p>Bill Belichick n\u00e3o estava preocupado em retornar \u00e0 NFL para obter o recorde de vit\u00f3rias de todos os tempos. <a href=\"https:\/\/twitter.com\/PatMcAfeeShow?ref_src=twsrc%5Etfw\">@PatMcAfeeShow<\/a> <a href=\"https:\/\/t.co\/y1smO30cbl\">pic.twitter.com\/y1smO30cbl<\/a><\/p>\n<p>\u2013 NFL na ESPN (@ESPNNFL) <a href=\"https:\/\/twitter.com\/ESPNNFL\/status\/1868743437916279103?ref_src=twsrc%5Etfw\">16 de dezembro de 2024<\/a><\/p><\/blockquote>\n<p>Quanto ao que havia planejado para o resto do dia, Belichick encerrou com uma r\u00e1pida olhada em sua agenda acelerada.<\/p>\n<p>\u201cSim, senhor, ainda temos muito recrutamento hoje. Durante toda a semana, at\u00e9 domingo. Temos uma grande semana aqui.\u201d<\/p>\n<div class=\"o-author-single no-avatar\">\n<header class=\"m-author-card\">\n<\/header>\n<section class=\"author-info\">\n<div class=\"m-author__section\">\n<p>Hayden Bird \u00e9 redator de esportes do Boston.com, onde trabalha desde 2016. Ele cobre todos os assuntos esportivos na Nova Inglaterra.<\/p>\n<\/div>\n<\/section>\n<\/div>\n<div class=\"m-block m-generic-cta\t m-generic-cta--post-content\t m-generic-cta--dark\t m-generic-cta--homepage\t m-generic-cta--email-signup\t\t m-generic-cta-block-style--default \tt-amp__generic-cta\"><\/p>\n<div class=\"m-generic-cta__wrap\">\n<div class=\"m-generic-cta__content\">\n<h3 class=\"m-generic-cta__title\">Boston.com hoje<\/h3>\n<p class=\"m-generic-cta__subtitle\">Inscreva-se para receber as \u00faltimas manchetes em sua caixa de entrada todas as manh\u00e3s.<\/p>\n<\/p><\/div>\n<\/p><\/div>\n<\/div><\/div>\n<p><script async src=\"\/\/platform.twitter.com\/widgets.js\" charset=\"utf-8\"><\/script><script>\n\t\tvar consent=\"grant\";\n\t\t\/* The above code is parsing the JSON data from the local storage and storing it in a variable. *\/\n\t\t\t\t\tconst onetrustStorageConsent = JSON.parse(localStorage.getItem( 'consent_one_trust_bdc' ) );\n\t\t\tif ( ( onetrustStorageConsent !== null ) ) {\n\t\t\t\t\/* Checking to see if the user has consented to the use of cookies.\n\t\t\t\t* If they have not, it is deleting the cookie.\n\t\t\t\t* This will comment for now, until further notice.\n\t\t\t\t*\/\n\t\t\t\t\/\/if ( onetrustStorageConsent.C0002 === false ) {\n\t\t\t\t\/\/\tdocument.cookie=\"_fbp=;expires=Thu, 01 Jan 2010 00:00:00 UTC; path=\/; domain=.boston.com\";\n\t\t\t\t\/\/}\n\t\t\t\t\/* Checking if the user has given consent for the cookie C0002.\n\t\t\t\t* If the user has given consent, the variable consent will be set to 'grant'.\n\t\t\t\t* If the user has not given consent,the variable consent will be set to 'revoke'.\n\t\t\t\t* Documentation https:\/\/developers.facebook.com\/docs\/meta-pixel\/implementation\/gdpr\n\t\t\t\t*\/\n\t\t\t\tif ( onetrustStorageConsent.C0002 !== true ) {\n\t\t\t\t\tconsent=\"revoke\";\n\t\t\t\t}\n\t\t\t}\n\t\t\t\t!function(f,b,e,v,n,t,s)\n\t\t{if(f.fbq)return;n=f.fbq=function(){n.callMethod?\n\t\tn.callMethod.apply(n,arguments):n.queue.push(arguments)};\n\t\tif(!f._fbq)f._fbq=n;n.push=n;n.loaded=!0;n.version='2.0';\n\t\tn.queue=[];t=b.createElement(e);t.async=!0;\n\t\tt.src=v;s=b.getElementsByTagName(e)[0];\n\t\ts.parentNode.insertBefore(t,s)}(window, document,'script',\n\t\t'https:\/\/connect.facebook.net\/en_US\/fbevents.js');\n\t\tfbq('consent', consent);\n\t\tfbq('init', '989222871864976');\n\t\tfbq('track', 'PageView');\n\t<\/script><script type=\"module\">\n\t\tvar consent=\"grant\";\n\t\t\/* The above code is parsing the JSON data from the local storage and storing it in a variable. *\/\n\t\t\tconst onetrustStorageConsent = JSON.parse(localStorage.getItem( 'consent_one_trust_bdc' ) );\n\t\t\t\/* Checking to see if the user has consented to the use of cookies.\n\t\t\t* If they have not, it is deleting the cookie.\n\t\t\t* This will comment for now, until further notice.\n\t\t\t*\/\n\t\t\t\/\/if ( onetrustStorageConsent.C0002 === false ) {\n\t\t\t\/\/\tdocument.cookie=\"_fbp=;expires=Thu, 01 Jan 2010 00:00:00 UTC; path=\/; domain=.boston.com\";\n\t\t\t\/\/}\n\t\t\t\/* Checking if the user has given consent for the cookie C0002.\n\t\t\t* If the user has given consent, the variable consent will be set to 'grant'.\n\t\t\t* If the user has not given consent,the variable consent will be set to 'revoke'.\n\t\t\t* Documentation https:\/\/developers.facebook.com\/docs\/meta-pixel\/implementation\/gdpr\n\t\t\t*\/\n\t\t\tif ( ( onetrustStorageConsent !== null ) && (onetrustStorageConsent.C0002 !== true ) ) {\n\t\t\t\tconsent=\"revoke\";\n\t\t\t}\n\t\t\t\t!function(f,b,e,v,n,t,s){if(f.fbq)return;n=f.fbq=function()\n\t\t{n.callMethod? n.callMethod.apply(n,arguments):n.queue.push(arguments)}\n\t\t;if(!f._fbq)f._fbq=n;\n\t\tn.push=n;n.loaded=!0;n.version='2.0';n.queue=[];t=b.createElement(e);t.async=!0;\n\t\tt.src=v;s=b.getElementsByTagName(e)[0];s.parentNode.insertBefore(t,s)}(window,\n\t\tdocument,'script','https:\/\/connect.facebook.net\/en_US\/fbevents.js');\n\t\tfbq('consent', consent);\n\t\tfbq('init', '813236348753005');\n\t\tfbq('track', \"PageView\");\n\t<\/script><br \/>\n<br \/><br \/>\n<br \/><a href=\"https:\/\/www.boston.com\/sports\/new-england-patriots\/2024\/12\/16\/bill-belichick-unc-recruiting-transfer-portal-pat-mcafee-interview\/\">Source link <\/a><\/p>","protected":false},"excerpt":{"rendered":"<p>Patriotas &#8220;N\u00e3o se trata de vit\u00f3rias para mim, trata-se de campeonatos.&#8221; Bill Belichick durante sua coletiva de imprensa introdut\u00f3ria \u00e0 UNC ap\u00f3s ser nomeado treinador de futebol. Jared C. Tilton\/Getty&hellip;<\/p>","protected":false},"author":1,"featured_media":77441,"comment_status":"closed","ping_status":"open","sticky":false,"template":"","format":"standard","meta":{"content-type":"","footnotes":""},"categories":[1],"tags":[],"class_list":["post-77440","post","type-post","status-publish","format-standard","has-post-thumbnail","hentry","category-uncategorized"],"_links":{"self":[{"href":"https:\/\/tvbrazilusa.com\/pt\/wp-json\/wp\/v2\/posts\/77440","targetHints":{"allow":["GET"]}}],"collection":[{"href":"https:\/\/tvbrazilusa.com\/pt\/wp-json\/wp\/v2\/posts"}],"about":[{"href":"https:\/\/tvbrazilusa.com\/pt\/wp-json\/wp\/v2\/types\/post"}],"author":[{"embeddable":true,"href":"https:\/\/tvbrazilusa.com\/pt\/wp-json\/wp\/v2\/users\/1"}],"replies":[{"embeddable":true,"href":"https:\/\/tvbrazilusa.com\/pt\/wp-json\/wp\/v2\/comments?post=77440"}],"version-history":[{"count":1,"href":"https:\/\/tvbrazilusa.com\/pt\/wp-json\/wp\/v2\/posts\/77440\/revisions"}],"predecessor-version":[{"id":77442,"href":"https:\/\/tvbrazilusa.com\/pt\/wp-json\/wp\/v2\/posts\/77440\/revisions\/77442"}],"wp:featuredmedia":[{"embeddable":true,"href":"https:\/\/tvbrazilusa.com\/pt\/wp-json\/wp\/v2\/media\/77441"}],"wp:attachment":[{"href":"https:\/\/tvbrazilusa.com\/pt\/wp-json\/wp\/v2\/media?parent=77440"}],"wp:term":[{"taxonomy":"category","embeddable":true,"href":"https:\/\/tvbrazilusa.com\/pt\/wp-json\/wp\/v2\/categories?post=77440"},{"taxonomy":"post_tag","embeddable":true,"href":"https:\/\/tvbrazilusa.com\/pt\/wp-json\/wp\/v2\/tags?post=77440"}],"curies":[{"name":"wp","href":"https:\/\/api.w.org\/{rel}","templated":true}]}}