{"id":77443,"date":"2024-12-16T21:36:15","date_gmt":"2024-12-16T21:36:15","guid":{"rendered":"https:\/\/tvbrazilusa.com\/2024\/12\/16\/agora-moraes-prorroga-investigacao-do-gabinete-do-odio-por-180-dias\/"},"modified":"2024-12-16T21:36:16","modified_gmt":"2024-12-16T21:36:16","slug":"agora-moraes-prorroga-investigacao-do-gabinete-do-odio-por-180-dias","status":"publish","type":"post","link":"https:\/\/tvbrazilusa.com\/pt\/2024\/12\/16\/agora-moraes-prorroga-investigacao-do-gabinete-do-odio-por-180-dias\/","title":{"rendered":"AGORA: Moraes prorroga investiga\u00e7\u00e3o do gabinete do \u00f3dio por 180 dias"},"content":{"rendered":"<p> <script async src=\"https:\/\/pagead2.googlesyndication.com\/pagead\/js\/adsbygoogle.js?client=ca-pub-8864793242727901\"\r\n     crossorigin=\"anonymous\"><\/script><br \/>\n<\/p>\n<div id=\"taboola-read-more\" style=\"display:block; width:100%\">\n<p>Relator do inqu\u00e9rito que apura a exist\u00eancia, forma de financiamento e o meio de atua\u00e7\u00e3o do chamado \u201cGabinete do \u00d3dio\u201d, o ministro Alexandre de Moraes decidiu prorrogar a apura\u00e7\u00e3o, nesta segunda, por mais 180 dias.\n<\/p>\n<p>Moraes tamb\u00e9m autorizou a oitiva de 20 pessoas citadas na apura\u00e7\u00e3o, al\u00e9m da complementa\u00e7\u00e3o da an\u00e1lise das informa\u00e7\u00f5es obtidas mediante a quebra de sigilo fiscal e banc\u00e1rio dos investigados e o t\u00e9rmino das diversas dilig\u00eancias em andamento na Pol\u00edcia Federal.<\/p>\n<p>Segundo revelou Mauro Cid em sua dela\u00e7\u00e3o premiada, o chamado \u201cgabinete do \u00f3dio\u201d operava dentro do Pal\u00e1cio do Planalto \u2014 uma sala sem janela e sem controle de entrada no terceiro piso, pr\u00f3ximo ao gabinete presidencial \u2014 com o objetivo de produzir informa\u00e7\u00f5es falsas para atacar advers\u00e1rios e desafetos do ent\u00e3o presidente Jair Bolsonaro. O grupo era formado por T\u00e9rcio Arnaud Tomaz, Jos\u00e9 Matheus Sales Gomes e Mateus Matos Diniz, citados por Cid em depoimentos na Pol\u00edcia Federal.\n<\/p>\n<p>Tomaz e Gomes foram nomeados assessores especiais do gabinete pessoal do presidente em janeiro de 2019, no in\u00edcio do governo Bolsonaro. J\u00e1 Diniz ocupava um cargo na Secretaria de Comunica\u00e7\u00e3o. Esse n\u00facleo, ainda segundo Cid, tinha \u201crela\u00e7\u00e3o de subordina\u00e7\u00e3o\u201d com Carlos Bolsonaro, que \u201cditava\u201d o que deveria ser produzido e propagado em redes sociais como Intagram e o X.\n<\/p>\n<p>O grupo, segundo Cid, tamb\u00e9m fazia contato com influenciadores para eles replicarem determinadas not\u00edcias com o objetivo de gerar engajamento nas redes.\n<\/p>\n<p>Fonte: Veja              <\/p>\n<\/div>\n<p><br \/>\n<br \/><a href=\"https:\/\/diariodobrasilnoticias.com.br\/noticia\/agora-moraes-prorroga-investigacao-do-gabinete-do-odio-por-180-dias-67607e413f7f7\">Source link <\/a><\/p>","protected":false},"excerpt":{"rendered":"<p>Relator do inqu\u00e9rito que apura a exist\u00eancia, forma de financiamento e o meio de atua\u00e7\u00e3o do chamado \u201cGabinete do \u00d3dio\u201d, o ministro Alexandre de Moraes decidiu prorrogar a apura\u00e7\u00e3o, nesta&hellip;<\/p>","protected":false},"author":1,"featured_media":77444,"comment_status":"closed","ping_status":"open","sticky":false,"template":"","format":"standard","meta":{"content-type":"","footnotes":""},"categories":[16],"tags":[123,2448,5313,1267],"class_list":["post-77443","post","type-post","status-publish","format-standard","has-post-thumbnail","hentry","category-noticias","tag-brasil","tag-diario","tag-noticia","tag-noticias"],"_links":{"self":[{"href":"https:\/\/tvbrazilusa.com\/pt\/wp-json\/wp\/v2\/posts\/77443","targetHints":{"allow":["GET"]}}],"collection":[{"href":"https:\/\/tvbrazilusa.com\/pt\/wp-json\/wp\/v2\/posts"}],"about":[{"href":"https:\/\/tvbrazilusa.com\/pt\/wp-json\/wp\/v2\/types\/post"}],"author":[{"embeddable":true,"href":"https:\/\/tvbrazilusa.com\/pt\/wp-json\/wp\/v2\/users\/1"}],"replies":[{"embeddable":true,"href":"https:\/\/tvbrazilusa.com\/pt\/wp-json\/wp\/v2\/comments?post=77443"}],"version-history":[{"count":1,"href":"https:\/\/tvbrazilusa.com\/pt\/wp-json\/wp\/v2\/posts\/77443\/revisions"}],"predecessor-version":[{"id":77445,"href":"https:\/\/tvbrazilusa.com\/pt\/wp-json\/wp\/v2\/posts\/77443\/revisions\/77445"}],"wp:featuredmedia":[{"embeddable":true,"href":"https:\/\/tvbrazilusa.com\/pt\/wp-json\/wp\/v2\/media\/77444"}],"wp:attachment":[{"href":"https:\/\/tvbrazilusa.com\/pt\/wp-json\/wp\/v2\/media?parent=77443"}],"wp:term":[{"taxonomy":"category","embeddable":true,"href":"https:\/\/tvbrazilusa.com\/pt\/wp-json\/wp\/v2\/categories?post=77443"},{"taxonomy":"post_tag","embeddable":true,"href":"https:\/\/tvbrazilusa.com\/pt\/wp-json\/wp\/v2\/tags?post=77443"}],"curies":[{"name":"wp","href":"https:\/\/api.w.org\/{rel}","templated":true}]}}