{"id":77449,"date":"2024-12-16T21:51:54","date_gmt":"2024-12-16T21:51:54","guid":{"rendered":"https:\/\/tvbrazilusa.com\/2024\/12\/16\/governo-lula-pretende-utilizar-terrenos-das-forcas-armadas-para-projetos-habitacionais\/"},"modified":"2024-12-16T21:51:55","modified_gmt":"2024-12-16T21:51:55","slug":"governo-lula-pretende-utilizar-terrenos-das-forcas-armadas-para-projetos-habitacionais","status":"publish","type":"post","link":"https:\/\/tvbrazilusa.com\/pt\/2024\/12\/16\/governo-lula-pretende-utilizar-terrenos-das-forcas-armadas-para-projetos-habitacionais\/","title":{"rendered":"Governo Lula pretende utilizar terrenos das For\u00e7as Armadas para projetos habitacionais"},"content":{"rendered":"<p> <script async src=\"https:\/\/pagead2.googlesyndication.com\/pagead\/js\/adsbygoogle.js?client=ca-pub-8864793242727901\"\r\n     crossorigin=\"anonymous\"><\/script><br \/>\n<\/p>\n<div id=\"taboola-read-more\" style=\"display:block; width:100%\">\n<p>Um terreno de 62 quil\u00f4metros quadrados pr\u00f3ximo ao centro de Bras\u00edlia, fruto de uma doa\u00e7\u00e3o do ex-presidente Juscelino Kubitschek \u00e0 Marinha, est\u00e1 no foco de uma disputa entre organiza\u00e7\u00f5es do governo Luiz In\u00e1cio Lula da Silva e as For\u00e7as Armadas.\n<\/p>\n<p>Em outubro, a Controladoria-Geral da Uni\u00e3o (CGU) divulgou um relat\u00f3rio que aponta a \u201cociosidade\u201d de \u00e1reas sob controle militar. O \u00f3rg\u00e3o sugere a revis\u00e3o do espa\u00e7o em fun\u00e7\u00e3o do crescimento urbano e da demanda por moradia no Distrito Federal.<\/p>\n<p>De acordo com a Folha de S.Paulo, o relat\u00f3rio cita o uso desses terrenos no programa Im\u00f3vel da Gente. Essa iniciativa foi lan\u00e7ada neste ano pelo governo federal e mapeia \u00e1reas desocupadas para pol\u00edticas p\u00fablicas sociais. O documento seguiu para a Secretaria do Patrim\u00f4nio da Uni\u00e3o (SPU). Esta disse que enfrenta \u201cdesafios pol\u00edtico-institucionais\u201d na aliena\u00e7\u00e3o dessas \u00e1reas, que tamb\u00e9m s\u00e3o cruciais \u00e0 seguran\u00e7a e \u00e0 defesa.\n<\/p>\n<p><strong>\u00c1rea identificada pelo governo Lula<\/strong><br \/>A maior \u00e1rea que o governo Lula identificou \u00e9 um terreno de 6 mil hectares da Marinha que fica perto dos bairros Santa Maria e Gama. O local abriga a Vila Naval Almirante Visconde de Inha\u00fama, com 216 resid\u00eancias e 500 moradores.\n<\/p>\n<p>Al\u00e9m disso, a Esta\u00e7\u00e3o R\u00e1dio da Marinha e uma \u00e1rea de preserva\u00e7\u00e3o ambiental est\u00e3o nessa localiza\u00e7\u00e3o. A CGU estima que apenas 5% dessa \u00e1rea est\u00e1 ocupada.\n<\/p>\n<p>Durante a regulariza\u00e7\u00e3o, em maio, o governador do Distrito Federal, Ibaneis Rocha (MDB), destacou a import\u00e2ncia dos projetos da Marinha. A CGU menciona a propens\u00e3o ao desenvolvimento habitacional. O \u00f3rg\u00e3o cita uma pesquisa de 2021 do governo do Distrito Federal que identificou um d\u00e9ficit habitacional de 100 mil domic\u00edlios na regi\u00e3o.\n<\/p>\n<p>Propostas da CGU<br \/>A CGU prop\u00f5e a permuta de im\u00f3veis militares por \u00e1reas que atendam \u00e0s suas necessidades e recomenda que a SPU adote uma postura \u201cmais ativa\u201d. Desde fevereiro de 2024, 20 f\u00f3runs foram aconteceram para identificar im\u00f3veis ociosos que possam ser destinados ao uso p\u00fablico. A SPU realiza auditorias peri\u00f3dicas para melhorar a gest\u00e3o desses im\u00f3veis.\n<\/p>\n<p>O Ex\u00e9rcito respondeu que administra seus im\u00f3veis conforme a lei. Tamb\u00e9m ressaltou que isso \u201c\u00e9 fundamental para assegurar a mobilidade e a adequa\u00e7\u00e3o dos seus ativos \u00e0s mudan\u00e7as conjunturais\u201d.\n<\/p>\n<p>Fonte: Revista Oeste              <\/p>\n<\/div>\n<p><br \/>\n<br \/><a href=\"https:\/\/diariodobrasilnoticias.com.br\/noticia\/governo-lula-pretende-utilizar-terrenos-das-forcas-armadas-para-projetos-habitacionais-67607d9bbbd49\">Source link <\/a><\/p>","protected":false},"excerpt":{"rendered":"<p>Um terreno de 62 quil\u00f4metros quadrados pr\u00f3ximo ao centro de Bras\u00edlia, fruto de uma doa\u00e7\u00e3o do ex-presidente Juscelino Kubitschek \u00e0 Marinha, est\u00e1 no foco de uma disputa entre organiza\u00e7\u00f5es do&hellip;<\/p>","protected":false},"author":1,"featured_media":77450,"comment_status":"closed","ping_status":"open","sticky":false,"template":"","format":"standard","meta":{"content-type":"","footnotes":""},"categories":[16],"tags":[123,2448,5313,1267],"class_list":["post-77449","post","type-post","status-publish","format-standard","has-post-thumbnail","hentry","category-noticias","tag-brasil","tag-diario","tag-noticia","tag-noticias"],"_links":{"self":[{"href":"https:\/\/tvbrazilusa.com\/pt\/wp-json\/wp\/v2\/posts\/77449","targetHints":{"allow":["GET"]}}],"collection":[{"href":"https:\/\/tvbrazilusa.com\/pt\/wp-json\/wp\/v2\/posts"}],"about":[{"href":"https:\/\/tvbrazilusa.com\/pt\/wp-json\/wp\/v2\/types\/post"}],"author":[{"embeddable":true,"href":"https:\/\/tvbrazilusa.com\/pt\/wp-json\/wp\/v2\/users\/1"}],"replies":[{"embeddable":true,"href":"https:\/\/tvbrazilusa.com\/pt\/wp-json\/wp\/v2\/comments?post=77449"}],"version-history":[{"count":1,"href":"https:\/\/tvbrazilusa.com\/pt\/wp-json\/wp\/v2\/posts\/77449\/revisions"}],"predecessor-version":[{"id":77451,"href":"https:\/\/tvbrazilusa.com\/pt\/wp-json\/wp\/v2\/posts\/77449\/revisions\/77451"}],"wp:featuredmedia":[{"embeddable":true,"href":"https:\/\/tvbrazilusa.com\/pt\/wp-json\/wp\/v2\/media\/77450"}],"wp:attachment":[{"href":"https:\/\/tvbrazilusa.com\/pt\/wp-json\/wp\/v2\/media?parent=77449"}],"wp:term":[{"taxonomy":"category","embeddable":true,"href":"https:\/\/tvbrazilusa.com\/pt\/wp-json\/wp\/v2\/categories?post=77449"},{"taxonomy":"post_tag","embeddable":true,"href":"https:\/\/tvbrazilusa.com\/pt\/wp-json\/wp\/v2\/tags?post=77449"}],"curies":[{"name":"wp","href":"https:\/\/api.w.org\/{rel}","templated":true}]}}