{"id":77457,"date":"2024-12-16T22:04:58","date_gmt":"2024-12-16T22:04:58","guid":{"rendered":"https:\/\/tvbrazilusa.com\/2024\/12\/16\/algo-estranho-esta-acontecendo-afirma-donald-trump-sobre-drones-nos-ceus-dos-eua-veja-video\/"},"modified":"2024-12-16T22:04:59","modified_gmt":"2024-12-16T22:04:59","slug":"algo-estranho-esta-acontecendo-afirma-donald-trump-sobre-drones-nos-ceus-dos-eua-veja-video","status":"publish","type":"post","link":"https:\/\/tvbrazilusa.com\/pt\/2024\/12\/16\/algo-estranho-esta-acontecendo-afirma-donald-trump-sobre-drones-nos-ceus-dos-eua-veja-video\/","title":{"rendered":"&#8216;Algo estranho est\u00e1 acontecendo&#8217;, afirma Donald Trump sobre drones nos c\u00e9us dos EUA; VEJA V\u00cdDEO"},"content":{"rendered":"<p> <script async src=\"https:\/\/pagead2.googlesyndication.com\/pagead\/js\/adsbygoogle.js?client=ca-pub-8864793242727901\"\r\n     crossorigin=\"anonymous\"><\/script><br \/>\n<\/p>\n<div id=\"taboola-read-more\" style=\"display:block; width:100%\">\n<p>Em coletiva de imprensa nesta segunda-feira (16\/12), presidente eleito dos EUA afirmou que o governo americano sabe do que se tratam os objetos voadores vistos em diversas regi\u00f5es do pa\u00eds. \u201cN\u00e3o consigo imaginar que seja um inimigo\u201d, prosseguiu Trump. Ao ser perguntado se recebeu relat\u00f3rios de intelig\u00eancia sobre o tema, republicano afirmou que n\u00e3o iria comentar.\n<\/p>\n<p><strong>ASSISTA:<\/strong><\/p>\n<p>Fonte: @metropoles              <\/p>\n<\/div>\n<p><br \/>\n<br \/><a href=\"https:\/\/diariodobrasilnoticias.com.br\/noticia\/-algo-estranho-esta-acontecendo-afirma-donald-trump-sobre-drones-nos-ceus-dos-eua-veja-video-67607f0673cec\">Source link <\/a><\/p>","protected":false},"excerpt":{"rendered":"<p>Em coletiva de imprensa nesta segunda-feira (16\/12), presidente eleito dos EUA afirmou que o governo americano sabe do que se tratam os objetos voadores vistos em diversas regi\u00f5es do pa\u00eds.&hellip;<\/p>","protected":false},"author":1,"featured_media":77458,"comment_status":"closed","ping_status":"open","sticky":false,"template":"","format":"standard","meta":{"content-type":"","footnotes":""},"categories":[16],"tags":[123,2448,5313,1267],"class_list":["post-77457","post","type-post","status-publish","format-standard","has-post-thumbnail","hentry","category-noticias","tag-brasil","tag-diario","tag-noticia","tag-noticias"],"_links":{"self":[{"href":"https:\/\/tvbrazilusa.com\/pt\/wp-json\/wp\/v2\/posts\/77457","targetHints":{"allow":["GET"]}}],"collection":[{"href":"https:\/\/tvbrazilusa.com\/pt\/wp-json\/wp\/v2\/posts"}],"about":[{"href":"https:\/\/tvbrazilusa.com\/pt\/wp-json\/wp\/v2\/types\/post"}],"author":[{"embeddable":true,"href":"https:\/\/tvbrazilusa.com\/pt\/wp-json\/wp\/v2\/users\/1"}],"replies":[{"embeddable":true,"href":"https:\/\/tvbrazilusa.com\/pt\/wp-json\/wp\/v2\/comments?post=77457"}],"version-history":[{"count":1,"href":"https:\/\/tvbrazilusa.com\/pt\/wp-json\/wp\/v2\/posts\/77457\/revisions"}],"predecessor-version":[{"id":77459,"href":"https:\/\/tvbrazilusa.com\/pt\/wp-json\/wp\/v2\/posts\/77457\/revisions\/77459"}],"wp:featuredmedia":[{"embeddable":true,"href":"https:\/\/tvbrazilusa.com\/pt\/wp-json\/wp\/v2\/media\/77458"}],"wp:attachment":[{"href":"https:\/\/tvbrazilusa.com\/pt\/wp-json\/wp\/v2\/media?parent=77457"}],"wp:term":[{"taxonomy":"category","embeddable":true,"href":"https:\/\/tvbrazilusa.com\/pt\/wp-json\/wp\/v2\/categories?post=77457"},{"taxonomy":"post_tag","embeddable":true,"href":"https:\/\/tvbrazilusa.com\/pt\/wp-json\/wp\/v2\/tags?post=77457"}],"curies":[{"name":"wp","href":"https:\/\/api.w.org\/{rel}","templated":true}]}}