{"id":7746,"date":"2024-07-24T16:36:37","date_gmt":"2024-07-24T16:36:37","guid":{"rendered":"https:\/\/tvbrazilusa.com\/2024\/07\/24\/black-lives-matter-critica-uncao-de-kamala-harris-sem-primarias-paulo-figueiredo\/"},"modified":"2024-07-24T17:47:19","modified_gmt":"2024-07-24T17:47:19","slug":"black-lives-matter-critica-uncao-de-kamala-harris-sem-primarias-paulo-figueiredo","status":"publish","type":"post","link":"https:\/\/tvbrazilusa.com\/pt\/2024\/07\/24\/black-lives-matter-critica-uncao-de-kamala-harris-sem-primarias-paulo-figueiredo\/","title":{"rendered":"Black Lives Matter critica &#8220;un\u00e7\u00e3o&#8221; de Kamala Harris sem prim\u00e1rias &#8211; Paulo Figueiredo"},"content":{"rendered":"<p> <script async src=\"https:\/\/pagead2.googlesyndication.com\/pagead\/js\/adsbygoogle.js?client=ca-pub-8864793242727901\"\r\n     crossorigin=\"anonymous\"><\/script><br \/>\n<\/p>\n<div id=\"wtr-content\" data-bg=\"#FFFFFF\" data-fg=\"#006d91\" data-width=\"25\" data-mute=\"1\" data-fgopacity=\"1.00\" data-mutedopacity=\"0.5\" data-placement=\"bottom\" data-placement-offset=\"0\" data-content-offset=\"262\" data-placement-touch=\"bottom\" data-placement-offset-touch=\"0\" data-transparent=\"\" data-shadow=\"0\" data-touch=\"1\" data-non-touch=\"1\" data-comments=\"0\" data-commentsbg=\"transparent\" data-location=\"page\" data-mutedfg=\"#006d91\" data-endfg=\"#006d91\" data-rtl=\"\">\n<pre class=\"wp-block-preformatted has-small-font-size\">Foto: EFE\/EPA\/CRISTOBAL HERRERA-ULASHKEVICH<\/pre>\n<h3 class=\"wp-block-heading\">O movimento Black Lives Matter fez duras cr\u00edticas ao Partido Democrata por \u201cungir\u201d a vice-presidente dos EUA,\u00a0Kamala Harris, sem prim\u00e1rias<\/h3>\n<p>O movimento de esquerda\u00a0<em>Black Lives Matter<\/em>\u00a0(Vidas Negras Importam, na tradu\u00e7\u00e3o para o portugu\u00eas) fez duras cr\u00edticas ao Partido Democrata por \u201cungir\u201d a vice-presidente dos EUA,\u00a0Kamala Harris,\u00a0como candidata \u00e0 presid\u00eancia sem deixar que os eleitores se manifestassem a favor ou contra a indica\u00e7\u00e3o nas prim\u00e1rias, como aconteceu com Joe Biden.<\/p>\n<p>O BLM \u2013 sigla do movimento \u2013 demonstrou insatisfa\u00e7\u00e3o com o endosso do mandat\u00e1rio democrata fora do sistema pr\u00f3prio para os eleitores decidirem um nome para concorrer em novembro. A organiza\u00e7\u00e3o de esquerda exigiu do Comit\u00ea Nacional Democrata a organiza\u00e7\u00e3o de uma prim\u00e1ria virtual antes da conven\u00e7\u00e3o de agosto.<\/p>\n<p>\u201cN\u00e3o vivemos em uma ditadura. Delegados n\u00e3o s\u00e3o oligarcas. [\u2026] Qualquer tentativa de fugir ou anular a vontade dos eleitores em nosso sistema prim\u00e1rio \u2014 n\u00e3o importa o hist\u00f3rico do candidato \u2014 deve ser condenada\u201d, declarou o grupo nesta ter\u00e7a-feira (23), por meio de um comunicado.<\/p>\n<p>Fazendo men\u00e7\u00e3o \u00e0 prov\u00e1vel candidato democrata, o BLM disse ainda: \u201cinstalar Kamala Harris como a indicada democrata e uma vice-presidente desconhecida sem nenhum processo de vota\u00e7\u00e3o p\u00fablica tornaria o Partido Democrata moderno um partido de hip\u00f3critas. Isso minaria sua credibilidade em quest\u00f5es relacionadas \u00e0 democracia\u201d, afirmou o grupo.<\/p>\n<p>\u201cSe Kamala Harris for a indicada, deve ser por meio de um processo que defenda os princ\u00edpios democr\u00e1ticos e a participa\u00e7\u00e3o p\u00fablica\u201d, declarou o BLM.<\/p>\n<p>Joe Biden, que \u00e9 o nome escolhido para concorrer nas elei\u00e7\u00f5es de novembro pelo partido, anunciou sua desist\u00eancia no domingo (21), endossando Harris para assumir seu lugar.<\/p>\n<p>Nesta ter\u00e7a-feira, Harris afirmou que conseguiu\u00a0apoio\u00a0suficiente de delegados para garantir a candidatura.<\/p>\n<p>Para obter a indica\u00e7\u00e3o em primeira vota\u00e7\u00e3o, um candidato \u00e0 presid\u00eancia pelo Partido Democrata precisa do apoio de pelo menos 1.976 delegados de um total de 4.000 com os quais a legenda conta.<\/p>\n<p>Essa \u201ccerteza\u201d, no entanto, \u00e9 apenas uma promessa de apoio dos delegados, j\u00e1 que eles podem mudar de opini\u00e3o at\u00e9 a conven\u00e7\u00e3o que a legenda far\u00e1 em agosto e na qual se saber\u00e1 quem vai concorrer \u00e0 presid\u00eancia.<\/p>\n<p>Harris n\u00e3o se tornar\u00e1 oficialmente a candidata presidencial democrata at\u00e9 que os delegados votem formalmente em uma vota\u00e7\u00e3o nominal virtual que dever\u00e1 ser conclu\u00edda em 7 de agosto.<\/p>\n<p><strong><a href=\"https:\/\/www.gazetadopovo.com.br\/mundo\/black-lives-matter-critica-democratas-por-uncao-de-kamala-harris-sem-primarias\/\">Source link<\/a><\/strong><\/p>\n<\/div>\n<p><br \/>\n<br \/><a href=\"https:\/\/paulofigueiredoshow.com\/black-lives-matter-critica-uncao-de-kamala-harris-sem-primarias\/\">Source link <\/a><\/p>","protected":false},"excerpt":{"rendered":"<p>Foto: EFE\/EPA\/CRISTOBAL HERRERA-ULASHKEVICH O movimento Black Lives Matter fez duras cr\u00edticas ao Partido Democrata por \u201cungir\u201d a vice-presidente dos EUA,\u00a0Kamala Harris, sem prim\u00e1rias O movimento de esquerda\u00a0Black Lives Matter\u00a0(Vidas Negras&hellip;<\/p>","protected":false},"author":1,"featured_media":7747,"comment_status":"closed","ping_status":"open","sticky":false,"template":"","format":"standard","meta":{"content-type":"","footnotes":""},"categories":[16],"tags":[1531,1532,1533,870,1534,592,1535,1536,963,209],"class_list":["post-7746","post","type-post","status-publish","format-standard","has-post-thumbnail","hentry","category-noticias","tag-black-lives-matter","tag-blm","tag-candidatos","tag-criticas","tag-democratas","tag-eua","tag-kamala","tag-primarias","tag-recebe","tag-sem"],"_links":{"self":[{"href":"https:\/\/tvbrazilusa.com\/pt\/wp-json\/wp\/v2\/posts\/7746","targetHints":{"allow":["GET"]}}],"collection":[{"href":"https:\/\/tvbrazilusa.com\/pt\/wp-json\/wp\/v2\/posts"}],"about":[{"href":"https:\/\/tvbrazilusa.com\/pt\/wp-json\/wp\/v2\/types\/post"}],"author":[{"embeddable":true,"href":"https:\/\/tvbrazilusa.com\/pt\/wp-json\/wp\/v2\/users\/1"}],"replies":[{"embeddable":true,"href":"https:\/\/tvbrazilusa.com\/pt\/wp-json\/wp\/v2\/comments?post=7746"}],"version-history":[{"count":1,"href":"https:\/\/tvbrazilusa.com\/pt\/wp-json\/wp\/v2\/posts\/7746\/revisions"}],"predecessor-version":[{"id":7748,"href":"https:\/\/tvbrazilusa.com\/pt\/wp-json\/wp\/v2\/posts\/7746\/revisions\/7748"}],"wp:featuredmedia":[{"embeddable":true,"href":"https:\/\/tvbrazilusa.com\/pt\/wp-json\/wp\/v2\/media\/7747"}],"wp:attachment":[{"href":"https:\/\/tvbrazilusa.com\/pt\/wp-json\/wp\/v2\/media?parent=7746"}],"wp:term":[{"taxonomy":"category","embeddable":true,"href":"https:\/\/tvbrazilusa.com\/pt\/wp-json\/wp\/v2\/categories?post=7746"},{"taxonomy":"post_tag","embeddable":true,"href":"https:\/\/tvbrazilusa.com\/pt\/wp-json\/wp\/v2\/tags?post=7746"}],"curies":[{"name":"wp","href":"https:\/\/api.w.org\/{rel}","templated":true}]}}