{"id":77491,"date":"2024-12-16T22:35:14","date_gmt":"2024-12-16T22:35:14","guid":{"rendered":"https:\/\/tvbrazilusa.com\/2024\/12\/16\/a-guarda-costeira-e-o-gabinete-do-xerife-do-condado-de-martin-trabalham-juntos-para-resgatar-um-homem-preso-no-mar-perto-de-port-st-lucie-wsvn-7news-noticias-de-miami-clima-esportes-fort-laud\/"},"modified":"2024-12-16T23:02:21","modified_gmt":"2024-12-16T23:02:21","slug":"a-guarda-costeira-e-o-gabinete-do-xerife-do-condado-de-martin-trabalham-juntos-para-resgatar-um-homem-preso-no-mar-perto-de-port-st-lucie-wsvn-7news-noticias-de-miami-clima-esportes-fort-laud","status":"publish","type":"post","link":"https:\/\/tvbrazilusa.com\/pt\/2024\/12\/16\/a-guarda-costeira-e-o-gabinete-do-xerife-do-condado-de-martin-trabalham-juntos-para-resgatar-um-homem-preso-no-mar-perto-de-port-st-lucie-wsvn-7news-noticias-de-miami-clima-esportes-fort-laud\/","title":{"rendered":"A Guarda Costeira e o Gabinete do Xerife do Condado de Martin trabalham juntos para resgatar um homem preso no mar perto de Port St. Lucie &#8211; WSVN 7News | Not\u00edcias de Miami, clima, esportes | Fort Lauderdale"},"content":{"rendered":"<p> <script async src=\"https:\/\/pagead2.googlesyndication.com\/pagead\/js\/adsbygoogle.js?client=ca-pub-8864793242727901\"\r\n     crossorigin=\"anonymous\"><\/script><br \/>\n<\/p>\n<div itemprop=\"articleBody\">\n<p>PERTO DO PORTO ST. LUCIE, Fl\u00f3rida (WSVN) \u2013 A Guarda Costeira e os deputados trabalham para resgatar um homem de Lake Placid preso no mar.<\/p>\n<p>Autoridades disseram que o homem caiu de um jet ski em \u00e1guas agitadas perto da enseada de Saint Lucie, na tarde de domingo.<\/p>\n<p>O Gabinete do Xerife do Condado de Martin e a Guarda Costeira dos Estados Unidos de Miami chegaram para ajudar.<\/p>\n<p>Eles localizaram o homem gra\u00e7as a um farol.<\/p>\n<p>O homem foi transportado de avi\u00e3o de volta \u00e0 terra e n\u00e3o ficou ferido.<\/p>\n<p>MCSO <a href=\"https:\/\/www.facebook.com\/watch\/?v=983646987120623&#038;rdid=9o5kHeFpkg5Jko4i\" data-type=\"link\" data-id=\"https:\/\/www.facebook.com\/watch\/?v=983646987120623&#038;rdid=9o5kHeFpkg5Jko4i\" target=\"_blank\" rel=\"noreferrer noopener\">postou um v\u00eddeo<\/a> no Facebook mostrando o incr\u00edvel resgate.<\/p>\n<p><em>Copyright 2024 Sunbeam Television Corp. Todos os direitos reservados. Este material n\u00e3o pode ser publicado, transmitido, reescrito ou redistribu\u00eddo.<\/em><\/p>\n<div class=\"wp-block-newsletter\">\n\t<strong class=\"wp-block-newsletter__title\">Cadastre-se em nosso boletim informativo para receber as \u00faltimas not\u00edcias diretamente em sua caixa de entrada<\/strong><\/p>\n<\/div><\/div>\n<p><br \/>\n<br \/><a href=\"https:\/\/wsvn.com\/news\/local\/florida\/coast-guard-and-martin-county-sheriffs-office-work-together-to-rescue-man-stranded-at-sea-near-port-st-lucie\/\">Source link <\/a><\/p>","protected":false},"excerpt":{"rendered":"<p>PERTO DO PORTO ST. LUCIE, Fl\u00f3rida (WSVN) \u2013 A Guarda Costeira e os deputados trabalham para resgatar um homem de Lake Placid preso no mar. Autoridades disseram que o homem&hellip;<\/p>","protected":false},"author":1,"featured_media":77492,"comment_status":"closed","ping_status":"open","sticky":false,"template":"","format":"standard","meta":{"content-type":"","footnotes":""},"categories":[1],"tags":[],"class_list":["post-77491","post","type-post","status-publish","format-standard","has-post-thumbnail","hentry","category-uncategorized"],"_links":{"self":[{"href":"https:\/\/tvbrazilusa.com\/pt\/wp-json\/wp\/v2\/posts\/77491","targetHints":{"allow":["GET"]}}],"collection":[{"href":"https:\/\/tvbrazilusa.com\/pt\/wp-json\/wp\/v2\/posts"}],"about":[{"href":"https:\/\/tvbrazilusa.com\/pt\/wp-json\/wp\/v2\/types\/post"}],"author":[{"embeddable":true,"href":"https:\/\/tvbrazilusa.com\/pt\/wp-json\/wp\/v2\/users\/1"}],"replies":[{"embeddable":true,"href":"https:\/\/tvbrazilusa.com\/pt\/wp-json\/wp\/v2\/comments?post=77491"}],"version-history":[{"count":1,"href":"https:\/\/tvbrazilusa.com\/pt\/wp-json\/wp\/v2\/posts\/77491\/revisions"}],"predecessor-version":[{"id":77493,"href":"https:\/\/tvbrazilusa.com\/pt\/wp-json\/wp\/v2\/posts\/77491\/revisions\/77493"}],"wp:featuredmedia":[{"embeddable":true,"href":"https:\/\/tvbrazilusa.com\/pt\/wp-json\/wp\/v2\/media\/77492"}],"wp:attachment":[{"href":"https:\/\/tvbrazilusa.com\/pt\/wp-json\/wp\/v2\/media?parent=77491"}],"wp:term":[{"taxonomy":"category","embeddable":true,"href":"https:\/\/tvbrazilusa.com\/pt\/wp-json\/wp\/v2\/categories?post=77491"},{"taxonomy":"post_tag","embeddable":true,"href":"https:\/\/tvbrazilusa.com\/pt\/wp-json\/wp\/v2\/tags?post=77491"}],"curies":[{"name":"wp","href":"https:\/\/api.w.org\/{rel}","templated":true}]}}