{"id":77499,"date":"2024-12-16T23:11:50","date_gmt":"2024-12-16T23:11:50","guid":{"rendered":"https:\/\/tvbrazilusa.com\/2024\/12\/16\/nfl-insider-jerod-mayo-deveria-estar-alerta-sobre-o-futuro-com-patriots\/"},"modified":"2024-12-16T23:16:33","modified_gmt":"2024-12-16T23:16:33","slug":"nfl-insider-jerod-mayo-deveria-estar-alerta-sobre-o-futuro-com-patriots","status":"publish","type":"post","link":"https:\/\/tvbrazilusa.com\/pt\/2024\/12\/16\/nfl-insider-jerod-mayo-deveria-estar-alerta-sobre-o-futuro-com-patriots\/","title":{"rendered":"NFL Insider: Jerod Mayo \u2018deveria estar alerta\u2019 sobre o futuro com Patriots"},"content":{"rendered":"<p> <script async src=\"https:\/\/pagead2.googlesyndication.com\/pagead\/js\/adsbygoogle.js?client=ca-pub-8864793242727901\"\r\n     crossorigin=\"anonymous\"><\/script><br \/>\n<\/p>\n<div id=\"\">\n<header class=\"m-article-header m-article-header--standard\">\n\t\t\t\t\t\t\t\t\t\t\t\t<span id=\"article-header-primary-term\"><br \/>\n\t\t\t\t\t\t\t\t<a class=\"a-term a-term--primary\" href=\"https:\/\/www.boston.com\/tag\/new-england-patriots\/\"><\/p>\n<p>\t\t\t\t\t\t\t\tPatriotas\t\t\t\t\t\t\t\t<\/a><br \/>\n\t\t\t\t\t\t\t<\/span><\/p>\n<h2 class=\"m-article-header__sub-headline\">&#8220;Esse foi um dos piores momentos que j\u00e1 vi no p\u00f3dio de um treinador principal.&#8221;<\/h2>\n<figure class=\"a-photo m-article-header__photo\"><figcaption class=\"a-photo__caption\">\n<p>\tJerod Mayo teve uma primeira temporada dif\u00edcil na Nova Inglaterra. <em> (Danielle Parhizkaran\/Equipe do Globo)<\/em>\t<\/figcaption><\/figure>\n<div class=\"m-article-header__meta\">\n<div class=\"m-article-header__byline\">\n<p class=\"m-article-header__author\">\n<p>\t\t\t\t\t\t\t\tPor <a class=\"a-link a-link--inline\" href=\"https:\/\/www.boston.com\/author\/conor-ryan\/\">Conor Ryan<\/a>\t\t\t\t\t\t\t<\/p>\n<p>\t\t\t\t\t\t\t\t\t\t\t\t\t\t\t<time class=\"m-article-header__date\"><\/p>\n<p>\t\t\t\t\t\t\t\t\t16 de dezembro de 2024 | 18h11\t\t\t\t\t\t\t\t<\/time><\/p>\n<p><span>3 minutos para ler<\/span><\/p>\n<\/p><\/div>\n<\/p><\/div>\n<\/header>\n<p>Tem sido uma temporada decepcionante para o t\u00e9cnico do primeiro ano, Jerod Mayo, e para o New England Patriots.<\/p>\n<p>Mas mesmo em meio aos retornos med\u00edocres em campo e \u00e0s dores crescentes de Mayo na linha lateral, o t\u00e9cnico de 38 anos recebeu um voto de confian\u00e7a da propriedade dos Patriots em meio a esta temporada assustadora. <\/p>\n<p>\u201cEmbora n\u00e3o tenha havido um voto p\u00fablico de confian\u00e7a no treinador principal da fam\u00edlia Kraft, a lideran\u00e7a dos Patriots est\u00e1 ao lado de Mayo,\u201d <em><a target=\"_blank\" href=\"https:\/\/www.nytimes.com\/athletic\/5993794\/2024\/12\/14\/nfl-news-belichick-jets-kyle-shanahan-49ers\/\" rel=\"noreferrer noopener\">O Atl\u00e9tico <\/a><\/em><a target=\"_blank\" href=\"https:\/\/www.nytimes.com\/athletic\/5993794\/2024\/12\/14\/nfl-news-belichick-jets-kyle-shanahan-49ers\/\" rel=\"noreferrer noopener\">Dianna Russini escreveu no s\u00e1bado<\/a>. \u201cNo momento em que as discuss\u00f5es sobre os pr\u00f3ximos ciclos de contrata\u00e7\u00e3o da NFL esquentam, o propriet\u00e1rio do time, Robert Kraft, garantiu em particular \u00e0s pessoas pr\u00f3ximas a ele que est\u00e1 comprometido em dar ao seu treinador principal do primeiro ano o tempo e os recursos necess\u00e1rios para crescer na fun\u00e7\u00e3o.\u201d<\/p>\n<p>Mas ser\u00e1 que as coisas mudaram em rela\u00e7\u00e3o \u00e0 posi\u00e7\u00e3o de Mayo em Foxborough depois de uma exibi\u00e7\u00e3o desastrosa no domingo contra os Cardinals?<\/p>\n<p>Depois de um <a target=\"_blank\" href=\"https:\/\/www.boston.com\/sports\/new-england-patriots\/2024\/12\/15\/jerod-mayo-alex-van-pelt-drake-maye-new-england-patriots-play-calls-cardinals\/\" rel=\"noreferrer noopener\">derrota desequilibrada por 30-17 para o Arizona <\/a>saindo da semana de despedida &#8211; junto com Mayo aparentemente <a target=\"_blank\" href=\"https:\/\/www.boston.com\/sports\/new-england-patriots\/2024\/12\/15\/jerod-mayo-alex-van-pelt-drake-maye-new-england-patriots-play-calls-cardinals\/\" rel=\"noreferrer noopener\">jogando Alex Van Pelt debaixo do \u00f4nibus<\/a> durante sua imprensa p\u00f3s-jogo &#8211; Albert Breer, da Sports Illustrated, acredita que Mayo pode estar sentindo a press\u00e3o durante o \u00faltimo m\u00eas da temporada de 2024.<\/p>\n<p>\u201cSe voc\u00ea est\u00e1 culpando Van Pelt, seu dedo est\u00e1 apontado na dire\u00e7\u00e3o errada\u201d, Breer<a target=\"_blank\" href=\"https:\/\/www.instagram.com\/p\/DDpmAG7t57e\/?img_index=1\" rel=\"noreferrer noopener\"> disse no \u201cSports Sunday\u201d da NBC Sports Boston.<\/a> \u201cE acho que agora a pontua\u00e7\u00e3o sobre quem ser\u00e1 o treinador principal em 2025 pode mudar. Acho que muita coisa mudou hoje. E acho que voc\u00ea viu a frustra\u00e7\u00e3o no camarote do propriet\u00e1rio, a coletiva de imprensa acontecendo do jeito que est\u00e1, acho que precisamos \u2013 acho que todos deveriam estar alertas agora.\u201d<\/p>\n<p>A exibi\u00e7\u00e3o feia de domingo em campo est\u00e1 de acordo com um time dos Patriots que tem sido atormentado por uma defesa regressiva e um ataque prejudicado por um jogo e execu\u00e7\u00e3o deficiente na linha O durante toda a temporada.<\/p>\n<p>Mas para Breer, os coment\u00e1rios de Mayo sobre a falta de envolvimento de Drake Maye em jogadas de curta dist\u00e2ncia e as implica\u00e7\u00f5es que isso tem para a decis\u00e3o de Alex Van Pelt s\u00e3o uma acusa\u00e7\u00e3o especialmente mordaz para esta equipe t\u00e9cnica. <\/p>\n<p>\u201cCobri a liga h\u00e1 20 anos, nunca vi um t\u00e9cnico fazer isso\u201d, disse Breer sobre os coment\u00e1rios p\u00f3s-jogo de Mayo. \u201cJ\u00e1 vi brigas internas entre treinadores ofensivos e defensivos. J\u00e1 vi brigas internas entre jogadores e treinadores. Nunca vi um treinador fazer isso. <\/p>\n<p>\u201cVoc\u00eas sabem o quanto penso em Jerod Mayo e em seu potencial como treinador principal. Esse foi um dos piores momentos que j\u00e1 vi no p\u00f3dio de um treinador principal. Ele jogou seu coordenador ofensivo debaixo do \u00f4nibus.\u201d<\/p>\n<p>Embora Mayo tenha recuado em seu coment\u00e1rio durante sua videoconfer\u00eancia com a m\u00eddia na manh\u00e3 de segunda-feira, Breer acredita que o estrago foi feito assim que o t\u00e9cnico alimentou especula\u00e7\u00f5es sobre quem exatamente est\u00e1 dando as ordens no ataque. <\/p>\n<p>\u201cSe Jerod Mayo acha que voc\u00ea deveria correr a bola com seu quarterback nessa situa\u00e7\u00e3o, voc\u00ea disse isso em uma reuni\u00e3o de treinador h\u00e1 duas ou tr\u00eas semanas\u201d, explicou Breer. \u201cVoc\u00ea n\u00e3o diz isso no p\u00f3dio assim. Voc\u00ea \u00e9 respons\u00e1vel por toda a sua equipe t\u00e9cnica. Voc\u00ea \u00e9 quem os contratou. Voc\u00ea tem que assumir responsabilidades. Voc\u00ea n\u00e3o pode exigir responsabilidade de ningu\u00e9m naquele pr\u00e9dio se voc\u00ea fugir da responsabilidade em uma situa\u00e7\u00e3o como esta.\u201d<\/p>\n<p>O caminho n\u00e3o ser\u00e1 mais f\u00e1cil para o New England encerrar esta temporada, especialmente com dois dos \u00faltimos tr\u00eas jogos do time contra um leg\u00edtimo candidato ao Super Bowl no Bills. <\/p>\n<p>Mas mesmo que os Patriots n\u00e3o sejam exatamente favorecidos em nenhum dos \u00faltimos tr\u00eas jogos, Breer acredita que a maneira como New England e Mayo se comportam nesta reta final pode ter s\u00e9rias consequ\u00eancias assim que a entressafra come\u00e7ar. <\/p>\n<p>\u201cAcho que agora, e novamente, n\u00e3o ouvi isso, mas acho que agora todas as apostas est\u00e3o canceladas\u201d, disse Breer sobre qualquer seguran\u00e7a potencial no emprego garantida em Foxborough.<\/p>\n<div class=\"o-author-single has-avatar\">\n<header class=\"m-author-card\">\n<div class=\"a-image a-image--square m-author-card__image\">\n\t\t<img decoding=\"async\" class=\"\" src=\"https:\/\/www.boston.com\/wp-content\/uploads\/2023\/05\/Headshot_Conor-645c0406ed6cb-scaled.jpg\" alt=\"Imagem do perfil de Conor Ryan\"\/>\t<\/div>\n<\/header>\n<section class=\"author-info\">\n<div class=\"m-author__section\">\n<p>Conor Ryan \u00e9 redator da equipe que cobre Bruins, Celtics, Patriots e Red Sox para Boston.com, fun\u00e7\u00e3o que ocupa desde 2023.<\/p>\n<\/div>\n<\/section>\n<\/div>\n<div class=\"m-block m-generic-cta\t m-generic-cta--post-content\t m-generic-cta--dark\t m-generic-cta--homepage\t m-generic-cta--email-signup\t\t m-generic-cta-block-style--default \tt-amp__generic-cta\"><\/p>\n<div class=\"m-generic-cta__wrap\">\n<div class=\"m-generic-cta__content\">\n<h3 class=\"m-generic-cta__title\">Inscreva-se para receber atualiza\u00e7\u00f5es do Patriots\ud83c\udfc8<\/h3>\n<p class=\"m-generic-cta__subtitle\">Receba as \u00faltimas not\u00edcias e an\u00e1lises em sua caixa de entrada durante a temporada de futebol.<\/p>\n<\/p><\/div>\n<\/p><\/div>\n<\/div><\/div>\n<p><script>\n\t\tvar consent=\"grant\";\n\t\t\/* The above code is parsing the JSON data from the local storage and storing it in a variable. *\/\n\t\t\t\t\tconst onetrustStorageConsent = JSON.parse(localStorage.getItem( 'consent_one_trust_bdc' ) );\n\t\t\tif ( ( onetrustStorageConsent !== null ) ) {\n\t\t\t\t\/* Checking to see if the user has consented to the use of cookies.\n\t\t\t\t* If they have not, it is deleting the cookie.\n\t\t\t\t* This will comment for now, until further notice.\n\t\t\t\t*\/\n\t\t\t\t\/\/if ( onetrustStorageConsent.C0002 === false ) {\n\t\t\t\t\/\/\tdocument.cookie=\"_fbp=;expires=Thu, 01 Jan 2010 00:00:00 UTC; path=\/; domain=.boston.com\";\n\t\t\t\t\/\/}\n\t\t\t\t\/* Checking if the user has given consent for the cookie C0002.\n\t\t\t\t* If the user has given consent, the variable consent will be set to 'grant'.\n\t\t\t\t* If the user has not given consent,the variable consent will be set to 'revoke'.\n\t\t\t\t* Documentation https:\/\/developers.facebook.com\/docs\/meta-pixel\/implementation\/gdpr\n\t\t\t\t*\/\n\t\t\t\tif ( onetrustStorageConsent.C0002 !== true ) {\n\t\t\t\t\tconsent=\"revoke\";\n\t\t\t\t}\n\t\t\t}\n\t\t\t\t!function(f,b,e,v,n,t,s)\n\t\t{if(f.fbq)return;n=f.fbq=function(){n.callMethod?\n\t\tn.callMethod.apply(n,arguments):n.queue.push(arguments)};\n\t\tif(!f._fbq)f._fbq=n;n.push=n;n.loaded=!0;n.version='2.0';\n\t\tn.queue=[];t=b.createElement(e);t.async=!0;\n\t\tt.src=v;s=b.getElementsByTagName(e)[0];\n\t\ts.parentNode.insertBefore(t,s)}(window, document,'script',\n\t\t'https:\/\/connect.facebook.net\/en_US\/fbevents.js');\n\t\tfbq('consent', consent);\n\t\tfbq('init', '989222871864976');\n\t\tfbq('track', 'PageView');\n\t<\/script><script type=\"module\">\n\t\tvar consent=\"grant\";\n\t\t\/* The above code is parsing the JSON data from the local storage and storing it in a variable. *\/\n\t\t\tconst onetrustStorageConsent = JSON.parse(localStorage.getItem( 'consent_one_trust_bdc' ) );\n\t\t\t\/* Checking to see if the user has consented to the use of cookies.\n\t\t\t* If they have not, it is deleting the cookie.\n\t\t\t* This will comment for now, until further notice.\n\t\t\t*\/\n\t\t\t\/\/if ( onetrustStorageConsent.C0002 === false ) {\n\t\t\t\/\/\tdocument.cookie=\"_fbp=;expires=Thu, 01 Jan 2010 00:00:00 UTC; path=\/; domain=.boston.com\";\n\t\t\t\/\/}\n\t\t\t\/* Checking if the user has given consent for the cookie C0002.\n\t\t\t* If the user has given consent, the variable consent will be set to 'grant'.\n\t\t\t* If the user has not given consent,the variable consent will be set to 'revoke'.\n\t\t\t* Documentation https:\/\/developers.facebook.com\/docs\/meta-pixel\/implementation\/gdpr\n\t\t\t*\/\n\t\t\tif ( ( onetrustStorageConsent !== null ) && (onetrustStorageConsent.C0002 !== true ) ) {\n\t\t\t\tconsent=\"revoke\";\n\t\t\t}\n\t\t\t\t!function(f,b,e,v,n,t,s){if(f.fbq)return;n=f.fbq=function()\n\t\t{n.callMethod? n.callMethod.apply(n,arguments):n.queue.push(arguments)}\n\t\t;if(!f._fbq)f._fbq=n;\n\t\tn.push=n;n.loaded=!0;n.version='2.0';n.queue=[];t=b.createElement(e);t.async=!0;\n\t\tt.src=v;s=b.getElementsByTagName(e)[0];s.parentNode.insertBefore(t,s)}(window,\n\t\tdocument,'script','https:\/\/connect.facebook.net\/en_US\/fbevents.js');\n\t\tfbq('consent', consent);\n\t\tfbq('init', '813236348753005');\n\t\tfbq('track', \"PageView\");\n\t<\/script><script async src=\"\/\/www.instagram.com\/embed.js\"><\/script><br \/>\n<br \/><br \/>\n<br \/><a href=\"https:\/\/www.boston.com\/sports\/new-england-patriots\/2024\/12\/16\/jerod-mayo-nfl-patriots-new-england-future-job-security-fired-robert-kraft\/\">Source link <\/a><\/p>","protected":false},"excerpt":{"rendered":"<p>Patriotas &#8220;Esse foi um dos piores momentos que j\u00e1 vi no p\u00f3dio de um treinador principal.&#8221; Jerod Mayo teve uma primeira temporada dif\u00edcil na Nova Inglaterra. (Danielle Parhizkaran\/Equipe do Globo)&hellip;<\/p>","protected":false},"author":1,"featured_media":77500,"comment_status":"closed","ping_status":"open","sticky":false,"template":"","format":"standard","meta":{"content-type":"","footnotes":""},"categories":[1],"tags":[],"class_list":["post-77499","post","type-post","status-publish","format-standard","has-post-thumbnail","hentry","category-uncategorized"],"_links":{"self":[{"href":"https:\/\/tvbrazilusa.com\/pt\/wp-json\/wp\/v2\/posts\/77499","targetHints":{"allow":["GET"]}}],"collection":[{"href":"https:\/\/tvbrazilusa.com\/pt\/wp-json\/wp\/v2\/posts"}],"about":[{"href":"https:\/\/tvbrazilusa.com\/pt\/wp-json\/wp\/v2\/types\/post"}],"author":[{"embeddable":true,"href":"https:\/\/tvbrazilusa.com\/pt\/wp-json\/wp\/v2\/users\/1"}],"replies":[{"embeddable":true,"href":"https:\/\/tvbrazilusa.com\/pt\/wp-json\/wp\/v2\/comments?post=77499"}],"version-history":[{"count":1,"href":"https:\/\/tvbrazilusa.com\/pt\/wp-json\/wp\/v2\/posts\/77499\/revisions"}],"predecessor-version":[{"id":77501,"href":"https:\/\/tvbrazilusa.com\/pt\/wp-json\/wp\/v2\/posts\/77499\/revisions\/77501"}],"wp:featuredmedia":[{"embeddable":true,"href":"https:\/\/tvbrazilusa.com\/pt\/wp-json\/wp\/v2\/media\/77500"}],"wp:attachment":[{"href":"https:\/\/tvbrazilusa.com\/pt\/wp-json\/wp\/v2\/media?parent=77499"}],"wp:term":[{"taxonomy":"category","embeddable":true,"href":"https:\/\/tvbrazilusa.com\/pt\/wp-json\/wp\/v2\/categories?post=77499"},{"taxonomy":"post_tag","embeddable":true,"href":"https:\/\/tvbrazilusa.com\/pt\/wp-json\/wp\/v2\/tags?post=77499"}],"curies":[{"name":"wp","href":"https:\/\/api.w.org\/{rel}","templated":true}]}}