{"id":77513,"date":"2024-12-16T23:34:44","date_gmt":"2024-12-16T23:34:44","guid":{"rendered":"https:\/\/tvbrazilusa.com\/2024\/12\/16\/atriz-agradece-a-orixa-durante-discurso-evangelico-em-premiacao-na-globo\/"},"modified":"2024-12-16T23:34:46","modified_gmt":"2024-12-16T23:34:46","slug":"atriz-agradece-a-orixa-durante-discurso-evangelico-em-premiacao-na-globo","status":"publish","type":"post","link":"https:\/\/tvbrazilusa.com\/pt\/2024\/12\/16\/atriz-agradece-a-orixa-durante-discurso-evangelico-em-premiacao-na-globo\/","title":{"rendered":"Atriz agradece a Orix\u00e1 durante discurso evang\u00e9lico em premia\u00e7\u00e3o na Globo"},"content":{"rendered":"<p> <script async src=\"https:\/\/pagead2.googlesyndication.com\/pagead\/js\/adsbygoogle.js?client=ca-pub-8864793242727901\"\r\n     crossorigin=\"anonymous\"><\/script><br \/>\n<\/p>\n<div id=\"taboola-read-more\" style=\"display:block; width:100%\">\n<p>Ao enaltecer as religi\u00f5es da matriz africana na frente da (evang\u00e9lica) Patr\u00edcia Abravanel e todo o elenco da TV Globo, Edvana Carvalho teve o nome entre os mais citados no X neste domingo, 15. \u201cEu queria agradecer a Orix\u00e1, porque sem folha n\u00e3o tem vida e foi Orix\u00e1 que levou essa novela do in\u00edcio ao fim\u201d, disse Edvana, que participou de Renascer, eleita melhor novela do ano. A rea\u00e7\u00e3o, claro, foi imediata nas redes sociais.\n<\/p>\n<p>Fonte: Veja<\/p>\n<\/p><\/div>\n<p><br \/>\n<br \/><a href=\"https:\/\/diariodobrasilnoticias.com.br\/noticia\/atriz-agradece-a-orixa-durante-discurso-evangelico-em-premiacao-na-globo-6760974edbb48\">Source link <\/a><\/p>","protected":false},"excerpt":{"rendered":"<p>Ao enaltecer as religi\u00f5es da matriz africana na frente da (evang\u00e9lica) Patr\u00edcia Abravanel e todo o elenco da TV Globo, Edvana Carvalho teve o nome entre os mais citados no&hellip;<\/p>","protected":false},"author":1,"featured_media":77514,"comment_status":"closed","ping_status":"open","sticky":false,"template":"","format":"standard","meta":{"content-type":"","footnotes":""},"categories":[16],"tags":[123,2448,5313,1267],"class_list":["post-77513","post","type-post","status-publish","format-standard","has-post-thumbnail","hentry","category-noticias","tag-brasil","tag-diario","tag-noticia","tag-noticias"],"_links":{"self":[{"href":"https:\/\/tvbrazilusa.com\/pt\/wp-json\/wp\/v2\/posts\/77513","targetHints":{"allow":["GET"]}}],"collection":[{"href":"https:\/\/tvbrazilusa.com\/pt\/wp-json\/wp\/v2\/posts"}],"about":[{"href":"https:\/\/tvbrazilusa.com\/pt\/wp-json\/wp\/v2\/types\/post"}],"author":[{"embeddable":true,"href":"https:\/\/tvbrazilusa.com\/pt\/wp-json\/wp\/v2\/users\/1"}],"replies":[{"embeddable":true,"href":"https:\/\/tvbrazilusa.com\/pt\/wp-json\/wp\/v2\/comments?post=77513"}],"version-history":[{"count":1,"href":"https:\/\/tvbrazilusa.com\/pt\/wp-json\/wp\/v2\/posts\/77513\/revisions"}],"predecessor-version":[{"id":77515,"href":"https:\/\/tvbrazilusa.com\/pt\/wp-json\/wp\/v2\/posts\/77513\/revisions\/77515"}],"wp:featuredmedia":[{"embeddable":true,"href":"https:\/\/tvbrazilusa.com\/pt\/wp-json\/wp\/v2\/media\/77514"}],"wp:attachment":[{"href":"https:\/\/tvbrazilusa.com\/pt\/wp-json\/wp\/v2\/media?parent=77513"}],"wp:term":[{"taxonomy":"category","embeddable":true,"href":"https:\/\/tvbrazilusa.com\/pt\/wp-json\/wp\/v2\/categories?post=77513"},{"taxonomy":"post_tag","embeddable":true,"href":"https:\/\/tvbrazilusa.com\/pt\/wp-json\/wp\/v2\/tags?post=77513"}],"curies":[{"name":"wp","href":"https:\/\/api.w.org\/{rel}","templated":true}]}}