{"id":77521,"date":"2024-12-16T23:47:53","date_gmt":"2024-12-16T23:47:53","guid":{"rendered":"https:\/\/tvbrazilusa.com\/2024\/12\/16\/extremamente-grave-afirma-medico-de-lula-sobre-sangramento-e-risco-de-morte\/"},"modified":"2024-12-16T23:47:54","modified_gmt":"2024-12-16T23:47:54","slug":"extremamente-grave-afirma-medico-de-lula-sobre-sangramento-e-risco-de-morte","status":"publish","type":"post","link":"https:\/\/tvbrazilusa.com\/pt\/2024\/12\/16\/extremamente-grave-afirma-medico-de-lula-sobre-sangramento-e-risco-de-morte\/","title":{"rendered":"&#8216;Extremamente grave&#8217;, afirma m\u00e9dico de Lula sobre sangramento e risco de morte"},"content":{"rendered":"<p> <script async src=\"https:\/\/pagead2.googlesyndication.com\/pagead\/js\/adsbygoogle.js?client=ca-pub-8864793242727901\"\r\n     crossorigin=\"anonymous\"><\/script><br \/>\n<\/p>\n<div id=\"taboola-read-more\" style=\"display:block; width:100%\">\n<p>O m\u00e9dico Roberto Kalil Filho, que lidera a equipe m\u00e9dica que atende o presidente Luiz In\u00e1cio Lula da Silva (PT), afirmou que havia risco de morte se o petista n\u00e3o fosse atendido rapidamente do sangramento craniano que sofreu h\u00e1 uma semana.\n<\/p>\n<p>Lula teve alta do Hospital S\u00edrio-Liban\u00eas, em S\u00e3o Paulo, na manh\u00e3 deste domingo (15) ap\u00f3s quase uma semana internado para duas interven\u00e7\u00f5es para estancar e prevenir novos sangramentos na membrana entre o c\u00e9rebro e o cr\u00e2nio. Ele ficar\u00e1 na capital paulista em monitoramento e realizar\u00e1 uma nova tomografia na quinta (19) \u2013 quando deve retornar para Bras\u00edlia.<\/p>\n<p>\u201cFoi uma situa\u00e7\u00e3o grave, o quadro que ele teve foi extremamente grave, requeria obviamente atendimento de emerg\u00eancia. Mas, sim, corria o risco de acontecer o pior\u201d, disse o m\u00e9dico em entrevista \u00e0 TV Globo neste domingo (15).\n<\/p>\n<p>Roberto Kalil Filho relembrou como foi a chegada de Lula a S\u00e3o Paulo na noite de segunda (9), ap\u00f3s sentir um desconforto durante todo o dia e fazer exames na unidade do hospital em Bras\u00edlia. Por conta da gravidade da situa\u00e7\u00e3o, o m\u00e9dico pediu que ele foi transferido para a capital paulista.\n<\/p>\n<p>\u201cObviamente sempre tem a ang\u00fastia de como o paciente vai chegar. Nem abriu a porta do avi\u00e3o e eu j\u00e1 me joguei pra dentro, entrei r\u00e1pido no avi\u00e3o, e ele [Lula] veio em p\u00e9 me receber. Veio em p\u00e9, andando\u201d, disse ao ver a situa\u00e7\u00e3o do presidente.\n<\/p>\n<p>O m\u00e9dico disse que Lula foi levado de ambul\u00e2ncia para o hospital e direto para o centro cir\u00fargico, onde a equipe do neurocirurgi\u00e3o Marcos Stavale o aguardava para fazer o primeiro procedimento, para estancar o sangramento cerebral.\n<\/p>\n<p>Apesar de ter drenado todo o hematoma que foi formado no cr\u00e2nio e feito um novo procedimento para evitar novos sangramentos, Lula ainda ter\u00e1 um tempo de recupera\u00e7\u00e3o sem muitos esfor\u00e7os. Ele est\u00e1 proibido de fazer exerc\u00edcios f\u00edsicos e longas caminhadas, apenas passeios curtos.\n<\/p>\n<p>\u201cSe estiver tudo bem, ele est\u00e1 autorizado a voltar para Bras\u00edlia, onde poder\u00e1 retomar suas atividades normais, com algumas restri\u00e7\u00f5es, como evitar exerc\u00edcios f\u00edsicos intensos\u201d, completou Kalil.\n<\/p>\n<p>Roberto Kalil Filho afirmou, ainda, que Lula est\u00e1 de alta hospitalar, mas n\u00e3o de alta m\u00e9dica, e que ainda h\u00e1 uma preocupa\u00e7\u00e3o pela recupera\u00e7\u00e3o do presidente pelos pr\u00f3ximos 45 a 60 dias, per\u00edodo previsto para a cicatriza\u00e7\u00e3o das incis\u00f5es feitas no cr\u00e2nio para a drenagem do sangue acumulado.\n<\/p>\n<p>A sa\u00edda do presidente do internamento ocorreu antes do previsto, j\u00e1 que a expectativa era de que deixasse o hospital nesta segunda (16) ou ter\u00e7a (17).\n<\/p>\n<p>Fonte: Gazeta do Povo              <\/p>\n<\/div>\n<p><br \/>\n<br \/><a href=\"https:\/\/diariodobrasilnoticias.com.br\/noticia\/-extremamente-grave-afirma-medico-de-lula-sobre-sangramento-e-risco-de-morte-676096a69578e\">Source link <\/a><\/p>","protected":false},"excerpt":{"rendered":"<p>O m\u00e9dico Roberto Kalil Filho, que lidera a equipe m\u00e9dica que atende o presidente Luiz In\u00e1cio Lula da Silva (PT), afirmou que havia risco de morte se o petista n\u00e3o&hellip;<\/p>","protected":false},"author":1,"featured_media":77522,"comment_status":"closed","ping_status":"open","sticky":false,"template":"","format":"standard","meta":{"content-type":"","footnotes":""},"categories":[16],"tags":[123,2448,5313,1267],"class_list":["post-77521","post","type-post","status-publish","format-standard","has-post-thumbnail","hentry","category-noticias","tag-brasil","tag-diario","tag-noticia","tag-noticias"],"_links":{"self":[{"href":"https:\/\/tvbrazilusa.com\/pt\/wp-json\/wp\/v2\/posts\/77521","targetHints":{"allow":["GET"]}}],"collection":[{"href":"https:\/\/tvbrazilusa.com\/pt\/wp-json\/wp\/v2\/posts"}],"about":[{"href":"https:\/\/tvbrazilusa.com\/pt\/wp-json\/wp\/v2\/types\/post"}],"author":[{"embeddable":true,"href":"https:\/\/tvbrazilusa.com\/pt\/wp-json\/wp\/v2\/users\/1"}],"replies":[{"embeddable":true,"href":"https:\/\/tvbrazilusa.com\/pt\/wp-json\/wp\/v2\/comments?post=77521"}],"version-history":[{"count":1,"href":"https:\/\/tvbrazilusa.com\/pt\/wp-json\/wp\/v2\/posts\/77521\/revisions"}],"predecessor-version":[{"id":77523,"href":"https:\/\/tvbrazilusa.com\/pt\/wp-json\/wp\/v2\/posts\/77521\/revisions\/77523"}],"wp:featuredmedia":[{"embeddable":true,"href":"https:\/\/tvbrazilusa.com\/pt\/wp-json\/wp\/v2\/media\/77522"}],"wp:attachment":[{"href":"https:\/\/tvbrazilusa.com\/pt\/wp-json\/wp\/v2\/media?parent=77521"}],"wp:term":[{"taxonomy":"category","embeddable":true,"href":"https:\/\/tvbrazilusa.com\/pt\/wp-json\/wp\/v2\/categories?post=77521"},{"taxonomy":"post_tag","embeddable":true,"href":"https:\/\/tvbrazilusa.com\/pt\/wp-json\/wp\/v2\/tags?post=77521"}],"curies":[{"name":"wp","href":"https:\/\/api.w.org\/{rel}","templated":true}]}}