{"id":77538,"date":"2024-12-16T23:57:26","date_gmt":"2024-12-16T23:57:26","guid":{"rendered":"https:\/\/tvbrazilusa.com\/2024\/12\/16\/nova-exposicao-no-norte-de-miami-tem-como-objetivo-combater-o-anti-semitismo-e-lembrar-as-vitimas-do-ataque-do-hamas-em-7-de-outubro-wsvn-7news-noticias-de-miami-clima-esportes-fort-lauderdale\/"},"modified":"2024-12-17T00:08:50","modified_gmt":"2024-12-17T00:08:50","slug":"nova-exposicao-no-norte-de-miami-tem-como-objetivo-combater-o-anti-semitismo-e-lembrar-as-vitimas-do-ataque-do-hamas-em-7-de-outubro-wsvn-7news-noticias-de-miami-clima-esportes-fort-lauderdale","status":"publish","type":"post","link":"https:\/\/tvbrazilusa.com\/pt\/2024\/12\/16\/nova-exposicao-no-norte-de-miami-tem-como-objetivo-combater-o-anti-semitismo-e-lembrar-as-vitimas-do-ataque-do-hamas-em-7-de-outubro-wsvn-7news-noticias-de-miami-clima-esportes-fort-lauderdale\/","title":{"rendered":"Nova Exposi\u00e7\u00e3o no Norte de Miami tem como objetivo combater o anti-semitismo e lembrar as v\u00edtimas do ataque do Hamas em 7 de outubro &#8211; WSVN 7News | Not\u00edcias de Miami, clima, esportes | Fort Lauderdale"},"content":{"rendered":"<p> <script async src=\"https:\/\/pagead2.googlesyndication.com\/pagead\/js\/adsbygoogle.js?client=ca-pub-8864793242727901\"\r\n     crossorigin=\"anonymous\"><\/script><br \/>\n<\/p>\n<div itemprop=\"articleBody\">\n<p>NORTE DE MIAMI, FLA. (WSVN) &#8211; Uma exposi\u00e7\u00e3o emocionante est\u00e1 chegando ao sul da Fl\u00f3rida para combater o antissemitismo e relembrar as vidas perdidas durante o ataque do Hamas no Nova Music Festival.<\/p>\n<p>O momento em que a m\u00fasica parou, um memorial itinerante, foi criado pelo cofundador do Festival M\u00fasica Nova.<\/p>\n<p>\u201c\u00c9 um lugar para educar e para combater o \u00f3dio, e n\u00e3o tem nada a ver com religi\u00e3o, pol\u00edtica ou tomada de partido. Foi o que aconteceu num festival de m\u00fasica\u201d, disse Ofir Amir, coprodutor da Nova Exposi\u00e7\u00e3o.<\/p>\n<p>Amir tamb\u00e9m \u00e9 um sobrevivente do ataque do Hamas no festival de m\u00fasica israelense que<a href=\"https:\/\/wsvn.com\/news\/us-world\/hamas-surprise-attack-out-of-gaza-stuns-israel-and-leaves-hundreds-dead-in-fighting-retaliation\/\"> ocorreu em 7 de outubro de 2023.<\/a><\/p>\n<p>Naquele dia, 1.200 pessoas foram mortas e mais de 250 sequestradas.<\/p>\n<p>\u201cTudo o que eles estavam fazendo era tentar se divertir e se divertir. Esse \u00e9 o objetivo desta exposi\u00e7\u00e3o. Eram civis inocentes que foram atacados e brutalizados\u201d, disse o prefeito de Miami Beach, Steven Meiner.<\/p>\n<p>Meiner est\u00e1 entre uma longa lista de l\u00edderes do sul da Fl\u00f3rida que estar\u00e3o na Nova Exhibition na quinta-feira, se posicionando contra o anti-semitismo.<\/p>\n<p>\u201cQueremos que as pessoas e divulguem a palavra, que pessoas de todas as origens vejam o que o \u00f3dio e o mal, mesmo no discurso, podem levar\u201d, disse Meiner.<\/p>\n<p>A exposi\u00e7\u00e3o \u00e9 um passeio pelo recinto do festival de m\u00fasica. Tudo, desde cadeiras e tendas at\u00e9 ve\u00edculos queimados e banheiros port\u00e1teis crivados de balas, todos itens reais do festival.<\/p>\n<p>V\u00eddeos do horror ser\u00e3o reproduzidos a cada passo, muitos deles feitos pelos pr\u00f3prios terroristas.<\/p>\n<p>\u201cEsta exposi\u00e7\u00e3o mostra, digamos em miniatura, as atrocidades do 7 de outubro\u201d, disse <a href=\"https:\/\/wsvn.com\/news\/local\/miami-dade\/mother-of-woman-killed-at-music-festival-in-israel-aims-to-raise-awareness-at-miami-beach-fundraiser\/\" data-type=\"link\" data-id=\"https:\/\/wsvn.com\/news\/local\/miami-dade\/mother-of-woman-killed-at-music-festival-in-israel-aims-to-raise-awareness-at-miami-beach-fundraiser\/\" target=\"_blank\" rel=\"noreferrer noopener\">Hanna Ricardo<\/a>.<\/p>\n<p>A filha de Ricardo, de 26 anos, estava entre os mortos.<\/p>\n<p>\u201cEles foram brutalmente assassinados, n\u00e3o podem falar, n\u00e3o podem contar a sua hist\u00f3ria, por isso precisamos de fazer isso\u201d, disse Ricardo.<\/p>\n<p>Os criadores disseram que a exposi\u00e7\u00e3o tamb\u00e9m trata de esperan\u00e7a e resili\u00eancia.<\/p>\n<p>\u201cTodo mundo precisa ver isso. N\u00e3o \u00e9 apenas para o memorial, \u00e9 tamb\u00e9m para educar e combater o \u00f3dio e o anti-semitismo. E ent\u00e3o todos precisam ver isso\u201d, disse Amir.<\/p>\n<p>Desde ent\u00e3o, a comunidade do Nova Music Festival criou a Funda\u00e7\u00e3o Nova para apoiar os sobreviventes do ataque e suas fam\u00edlias.<\/p>\n<p>O dinheiro da venda de ingressos para a exposi\u00e7\u00e3o ir\u00e1 para a Funda\u00e7\u00e3o Nova.<\/p>\n<p>A exposi\u00e7\u00e3o abre ao p\u00fablico na quarta-feira.<\/p>\n<p>Para mais informa\u00e7\u00f5es sobre a exposi\u00e7\u00e3o, clique <a href=\"https:\/\/www.novaexhibition.com\/\" data-type=\"link\" data-id=\"https:\/\/www.novaexhibition.com\/\" target=\"_blank\" rel=\"noreferrer noopener\">aqui<\/a>.<\/p>\n<p><em>Copyright 2024 Sunbeam Television Corp. Todos os direitos reservados. Este material n\u00e3o pode ser publicado, transmitido, reescrito ou redistribu\u00eddo.<\/em><\/p>\n<div class=\"wp-block-newsletter\">\n\t<strong class=\"wp-block-newsletter__title\">Cadastre-se em nosso boletim informativo para receber as \u00faltimas not\u00edcias diretamente em sua caixa de entrada<\/strong><\/p>\n<\/div><\/div>\n<p><br \/>\n<br \/><a href=\"https:\/\/wsvn.com\/news\/local\/miami-dade\/nova-exhibition-in-north-miami-aims-to-combat-antisemitism-and-remember-victims-of-oct-7-hamas-attack\/\">Source link <\/a><\/p>","protected":false},"excerpt":{"rendered":"<p>NORTE DE MIAMI, FLA. (WSVN) &#8211; Uma exposi\u00e7\u00e3o emocionante est\u00e1 chegando ao sul da Fl\u00f3rida para combater o antissemitismo e relembrar as vidas perdidas durante o ataque do Hamas no&hellip;<\/p>","protected":false},"author":1,"featured_media":77539,"comment_status":"closed","ping_status":"open","sticky":false,"template":"","format":"standard","meta":{"content-type":"","footnotes":""},"categories":[1],"tags":[],"class_list":["post-77538","post","type-post","status-publish","format-standard","has-post-thumbnail","hentry","category-uncategorized"],"_links":{"self":[{"href":"https:\/\/tvbrazilusa.com\/pt\/wp-json\/wp\/v2\/posts\/77538","targetHints":{"allow":["GET"]}}],"collection":[{"href":"https:\/\/tvbrazilusa.com\/pt\/wp-json\/wp\/v2\/posts"}],"about":[{"href":"https:\/\/tvbrazilusa.com\/pt\/wp-json\/wp\/v2\/types\/post"}],"author":[{"embeddable":true,"href":"https:\/\/tvbrazilusa.com\/pt\/wp-json\/wp\/v2\/users\/1"}],"replies":[{"embeddable":true,"href":"https:\/\/tvbrazilusa.com\/pt\/wp-json\/wp\/v2\/comments?post=77538"}],"version-history":[{"count":1,"href":"https:\/\/tvbrazilusa.com\/pt\/wp-json\/wp\/v2\/posts\/77538\/revisions"}],"predecessor-version":[{"id":77540,"href":"https:\/\/tvbrazilusa.com\/pt\/wp-json\/wp\/v2\/posts\/77538\/revisions\/77540"}],"wp:featuredmedia":[{"embeddable":true,"href":"https:\/\/tvbrazilusa.com\/pt\/wp-json\/wp\/v2\/media\/77539"}],"wp:attachment":[{"href":"https:\/\/tvbrazilusa.com\/pt\/wp-json\/wp\/v2\/media?parent=77538"}],"wp:term":[{"taxonomy":"category","embeddable":true,"href":"https:\/\/tvbrazilusa.com\/pt\/wp-json\/wp\/v2\/categories?post=77538"},{"taxonomy":"post_tag","embeddable":true,"href":"https:\/\/tvbrazilusa.com\/pt\/wp-json\/wp\/v2\/tags?post=77538"}],"curies":[{"name":"wp","href":"https:\/\/api.w.org\/{rel}","templated":true}]}}