{"id":77541,"date":"2024-12-16T23:49:31","date_gmt":"2024-12-16T23:49:31","guid":{"rendered":"https:\/\/tvbrazilusa.com\/2024\/12\/16\/dois-acusados-pelas-autoridades-dos-eua-em-massachusetts-em-conexao-com-o-ataque-de-drones-no-ira-que-matou-tres-soldados-dos-eua-no-oriente-medio\/"},"modified":"2024-12-17T00:09:49","modified_gmt":"2024-12-17T00:09:49","slug":"dois-acusados-pelas-autoridades-dos-eua-em-massachusetts-em-conexao-com-o-ataque-de-drones-no-ira-que-matou-tres-soldados-dos-eua-no-oriente-medio","status":"publish","type":"post","link":"https:\/\/tvbrazilusa.com\/pt\/2024\/12\/16\/dois-acusados-pelas-autoridades-dos-eua-em-massachusetts-em-conexao-com-o-ataque-de-drones-no-ira-que-matou-tres-soldados-dos-eua-no-oriente-medio\/","title":{"rendered":"Dois acusados \u200b\u200bpelas autoridades dos EUA em Massachusetts em conex\u00e3o com o ataque de drones no Ir\u00e3 que matou tr\u00eas soldados dos EUA no Oriente M\u00e9dio"},"content":{"rendered":"<p> <script async src=\"https:\/\/pagead2.googlesyndication.com\/pagead\/js\/adsbygoogle.js?client=ca-pub-8864793242727901\"\r\n     crossorigin=\"anonymous\"><\/script><br \/>\n<\/p>\n<div id=\"\">\n<header class=\"m-article-header m-article-header--standard\">\n\t\t\t\t\t\t\t\t\t\t\t\t<span id=\"article-header-primary-term\"><br \/>\n\t\t\t\t\t\t\t\t<a class=\"a-term a-term--primary\" href=\"https:\/\/www.boston.com\/tag\/crime\/\"><\/p>\n<p>\t\t\t\t\t\t\t\tCrime\t\t\t\t\t\t\t\t<\/a><br \/>\n\t\t\t\t\t\t\t<\/span><\/p>\n<h2 class=\"m-article-header__sub-headline\"\/>\n<figure class=\"a-photo m-article-header__photo\"><figcaption class=\"a-photo__caption\">\n<p>\tO procurador distrital de Massachusetts, Joshua Levy, \u00e0 direita, enfrenta rep\u00f3rteres enquanto a agente especial respons\u00e1vel do FBI, Divis\u00e3o de Boston, Jodi Cohen, \u00e0 esquerda, observa durante uma entrevista coletiva, segunda-feira, 16 de dezembro de 2024, no tribunal federal, em Boston.<em> AP Foto\/Steven Senne<\/em>\t<\/figcaption><\/figure>\n<div class=\"m-article-header__meta\">\n<div class=\"m-article-header__byline\">\n<p class=\"m-article-header__author\">\n<p>\t\t\t\t\t\t\t\tPor STEVE LEBLANC, ERIC TUCKER e TARA COPP, Associated Press\t\t\t\t\t\t\t<\/p>\n<p>\t\t\t\t\t\t\t\t\t\t\t\t\t\t\t<time class=\"m-article-header__date\"><\/p>\n<p>\t\t\t\t\t\t\t\t\t16 de dezembro de 2024 | 18h49\t\t\t\t\t\t\t\t<\/time><\/p>\n<p><span>2 minutos para ler<\/span><\/p>\n<\/p><\/div>\n<\/p><\/div>\n<\/header>\n<p>BOSTON (AP) \u2013 Dois homens, incluindo um cidad\u00e3o iraniano-americano com dupla nacionalidade, <a href=\"https:\/\/www.boston.com\/tag\/crime\/\">foram presos<\/a> sob a acusa\u00e7\u00e3o de exportarem tecnologia sens\u00edvel para o Ir\u00e3, que foi usada em um ataque de drone na Jord\u00e2nia que matou tr\u00eas soldados americanos no in\u00edcio deste ano e feriu dezenas de outros militares, disse o Departamento de Justi\u00e7a na segunda-feira.<\/p>\n<p>A dupla foi presa depois que especialistas do FBI que analisaram o drone rastrearam o sistema de navega\u00e7\u00e3o at\u00e9 uma empresa iraniana operada por um dos r\u00e9us, que dependia de tecnologia canalizada dos EUA por seu suposto co-conspirador, disseram autoridades.<\/p>\n<p>\u201cMuitas vezes citamos riscos hipot\u00e9ticos quando falamos sobre os perigos de a tecnologia americana cair em m\u00e3os perigosas\u201d, disse o procurador dos EUA, Joshua Levy, principal procurador federal em Massachusetts. \u201cInfelizmente, nesta situa\u00e7\u00e3o, n\u00e3o estamos especulando.\u201d<\/p>\n<p>Os r\u00e9us foram identificados como Mahdi Mohammad Sadeghi, que os promotores dizem trabalhar em uma empresa de semicondutores com sede em Massachusetts, e Mohammad Abedininajafabadi, que foi preso na segunda-feira na It\u00e1lia enquanto o Departamento de Justi\u00e7a buscava sua extradi\u00e7\u00e3o para Massachusetts.<\/p>\n<p>Os promotores alegam que Abedininajafabadi, que tamb\u00e9m usa o sobrenome Adedini e dirige uma empresa iraniana que fabrica sistemas de navega\u00e7\u00e3o para drones, tem liga\u00e7\u00f5es com a Guarda Revolucion\u00e1ria paramilitar do Ir\u00e3. Alegam que ele conspirou com Sadeghi para contornar as leis americanas de controlo das exporta\u00e7\u00f5es, inclusive atrav\u00e9s de uma empresa de fachada na Su\u00ed\u00e7a, e adquirir tecnologia sens\u00edvel para o Ir\u00e3o.<\/p>\n<p>Ambos os homens s\u00e3o acusados \u200b\u200bde viola\u00e7\u00f5es do controlo de exporta\u00e7\u00f5es e Abedini enfrenta separadamente acusa\u00e7\u00f5es de conspira\u00e7\u00e3o para fornecer apoio material ao Ir\u00e3o. Um advogado de Sadeghi, cidad\u00e3o americano naturalizado que foi preso na segunda-feira em Massachusetts, n\u00e3o retornou imediatamente um e-mail solicitando coment\u00e1rios.<\/p>\n<p>As autoridades norte-americanas atribu\u00edram o ataque de Janeiro \u00e0 Resist\u00eancia Isl\u00e2mica no Iraque, um grupo guarda-chuva de mil\u00edcias apoiadas pelo Ir\u00e3o que inclui o Kataib Hezbollah.<\/p>\n<p>Tr\u00eas soldados da Ge\u00f3rgia &#8211; sargento. William Jerome Rivers de Carrollton, sargento. Breonna Moffett de Savannah e sargento. Kennedy Sanders, de Waycross \u2013 foram mortos no ataque de drones em 28 de janeiro a um posto avan\u00e7ado dos EUA no nordeste da Jord\u00e2nia, chamado Torre 22.<\/p>\n<p>No ataque, o drone de ataque unilateral pode ter sido confundido com um drone dos EUA que deveria retornar \u00e0 base log\u00edstica quase ao mesmo tempo e n\u00e3o foi abatido.<\/p>\n<p>Em vez disso, colidiu com alojamentos, matando os tr\u00eas soldados e ferindo mais de 40.<\/p>\n<p>A Torre 22 abrigava cerca de 350 militares dos EUA na \u00e9poca. Est\u00e1 estrategicamente localizado entre a Jord\u00e2nia e a S\u00edria, a apenas 10 quil\u00f3metros (6 milhas) da fronteira com o Iraque, e nos meses logo ap\u00f3s o ataque do Hamas a Israel, em 7 de Outubro, e a resposta contundente de Israel em Gaza, as mil\u00edcias apoiadas pelo Ir\u00e3o intensificaram os seus ataques. em locais militares dos EUA na regi\u00e3o.<\/p>\n<p>Ap\u00f3s o ataque, os EUA lan\u00e7aram um enorme contra-ataque contra 85 locais no Iraque e na S\u00edria utilizados pela Guarda Revolucion\u00e1ria do Ir\u00e3o e pela mil\u00edcia apoiada pelo Ir\u00e3o e refor\u00e7aram as defesas da Torre 22.<\/p>\n<p><em>Tucker e Copp relataram de Washington.<\/em><\/p>\n<\/p><\/div>\n<p><script>\n\t\tvar consent=\"grant\";\n\t\t\/* The above code is parsing the JSON data from the local storage and storing it in a variable. *\/\n\t\t\t\t\tconst onetrustStorageConsent = JSON.parse(localStorage.getItem( 'consent_one_trust_bdc' ) );\n\t\t\tif ( ( onetrustStorageConsent !== null ) ) {\n\t\t\t\t\/* Checking to see if the user has consented to the use of cookies.\n\t\t\t\t* If they have not, it is deleting the cookie.\n\t\t\t\t* This will comment for now, until further notice.\n\t\t\t\t*\/\n\t\t\t\t\/\/if ( onetrustStorageConsent.C0002 === false ) {\n\t\t\t\t\/\/\tdocument.cookie=\"_fbp=;expires=Thu, 01 Jan 2010 00:00:00 UTC; path=\/; domain=.boston.com\";\n\t\t\t\t\/\/}\n\t\t\t\t\/* Checking if the user has given consent for the cookie C0002.\n\t\t\t\t* If the user has given consent, the variable consent will be set to 'grant'.\n\t\t\t\t* If the user has not given consent,the variable consent will be set to 'revoke'.\n\t\t\t\t* Documentation https:\/\/developers.facebook.com\/docs\/meta-pixel\/implementation\/gdpr\n\t\t\t\t*\/\n\t\t\t\tif ( onetrustStorageConsent.C0002 !== true ) {\n\t\t\t\t\tconsent=\"revoke\";\n\t\t\t\t}\n\t\t\t}\n\t\t\t\t!function(f,b,e,v,n,t,s)\n\t\t{if(f.fbq)return;n=f.fbq=function(){n.callMethod?\n\t\tn.callMethod.apply(n,arguments):n.queue.push(arguments)};\n\t\tif(!f._fbq)f._fbq=n;n.push=n;n.loaded=!0;n.version='2.0';\n\t\tn.queue=[];t=b.createElement(e);t.async=!0;\n\t\tt.src=v;s=b.getElementsByTagName(e)[0];\n\t\ts.parentNode.insertBefore(t,s)}(window, document,'script',\n\t\t'https:\/\/connect.facebook.net\/en_US\/fbevents.js');\n\t\tfbq('consent', consent);\n\t\tfbq('init', '989222871864976');\n\t\tfbq('track', 'PageView');\n\t<\/script><script type=\"module\">\n\t\tvar consent=\"grant\";\n\t\t\/* The above code is parsing the JSON data from the local storage and storing it in a variable. *\/\n\t\t\tconst onetrustStorageConsent = JSON.parse(localStorage.getItem( 'consent_one_trust_bdc' ) );\n\t\t\t\/* Checking to see if the user has consented to the use of cookies.\n\t\t\t* If they have not, it is deleting the cookie.\n\t\t\t* This will comment for now, until further notice.\n\t\t\t*\/\n\t\t\t\/\/if ( onetrustStorageConsent.C0002 === false ) {\n\t\t\t\/\/\tdocument.cookie=\"_fbp=;expires=Thu, 01 Jan 2010 00:00:00 UTC; path=\/; domain=.boston.com\";\n\t\t\t\/\/}\n\t\t\t\/* Checking if the user has given consent for the cookie C0002.\n\t\t\t* If the user has given consent, the variable consent will be set to 'grant'.\n\t\t\t* If the user has not given consent,the variable consent will be set to 'revoke'.\n\t\t\t* Documentation https:\/\/developers.facebook.com\/docs\/meta-pixel\/implementation\/gdpr\n\t\t\t*\/\n\t\t\tif ( ( onetrustStorageConsent !== null ) && (onetrustStorageConsent.C0002 !== true ) ) {\n\t\t\t\tconsent=\"revoke\";\n\t\t\t}\n\t\t\t\t!function(f,b,e,v,n,t,s){if(f.fbq)return;n=f.fbq=function()\n\t\t{n.callMethod? n.callMethod.apply(n,arguments):n.queue.push(arguments)}\n\t\t;if(!f._fbq)f._fbq=n;\n\t\tn.push=n;n.loaded=!0;n.version='2.0';n.queue=[];t=b.createElement(e);t.async=!0;\n\t\tt.src=v;s=b.getElementsByTagName(e)[0];s.parentNode.insertBefore(t,s)}(window,\n\t\tdocument,'script','https:\/\/connect.facebook.net\/en_US\/fbevents.js');\n\t\tfbq('consent', consent);\n\t\tfbq('init', '813236348753005');\n\t\tfbq('track', \"PageView\");\n\t<\/script><br \/>\n<br \/><br \/>\n<br \/><a href=\"https:\/\/www.boston.com\/news\/crime\/2024\/12\/16\/two-charged-by-us-authorities-in-mass-in-connection-with-iran-drone-strike-that-killed-3-us-troops-in-the-middle-east\/\">Source link <\/a><\/p>","protected":false},"excerpt":{"rendered":"<p>Crime O procurador distrital de Massachusetts, Joshua Levy, \u00e0 direita, enfrenta rep\u00f3rteres enquanto a agente especial respons\u00e1vel do FBI, Divis\u00e3o de Boston, Jodi Cohen, \u00e0 esquerda, observa durante uma entrevista&hellip;<\/p>","protected":false},"author":1,"featured_media":77542,"comment_status":"closed","ping_status":"open","sticky":false,"template":"","format":"standard","meta":{"content-type":"","footnotes":""},"categories":[1],"tags":[],"class_list":["post-77541","post","type-post","status-publish","format-standard","has-post-thumbnail","hentry","category-uncategorized"],"_links":{"self":[{"href":"https:\/\/tvbrazilusa.com\/pt\/wp-json\/wp\/v2\/posts\/77541","targetHints":{"allow":["GET"]}}],"collection":[{"href":"https:\/\/tvbrazilusa.com\/pt\/wp-json\/wp\/v2\/posts"}],"about":[{"href":"https:\/\/tvbrazilusa.com\/pt\/wp-json\/wp\/v2\/types\/post"}],"author":[{"embeddable":true,"href":"https:\/\/tvbrazilusa.com\/pt\/wp-json\/wp\/v2\/users\/1"}],"replies":[{"embeddable":true,"href":"https:\/\/tvbrazilusa.com\/pt\/wp-json\/wp\/v2\/comments?post=77541"}],"version-history":[{"count":1,"href":"https:\/\/tvbrazilusa.com\/pt\/wp-json\/wp\/v2\/posts\/77541\/revisions"}],"predecessor-version":[{"id":77543,"href":"https:\/\/tvbrazilusa.com\/pt\/wp-json\/wp\/v2\/posts\/77541\/revisions\/77543"}],"wp:featuredmedia":[{"embeddable":true,"href":"https:\/\/tvbrazilusa.com\/pt\/wp-json\/wp\/v2\/media\/77542"}],"wp:attachment":[{"href":"https:\/\/tvbrazilusa.com\/pt\/wp-json\/wp\/v2\/media?parent=77541"}],"wp:term":[{"taxonomy":"category","embeddable":true,"href":"https:\/\/tvbrazilusa.com\/pt\/wp-json\/wp\/v2\/categories?post=77541"},{"taxonomy":"post_tag","embeddable":true,"href":"https:\/\/tvbrazilusa.com\/pt\/wp-json\/wp\/v2\/tags?post=77541"}],"curies":[{"name":"wp","href":"https:\/\/api.w.org\/{rel}","templated":true}]}}