{"id":77553,"date":"2024-12-17T00:29:40","date_gmt":"2024-12-17T00:29:40","guid":{"rendered":"https:\/\/tvbrazilusa.com\/2024\/12\/17\/ministra-morre-em-incendio-junto-com-os-dois-filhos\/"},"modified":"2024-12-17T00:29:41","modified_gmt":"2024-12-17T00:29:41","slug":"ministra-morre-em-incendio-junto-com-os-dois-filhos","status":"publish","type":"post","link":"https:\/\/tvbrazilusa.com\/pt\/2024\/12\/17\/ministra-morre-em-incendio-junto-com-os-dois-filhos\/","title":{"rendered":"Ministra morre em inc\u00eandio junto com os dois filhos"},"content":{"rendered":"<p> <script async src=\"https:\/\/pagead2.googlesyndication.com\/pagead\/js\/adsbygoogle.js?client=ca-pub-8864793242727901\"\r\n     crossorigin=\"anonymous\"><\/script><br \/>\n<\/p>\n<div>\n<figure class=\"post-image\">\n<\/figure>\n<p>            <span style=\"font-size: 12px\">Foto: Governo de Trinidad e Tobago<\/span><\/p>\n<p>            <!-- end metas --><br \/>\n            <!-- ADS --><\/p>\n<div id=\"taboola-read-more\" style=\"display:block; width:100%\">\n<p>A ministra da Educa\u00e7\u00e3o de Trinidad e Tobago, Lisa Morris-Julian, morreu junto dos dois filhos durante um inc\u00eandio na madrugada desta segunda-feira (16), segundo as autoridades locais.\n<\/p>\n<p>A pol\u00edcia informou que a ministra e os filhos, de 25 e seis anos, ficaram presos enquanto o fogo consumia a casa da fam\u00edlia no distrito de Arima, a principal cidade do leste de Trinidad e Tobago.<\/p>\n<p>O marido de Lisa e outros dois familiares que tamb\u00e9m estavam na casa ficaram feridos e foram levados ao hospital.\n<\/p>\n<p>&#8220;O governo de Trinidad e Tobago expressa suas mais profundas condol\u00eancias \u00e0 fam\u00edlia, entes queridos e eleitores neste momento e os mantemos em nossos pensamentos e ora\u00e7\u00f5es coletivas&#8221;, afirmou o governo em um comunicado.\n<\/p>\n<p>O primeiro-ministro Keith Rowley e outros membros do governo estiveram no local do inc\u00eandio enquanto os bombeiros apagavam as chamas. A causa do inc\u00eandio est\u00e1 sendo investigada, segundo a pol\u00edcia.\n<\/p>\n<p>Lisa tamb\u00e9m era deputada e tentaria a reelei\u00e7\u00e3o no ano que vem.\n<\/p>\n<p>Fonte: G1              <\/p>\n<\/div>\n<p>                        <!-- Scripts para conteudo --><\/p>\n<p>            <!-- .\/Scripts para conteudo --><br \/>\n            <!-- .\/Mat\u00e9ria --><\/p>\n<div class=\"row mt-3\">\n<div class=\"col-sm-6\">\n                <!-- Whatsapp channel 3--><br \/>\n                <a href=\"https:\/\/chat.whatsapp.com\/J6hwSKYns5B0XFowx2wZ0P\" target=\"_blank\"><br \/>\n                  <img decoding=\"async\" src=\"https:\/\/diariodobrasilnoticias.com.br\/assets-site\/images\/bot_whatsapp.png\"\/><\/a>\n              <\/div>\n<div class=\"col-sm-6\">\n                <a href=\"https:\/\/t.me\/+_4gTmi5LKo03OTM5\" target=\"_blank\"><br \/>\n                  <img decoding=\"async\" src=\"https:\/\/diariodobrasilnoticias.com.br\/assets-site\/images\/bot_telegram.png\"\/><\/a>\n              <\/div>\n<\/p><\/div>\n<p>            <!-- end post-navigation --><\/p>\n<p>              <!-- end row --><\/p>\n<p>              <!-- end col-12-->\n                      <\/div>\n<p><br \/>\n<br \/><a href=\"https:\/\/diariodobrasilnoticias.com.br\/noticia\/ministra-morre-em-incendio-junto-com-os-dois-filhos-6760a59448622\">Source link <\/a><\/p>","protected":false},"excerpt":{"rendered":"<p>Foto: Governo de Trinidad e Tobago A ministra da Educa\u00e7\u00e3o de Trinidad e Tobago, Lisa Morris-Julian, morreu junto dos dois filhos durante um inc\u00eandio na madrugada desta segunda-feira (16), segundo&hellip;<\/p>","protected":false},"author":1,"featured_media":77554,"comment_status":"closed","ping_status":"open","sticky":false,"template":"","format":"standard","meta":{"content-type":"","footnotes":""},"categories":[16],"tags":[123,2448,5313,1267],"class_list":["post-77553","post","type-post","status-publish","format-standard","has-post-thumbnail","hentry","category-noticias","tag-brasil","tag-diario","tag-noticia","tag-noticias"],"_links":{"self":[{"href":"https:\/\/tvbrazilusa.com\/pt\/wp-json\/wp\/v2\/posts\/77553","targetHints":{"allow":["GET"]}}],"collection":[{"href":"https:\/\/tvbrazilusa.com\/pt\/wp-json\/wp\/v2\/posts"}],"about":[{"href":"https:\/\/tvbrazilusa.com\/pt\/wp-json\/wp\/v2\/types\/post"}],"author":[{"embeddable":true,"href":"https:\/\/tvbrazilusa.com\/pt\/wp-json\/wp\/v2\/users\/1"}],"replies":[{"embeddable":true,"href":"https:\/\/tvbrazilusa.com\/pt\/wp-json\/wp\/v2\/comments?post=77553"}],"version-history":[{"count":1,"href":"https:\/\/tvbrazilusa.com\/pt\/wp-json\/wp\/v2\/posts\/77553\/revisions"}],"predecessor-version":[{"id":77555,"href":"https:\/\/tvbrazilusa.com\/pt\/wp-json\/wp\/v2\/posts\/77553\/revisions\/77555"}],"wp:featuredmedia":[{"embeddable":true,"href":"https:\/\/tvbrazilusa.com\/pt\/wp-json\/wp\/v2\/media\/77554"}],"wp:attachment":[{"href":"https:\/\/tvbrazilusa.com\/pt\/wp-json\/wp\/v2\/media?parent=77553"}],"wp:term":[{"taxonomy":"category","embeddable":true,"href":"https:\/\/tvbrazilusa.com\/pt\/wp-json\/wp\/v2\/categories?post=77553"},{"taxonomy":"post_tag","embeddable":true,"href":"https:\/\/tvbrazilusa.com\/pt\/wp-json\/wp\/v2\/tags?post=77553"}],"curies":[{"name":"wp","href":"https:\/\/api.w.org\/{rel}","templated":true}]}}