{"id":77564,"date":"2024-12-17T00:46:19","date_gmt":"2024-12-17T00:46:19","guid":{"rendered":"https:\/\/tvbrazilusa.com\/2024\/12\/17\/worcester-lancou-uma-linha-direta-para-denunciar-ma-conduta-policial-apos-relatorio-contundente-do-doj\/"},"modified":"2024-12-17T00:48:23","modified_gmt":"2024-12-17T00:48:23","slug":"worcester-lancou-uma-linha-direta-para-denunciar-ma-conduta-policial-apos-relatorio-contundente-do-doj","status":"publish","type":"post","link":"https:\/\/tvbrazilusa.com\/pt\/2024\/12\/17\/worcester-lancou-uma-linha-direta-para-denunciar-ma-conduta-policial-apos-relatorio-contundente-do-doj\/","title":{"rendered":"Worcester lan\u00e7ou uma linha direta para denunciar m\u00e1 conduta policial ap\u00f3s relat\u00f3rio contundente do DOJ"},"content":{"rendered":"<p> <script async src=\"https:\/\/pagead2.googlesyndication.com\/pagead\/js\/adsbygoogle.js?client=ca-pub-8864793242727901\"\r\n     crossorigin=\"anonymous\"><\/script><br \/>\n<\/p>\n<div id=\"\">\n<header class=\"m-article-header m-article-header--standard\">\n\t\t\t\t\t\t\t\t\t\t\t\t<span id=\"article-header-primary-term\"><br \/>\n\t\t\t\t\t\t\t\t<a class=\"a-term a-term--primary\" href=\"https:\/\/www.boston.com\/tag\/local-news\/\"><\/p>\n<p>\t\t\t\t\t\t\t\tNot\u00edcias locais\t\t\t\t\t\t\t\t<\/a><br \/>\n\t\t\t\t\t\t\t<\/span><\/p>\n<h2 class=\"m-article-header__sub-headline\">A linha direta 774-548-1696 est\u00e1 ativa a partir de segunda-feira para denunciar discrimina\u00e7\u00e3o, preconceito, ass\u00e9dio ou for\u00e7a excessiva por parte de membros do Departamento de Pol\u00edcia de Worcester.<\/h2>\n<figure class=\"a-photo m-article-header__photo\"><figcaption class=\"a-photo__caption\">\n<p>\tUm carro da pol\u00edcia de Worcester no local de uma investiga\u00e7\u00e3o recente.<em> Rick Cinclair\/Worcester Telegram &#038; Gazette via AP, Arquivo<\/em>\t<\/figcaption><\/figure>\n<\/header>\n<p>Ap\u00f3s um relat\u00f3rio contundente divulgado detalhando <a href=\"https:\/\/www.boston.com\/news\/local-news\/2024\/12\/10\/justice-department-investigation-finds-worcester-police-officers-sexually-assaulted-suspected-sex-workers\/\">supostas viola\u00e7\u00f5es dos direitos civis<\/a> pelo Departamento de Pol\u00edcia de Worcester, as autoridades municipais lan\u00e7aram uma linha direta na segunda-feira para relatar qualquer suposta m\u00e1 conduta.<\/p>\n<p>A linha direta 774-548-1696 est\u00e1 ativa a partir de segunda-feira, anunciou o gerente da cidade de Worcester, Eric Batista. Os membros do p\u00fablico podem denunciar qualquer discrimina\u00e7\u00e3o, preconceito, ass\u00e9dio ou for\u00e7a excessiva ao Gabinete Executivo de Diversidade, Equidade e Inclus\u00e3o da cidade. <\/p>\n<p>\u201cQuero reafirmar o compromisso inabal\u00e1vel do munic\u00edpio com a seguran\u00e7a de todos os residentes\u201d, disse Kevin Lovaincy, diretor de capital da cidade, num comunicado de imprensa. \u201cTodas as investiga\u00e7\u00f5es conduzidas no \u00e2mbito da EODEI ser\u00e3o realizadas de forma imparcial, sem preconceitos, para garantir um sistema de freios e contrapesos que proteja a integridade do processo e defenda a responsabiliza\u00e7\u00e3o.\u201d<\/p>\n<p>Se a chamada n\u00e3o for atendida, os residentes dever\u00e3o deixar uma mensagem de voz, disseram as autoridades. A cidade tamb\u00e9m lan\u00e7ou um <a href=\"https:\/\/forms.worcesterma.gov\/f\/InvestigationsIntake\">formul\u00e1rio on-line<\/a> denunciar qualquer alegada m\u00e1 conduta. <\/p>\n<h2 class=\"wp-block-heading\" id=\"h-doj-worcester-police-officers-sexually-assaulted-suspected-sex-workers\">DOJ: Policiais de Worcester agrediram sexualmente supostas trabalhadoras do sexo<\/h2>\n<p>No in\u00edcio deste m\u00eas, o Departamento de Justi\u00e7a disse que <a href=\"https:\/\/www.boston.com\/news\/local-news\/2024\/12\/10\/justice-department-investigation-finds-worcester-police-officers-sexually-assaulted-suspected-sex-workers\/\">investiga\u00e7\u00e3o civil de dois anos<\/a> no departamento da cidade encontraram m\u00faltiplas viola\u00e7\u00f5es dos direitos civis, incluindo que policiais supostamente agrediram mulheres sexualmente e escalaram incidentes menores com for\u00e7a.<\/p>\n<p>Os policiais usariam injustificadamente seus tasers ou c\u00e3es policiais para ferir pessoas j\u00e1 subjugadas ou que n\u00e3o representassem uma amea\u00e7a, disse o DOJ.<\/p>\n<p>Alguns policiais tamb\u00e9m supostamente fizeram sexo com prostitutas durante o expediente, envolveram-se inapropriadamente com suspeitas de trabalharem no sexo enquanto estavam disfar\u00e7ados e agrediram sexualmente mulheres exigindo atos sexuais em troca de assist\u00eancia policial, disse o DOJ.<\/p>\n<div class=\"m-block t-amp__list-container m-article-list-container m-article-list-container--frame-border a-border-frame  a-list-header__headline--red m-article-list--alternative--default  m-article-list--floated\">\n<ul class=\"t-amp__list a-list--no-style m-article-list m-article-list--recirculation m-article-list--has-images\">\n<li class=\"m-article-list__item m-article-list__item--featured\">\n\t\t\t<a class=\"m-article-list__link-wrapper\" href=\"https:\/\/www.boston.com\/news\/local-news\/2024\/12\/10\/justice-department-investigation-finds-worcester-police-officers-sexually-assaulted-suspected-sex-workers\/?p1=article_recirc_inline_feature\" data-p1=\"article_recirc_inline_feature\"><br \/>\n\t\t\t\t<img fetchpriority=\"high\" decoding=\"async\" width=\"768\" height=\"432\" src=\"https:\/\/bdc2020.o0bc.com\/wp-content\/uploads\/2024\/12\/Police_Civil_Rights_Violations_53988-6757bc2c1d905-768x432.jpg\" class=\"t-amp__list-image m-article-list__image m-article-list__image--full\" alt=\"Um carro da pol\u00edcia de Worcester no local de uma investiga\u00e7\u00e3o recente.\" aria-hidden=\"true\" srcset=\"https:\/\/bdc2020.o0bc.com\/wp-content\/uploads\/2024\/12\/Police_Civil_Rights_Violations_53988-6757bc2c1d905-768x432.jpg?width=200 200w, https:\/\/bdc2020.o0bc.com\/wp-content\/uploads\/2024\/12\/Police_Civil_Rights_Violations_53988-6757bc2c1d905-768x432.jpg?width=300 300w, https:\/\/bdc2020.o0bc.com\/wp-content\/uploads\/2024\/12\/Police_Civil_Rights_Violations_53988-6757bc2c1d905-768x432.jpg?width=400 400w, https:\/\/bdc2020.o0bc.com\/wp-content\/uploads\/2024\/12\/Police_Civil_Rights_Violations_53988-6757bc2c1d905-768x432.jpg?width=500 500w, https:\/\/bdc2020.o0bc.com\/wp-content\/uploads\/2024\/12\/Police_Civil_Rights_Violations_53988-6757bc2c1d905-768x432.jpg?width=600 600w, https:\/\/bdc2020.o0bc.com\/wp-content\/uploads\/2024\/12\/Police_Civil_Rights_Violations_53988-6757bc2c1d905-768x432.jpg?width=700 700w, https:\/\/bdc2020.o0bc.com\/wp-content\/uploads\/2024\/12\/Police_Civil_Rights_Violations_53988-6757bc2c1d905-768x432.jpg?width=800 800w, https:\/\/bdc2020.o0bc.com\/wp-content\/uploads\/2024\/12\/Police_Civil_Rights_Violations_53988-6757bc2c1d905-768x432.jpg?width=900 900w\" sizes=\"(max-width: 768px) 100vw, 768px\"\/>\t\t\t\t\t<\/p>\n<p><h4 class=\"m-article-list__headline t-amp__list-headline\">\n\t\t\t\t\t\t\t<span class=\"m-article-list__link a-link a-link--inline a-link--text-link a-link--text-link-dark\"><\/p>\n<p>\t\t\t\t\t\t\tInvestiga\u00e7\u00e3o do Departamento de Justi\u00e7a revela que policiais de Worcester abusaram sexualmente de supostas trabalhadoras do sexo\t\t\t\t\t\t\t<\/span><br \/>\n\t\t\t\t\t\t<\/h4>\n<\/p>\n<p>\t\t\t\t<\/a>\n\t\t\t<\/li>\n<\/ul>\n<\/div>\n<p>O relat\u00f3rio tamb\u00e9m alega que a for\u00e7a n\u00e3o tinha supervis\u00e3o adequada ou qualquer pol\u00edtica para documentar que os agentes documentassem as paragens de tr\u00e2nsito, o que, segundo o relat\u00f3rio, afectava desproporcionalmente os negros e hisp\u00e2nicos.<\/p>\n<p>A linha direta surge no momento em que a cidade contesta algumas conclus\u00f5es do relat\u00f3rio. Brian T. Kelly, advogado que representa a cidade e o departamento, disse <a href=\"https:\/\/www.bostonglobe.com\/2024\/12\/09\/metro\/worcester-police-sex-prostitutes-justice-department-excessive-force\/\">em uma declara\u00e7\u00e3o para <em>O Globo de Boston<\/em><\/a><em> <\/em>que o relat\u00f3rio era \u201cum relat\u00f3rio injusto, impreciso e tendencioso que difama injustamente toda a for\u00e7a policial de Worcester\u201d.<\/p>\n<p>Batista, no entanto, disse numa declara\u00e7\u00e3o ap\u00f3s o relat\u00f3rio que muitas das recomenda\u00e7\u00f5es do relat\u00f3rio foram implementadas ou est\u00e3o em curso e que planeia propor um Conselho de Revis\u00e3o Civil ao Conselho Municipal.<\/p>\n<p>\u201cEntretanto, os membros do Departamento de Pol\u00edcia de Worcester, que servem esmagadoramente a nossa comunidade com integridade e compaix\u00e3o, continuar\u00e3o a sua cont\u00ednua sensibiliza\u00e7\u00e3o comunit\u00e1ria para construir relacionamentos e confian\u00e7a, ao mesmo tempo que continuam a refinar e melhorar as pol\u00edticas do Departamento\u201d, dizia a sua declara\u00e7\u00e3o.<\/p>\n<div class=\"o-author-single has-avatar\">\n<header class=\"m-author-card\">\n<div class=\"a-image a-image--square m-author-card__image\">\n\t\t<img decoding=\"async\" class=\"\" src=\"https:\/\/www.boston.com\/wp-content\/uploads\/2024\/10\/cropped-molly-farrar-6707200226887-6707200bea6c0-242x242.jpg\" alt=\"Imagem do perfil de Molly Farrar\"\/>\t<\/div>\n<\/header>\n<section class=\"author-info\">\n<div class=\"m-author__section\">\n<p>Molly Farrar \u00e9 rep\u00f3rter geral do Boston.com, com foco em educa\u00e7\u00e3o, pol\u00edtica, crime e muito mais.<\/p>\n<\/div>\n<\/section>\n<\/div>\n<div class=\"m-block m-generic-cta\t m-generic-cta--post-content\t m-generic-cta--dark\t m-generic-cta--homepage\t m-generic-cta--email-signup\t\t m-generic-cta-block-style--default \tt-amp__generic-cta\"><\/p>\n<div class=\"m-generic-cta__wrap\">\n<div class=\"m-generic-cta__content\">\n<h3 class=\"m-generic-cta__title\">Boston.com hoje<\/h3>\n<p class=\"m-generic-cta__subtitle\">Inscreva-se para receber as \u00faltimas manchetes em sua caixa de entrada todas as manh\u00e3s.<\/p>\n<\/p><\/div>\n<\/p><\/div>\n<\/div><\/div>\n<p><script>\n\t\tvar consent=\"grant\";\n\t\t\/* The above code is parsing the JSON data from the local storage and storing it in a variable. *\/\n\t\t\t\t\tconst onetrustStorageConsent = JSON.parse(localStorage.getItem( 'consent_one_trust_bdc' ) );\n\t\t\tif ( ( onetrustStorageConsent !== null ) ) {\n\t\t\t\t\/* Checking to see if the user has consented to the use of cookies.\n\t\t\t\t* If they have not, it is deleting the cookie.\n\t\t\t\t* This will comment for now, until further notice.\n\t\t\t\t*\/\n\t\t\t\t\/\/if ( onetrustStorageConsent.C0002 === false ) {\n\t\t\t\t\/\/\tdocument.cookie=\"_fbp=;expires=Thu, 01 Jan 2010 00:00:00 UTC; path=\/; domain=.boston.com\";\n\t\t\t\t\/\/}\n\t\t\t\t\/* Checking if the user has given consent for the cookie C0002.\n\t\t\t\t* If the user has given consent, the variable consent will be set to 'grant'.\n\t\t\t\t* If the user has not given consent,the variable consent will be set to 'revoke'.\n\t\t\t\t* Documentation https:\/\/developers.facebook.com\/docs\/meta-pixel\/implementation\/gdpr\n\t\t\t\t*\/\n\t\t\t\tif ( onetrustStorageConsent.C0002 !== true ) {\n\t\t\t\t\tconsent=\"revoke\";\n\t\t\t\t}\n\t\t\t}\n\t\t\t\t!function(f,b,e,v,n,t,s)\n\t\t{if(f.fbq)return;n=f.fbq=function(){n.callMethod?\n\t\tn.callMethod.apply(n,arguments):n.queue.push(arguments)};\n\t\tif(!f._fbq)f._fbq=n;n.push=n;n.loaded=!0;n.version='2.0';\n\t\tn.queue=[];t=b.createElement(e);t.async=!0;\n\t\tt.src=v;s=b.getElementsByTagName(e)[0];\n\t\ts.parentNode.insertBefore(t,s)}(window, document,'script',\n\t\t'https:\/\/connect.facebook.net\/en_US\/fbevents.js');\n\t\tfbq('consent', consent);\n\t\tfbq('init', '989222871864976');\n\t\tfbq('track', 'PageView');\n\t<\/script><script type=\"module\">\n\t\tvar consent=\"grant\";\n\t\t\/* The above code is parsing the JSON data from the local storage and storing it in a variable. *\/\n\t\t\tconst onetrustStorageConsent = JSON.parse(localStorage.getItem( 'consent_one_trust_bdc' ) );\n\t\t\t\/* Checking to see if the user has consented to the use of cookies.\n\t\t\t* If they have not, it is deleting the cookie.\n\t\t\t* This will comment for now, until further notice.\n\t\t\t*\/\n\t\t\t\/\/if ( onetrustStorageConsent.C0002 === false ) {\n\t\t\t\/\/\tdocument.cookie=\"_fbp=;expires=Thu, 01 Jan 2010 00:00:00 UTC; path=\/; domain=.boston.com\";\n\t\t\t\/\/}\n\t\t\t\/* Checking if the user has given consent for the cookie C0002.\n\t\t\t* If the user has given consent, the variable consent will be set to 'grant'.\n\t\t\t* If the user has not given consent,the variable consent will be set to 'revoke'.\n\t\t\t* Documentation https:\/\/developers.facebook.com\/docs\/meta-pixel\/implementation\/gdpr\n\t\t\t*\/\n\t\t\tif ( ( onetrustStorageConsent !== null ) && (onetrustStorageConsent.C0002 !== true ) ) {\n\t\t\t\tconsent=\"revoke\";\n\t\t\t}\n\t\t\t\t!function(f,b,e,v,n,t,s){if(f.fbq)return;n=f.fbq=function()\n\t\t{n.callMethod? n.callMethod.apply(n,arguments):n.queue.push(arguments)}\n\t\t;if(!f._fbq)f._fbq=n;\n\t\tn.push=n;n.loaded=!0;n.version='2.0';n.queue=[];t=b.createElement(e);t.async=!0;\n\t\tt.src=v;s=b.getElementsByTagName(e)[0];s.parentNode.insertBefore(t,s)}(window,\n\t\tdocument,'script','https:\/\/connect.facebook.net\/en_US\/fbevents.js');\n\t\tfbq('consent', consent);\n\t\tfbq('init', '813236348753005');\n\t\tfbq('track', \"PageView\");\n\t<\/script><br \/>\n<br \/><br \/>\n<br \/><a href=\"https:\/\/www.boston.com\/news\/local-news\/2024\/12\/16\/worcester-launched-hotline-to-report-police-misconduct-after-scathing-doj-report\/\">Source link <\/a><\/p>","protected":false},"excerpt":{"rendered":"<p>Not\u00edcias locais A linha direta 774-548-1696 est\u00e1 ativa a partir de segunda-feira para denunciar discrimina\u00e7\u00e3o, preconceito, ass\u00e9dio ou for\u00e7a excessiva por parte de membros do Departamento de Pol\u00edcia de Worcester.&hellip;<\/p>","protected":false},"author":1,"featured_media":74323,"comment_status":"closed","ping_status":"open","sticky":false,"template":"","format":"standard","meta":{"content-type":"","footnotes":""},"categories":[1],"tags":[],"class_list":["post-77564","post","type-post","status-publish","format-standard","has-post-thumbnail","hentry","category-uncategorized"],"_links":{"self":[{"href":"https:\/\/tvbrazilusa.com\/pt\/wp-json\/wp\/v2\/posts\/77564","targetHints":{"allow":["GET"]}}],"collection":[{"href":"https:\/\/tvbrazilusa.com\/pt\/wp-json\/wp\/v2\/posts"}],"about":[{"href":"https:\/\/tvbrazilusa.com\/pt\/wp-json\/wp\/v2\/types\/post"}],"author":[{"embeddable":true,"href":"https:\/\/tvbrazilusa.com\/pt\/wp-json\/wp\/v2\/users\/1"}],"replies":[{"embeddable":true,"href":"https:\/\/tvbrazilusa.com\/pt\/wp-json\/wp\/v2\/comments?post=77564"}],"version-history":[{"count":1,"href":"https:\/\/tvbrazilusa.com\/pt\/wp-json\/wp\/v2\/posts\/77564\/revisions"}],"predecessor-version":[{"id":77565,"href":"https:\/\/tvbrazilusa.com\/pt\/wp-json\/wp\/v2\/posts\/77564\/revisions\/77565"}],"wp:featuredmedia":[{"embeddable":true,"href":"https:\/\/tvbrazilusa.com\/pt\/wp-json\/wp\/v2\/media\/74323"}],"wp:attachment":[{"href":"https:\/\/tvbrazilusa.com\/pt\/wp-json\/wp\/v2\/media?parent=77564"}],"wp:term":[{"taxonomy":"category","embeddable":true,"href":"https:\/\/tvbrazilusa.com\/pt\/wp-json\/wp\/v2\/categories?post=77564"},{"taxonomy":"post_tag","embeddable":true,"href":"https:\/\/tvbrazilusa.com\/pt\/wp-json\/wp\/v2\/tags?post=77564"}],"curies":[{"name":"wp","href":"https:\/\/api.w.org\/{rel}","templated":true}]}}