{"id":77576,"date":"2024-12-17T01:10:56","date_gmt":"2024-12-17T01:10:56","guid":{"rendered":"https:\/\/tvbrazilusa.com\/2024\/12\/17\/influenciador-com-deficiencia-que-subiu-a-rampa-com-lula-critica-o-governo-o-auge-do-capacitismo\/"},"modified":"2024-12-17T01:10:57","modified_gmt":"2024-12-17T01:10:57","slug":"influenciador-com-deficiencia-que-subiu-a-rampa-com-lula-critica-o-governo-o-auge-do-capacitismo","status":"publish","type":"post","link":"https:\/\/tvbrazilusa.com\/pt\/2024\/12\/17\/influenciador-com-deficiencia-que-subiu-a-rampa-com-lula-critica-o-governo-o-auge-do-capacitismo\/","title":{"rendered":"Influenciador com defici\u00eancia que subiu a rampa com Lula critica o governo: &#8216;O auge do capacitismo&#8217;"},"content":{"rendered":"<p> <script async src=\"https:\/\/pagead2.googlesyndication.com\/pagead\/js\/adsbygoogle.js?client=ca-pub-8864793242727901\"\r\n     crossorigin=\"anonymous\"><\/script><br \/>\n<\/p>\n<div id=\"taboola-read-more\" style=\"display:block; width:100%\">\n<p>Pessoa com defici\u00eancia f\u00edsica (PCD) e gay, o influenciador digital Ivan Baron criticou o presidente Lula, em virtude do pacote de redu\u00e7\u00e3o de gastos do governo federal que afeta, entre outros segmentos, PCDs.\n<\/p>\n<p>Se o Projeto de Lei 4.614\/2024 for aprovado, o acesso ao Benef\u00edcio de Presta\u00e7\u00e3o Continuada (BPC) ser\u00e1 mais restrito. O objetivo do Executivo \u00e9 impedir o pagamento indevido do BPC.<\/p>\n<p>\u201cQual a necessidade disso?\u201d, interpelou Baron, em um v\u00eddeo no TikTok posteriormente exclu\u00eddo. \u201cS\u00f3 vai servir ainda mais como uma barreira para burocratizar. Defici\u00eancia \u00e9 algo permanente. Ningu\u00e9m vai deixar de ter a cada dois anos.\u201d Baron subiu a rampa do Pal\u00e1cio do Planalto com Lula, na posse, em 2023.\n<\/p>\n<p>Ainda de acordo com o influenciador, \u201co plano de medidas fiscais reconhece pessoas com defici\u00eancia como aquelas que t\u00eam \u2018incapacidade para uma vida independente e para o trabalho&#8217;\u201d. \u201cSim, essa foi a express\u00e3o usada no documento oficial apresentado pelo governo\u201d, observou Baron. \u201cO auge do capacitismo.\u201d\n<\/p>\n<p><strong>Cr\u00edticas de Ivan Baron<\/strong>\n<\/p>\n<p>N\u00e3o \u00e9 a primeira vez que Baron sobe o tom com Lula. Em outras duas ocasi\u00f5es, o influenciador digital disse que os eleitores do petista precisam cobr\u00e1-lo.\n<\/p>\n<p>\u201cSubi a rampa, mas n\u00e3o quero que seja apenas representativa, apenas um s\u00edmbolo\u201d, disse ele, durante uma entrevista, em junho de 2023.\n<\/p>\n<p>Em setembro, Baron n\u00e3o gostou de um coment\u00e1rio do presidente, sobre quem usa andador e muletas.\n<\/p>\n<p>Para Lula, contudo, utilizar esses equipamentos \u00e9 algo feio.\n<\/p>\n<p>Fonte: Revista Oeste              <\/p>\n<\/div>\n<p><br \/>\n<br \/><a href=\"https:\/\/diariodobrasilnoticias.com.br\/noticia\/influenciadora-com-deficiencia-que-subiu-a-rampa-com-lula-critica-o-governo-o-auge-do-capacitismo-6760a5f849b5b\">Source link <\/a><\/p>","protected":false},"excerpt":{"rendered":"<p>Pessoa com defici\u00eancia f\u00edsica (PCD) e gay, o influenciador digital Ivan Baron criticou o presidente Lula, em virtude do pacote de redu\u00e7\u00e3o de gastos do governo federal que afeta, entre&hellip;<\/p>","protected":false},"author":1,"featured_media":77577,"comment_status":"closed","ping_status":"open","sticky":false,"template":"","format":"standard","meta":{"content-type":"","footnotes":""},"categories":[16],"tags":[123,2448,5313,1267],"class_list":["post-77576","post","type-post","status-publish","format-standard","has-post-thumbnail","hentry","category-noticias","tag-brasil","tag-diario","tag-noticia","tag-noticias"],"_links":{"self":[{"href":"https:\/\/tvbrazilusa.com\/pt\/wp-json\/wp\/v2\/posts\/77576","targetHints":{"allow":["GET"]}}],"collection":[{"href":"https:\/\/tvbrazilusa.com\/pt\/wp-json\/wp\/v2\/posts"}],"about":[{"href":"https:\/\/tvbrazilusa.com\/pt\/wp-json\/wp\/v2\/types\/post"}],"author":[{"embeddable":true,"href":"https:\/\/tvbrazilusa.com\/pt\/wp-json\/wp\/v2\/users\/1"}],"replies":[{"embeddable":true,"href":"https:\/\/tvbrazilusa.com\/pt\/wp-json\/wp\/v2\/comments?post=77576"}],"version-history":[{"count":1,"href":"https:\/\/tvbrazilusa.com\/pt\/wp-json\/wp\/v2\/posts\/77576\/revisions"}],"predecessor-version":[{"id":77578,"href":"https:\/\/tvbrazilusa.com\/pt\/wp-json\/wp\/v2\/posts\/77576\/revisions\/77578"}],"wp:featuredmedia":[{"embeddable":true,"href":"https:\/\/tvbrazilusa.com\/pt\/wp-json\/wp\/v2\/media\/77577"}],"wp:attachment":[{"href":"https:\/\/tvbrazilusa.com\/pt\/wp-json\/wp\/v2\/media?parent=77576"}],"wp:term":[{"taxonomy":"category","embeddable":true,"href":"https:\/\/tvbrazilusa.com\/pt\/wp-json\/wp\/v2\/categories?post=77576"},{"taxonomy":"post_tag","embeddable":true,"href":"https:\/\/tvbrazilusa.com\/pt\/wp-json\/wp\/v2\/tags?post=77576"}],"curies":[{"name":"wp","href":"https:\/\/api.w.org\/{rel}","templated":true}]}}