{"id":77587,"date":"2024-12-17T01:15:20","date_gmt":"2024-12-17T01:15:20","guid":{"rendered":"https:\/\/tvbrazilusa.com\/2024\/12\/17\/cabeleireiro-de-coral-gables-para-as-estrelas-gabriel-samra-fala-sobre-o-que-fazer-e-o-que-nao-fazer-no-cabelo-nas-ferias-wsvn-7news-noticias-de-miami-clima-esportes-fort-lauderdale\/"},"modified":"2024-12-17T01:28:15","modified_gmt":"2024-12-17T01:28:15","slug":"cabeleireiro-de-coral-gables-para-as-estrelas-gabriel-samra-fala-sobre-o-que-fazer-e-o-que-nao-fazer-no-cabelo-nas-ferias-wsvn-7news-noticias-de-miami-clima-esportes-fort-lauderdale","status":"publish","type":"post","link":"https:\/\/tvbrazilusa.com\/pt\/2024\/12\/17\/cabeleireiro-de-coral-gables-para-as-estrelas-gabriel-samra-fala-sobre-o-que-fazer-e-o-que-nao-fazer-no-cabelo-nas-ferias-wsvn-7news-noticias-de-miami-clima-esportes-fort-lauderdale\/","title":{"rendered":"Cabeleireiro de Coral Gables para as estrelas: Gabriel Samra fala sobre o que fazer e o que n\u00e3o fazer no cabelo nas f\u00e9rias &#8211; WSVN 7News | Not\u00edcias de Miami, clima, esportes | Fort Lauderdale"},"content":{"rendered":"<p> <script async src=\"https:\/\/pagead2.googlesyndication.com\/pagead\/js\/adsbygoogle.js?client=ca-pub-8864793242727901\"\r\n     crossorigin=\"anonymous\"><\/script><br \/>\n<\/p>\n<div itemprop=\"articleBody\">\n<p>Para quem tem rosto bi\u2026 Grinch em repouso ou madeixas geladas, \u00e9 hora de acordar e sentir o cheiro do cacau.<\/p>\n<p>Mudar \u00e9 uma coisa boa. Estamos na temporada de f\u00e9rias com um cabeleireiro, que est\u00e1 nos dizendo o que fazer e o que n\u00e3o fazer.<\/p>\n<p>Jim Carey (como Grinch): \u201cN\u00e3o, n\u00e3o, n\u00e3o, n\u00e3o posso fazer isso. Eu n\u00e3o estou pronto. Honestamente. \u00c9 muito, muito cedo.\u201d<\/p>\n<p>As reformas de f\u00e9rias podem ser assustadoras, at\u00e9 mesmo para o Grinch.<\/p>\n<p>Fora de Whoville, em seu sal\u00e3o Coral Gables, o famoso cabeleireiro Gabriel Samra prefere looks ousados \u200b\u200bpara esta \u00e9poca alegre do ano.<\/p>\n<p>Gabriel Samra: \u201cAcho que as f\u00e9rias s\u00e3o a \u00e9poca do ano perfeita para as mulheres experimentarem coisas. Na verdade, eles assumem esse risco logo no final do ano. Assim, eles podem come\u00e7ar o ano do zero com um novo visual.\u201d<\/p>\n<p>Gabriel tem cabelos desgrenhados de estrelas como\u2026<\/p>\n<p>Gabriel Samra: \u201cJ\u00e1 trabalhei com Gisele B\u00fcndchen. Todos n\u00f3s amamos Karol G. Ent\u00e3o a tend\u00eancia em termos de estilo, as mulheres est\u00e3o solicitando bem menos manuten\u00e7\u00e3o. Ent\u00e3o, com estilo, eles querem algo suave, sofisticado, volume, volume, volume agrad\u00e1vel.\u201d<\/p>\n<p>Voc\u00ea n\u00e3o precisa ser um fantasma para conseguir franjas como Sabrina Carpenter ou Taylor Swift.<\/p>\n<p>Gabriel Samra: \u201cOutono, inverno, acho que \u00e9 o look perfeito. Voc\u00ea precisa saber o formato do seu rosto, essa \u00e9 a primeira coisa que voc\u00ea precisa saber. Em segundo lugar, voc\u00ea precisa saber que tipo de cabelo voc\u00ea tem. Se voc\u00ea tem cacheados, se tem ondulados, se tem cabelos lisos, isso tamb\u00e9m muda tudo.\u201d<\/p>\n<p>Ok, e eu?<\/p>\n<p>Gabriel Samra: \u201cCom certeza experimentaria franja. Formato de rosto perfeito. [Blow dryer sound] Quando algu\u00e9m me pede franja e nunca fez franja antes. Ent\u00e3o, minha primeira coisa \u00e9 voc\u00ea saber como pentear seu cabelo. Voc\u00ea tem um secador de cabelo. Voc\u00ea tem pelo menos uma escova? Depois de sair do banho, a primeira coisa que voc\u00ea precisa fazer \u00e9 separar aquela parte da franja e secar tudo junto.<\/p>\n<p>E os anos 90 tamb\u00e9m marcam presen\u00e7a nesta esta\u00e7\u00e3o gelada.<\/p>\n<p>Gabriel Samra: \u201cO cabelo liso est\u00e1 voltando. N\u00e3o sei se voc\u00eas se lembram, h\u00e1 15 anos, todo mundo queria um super pin straight. Em termos de cor, chocolate. Mousse Mocha \u00e9 a pr\u00f3xima cor da temporada. Existe um chocolate para cada mulher.\u201d<\/p>\n<p>Sim, concordo com isso. Mas n\u00e3o importa a apar\u00eancia, apenas tren\u00f3!<\/p>\n<p>Gabriel Samra: \u201cUma vez que voc\u00ea muda um corte de cabelo, ou uma vez que voc\u00ea muda a cor do cabelo, isso pode ser muito dram\u00e1tico, ou pode ser algo que voc\u00ea conhece que o leva aos c\u00e9us.\u201d<\/p>\n<p>PARA MAIS INFORMA\u00c7\u00d5ES:<br \/><strong>Gabriel Samra Hair Salon<br \/><\/strong>2270 Caminho Coral<br \/>Miami, Fl\u00f3rida, 33145<br \/>(305) 774-1449<\/p>\n<p><em>Copyright 2024 Sunbeam Television Corp. Todos os direitos reservados. Este material n\u00e3o pode ser publicado, transmitido, reescrito ou redistribu\u00eddo.<\/em><\/p>\n<div class=\"wp-block-newsletter\">\n\t<strong class=\"wp-block-newsletter__title\">Cadastre-se em nosso boletim informativo para receber as \u00faltimas not\u00edcias diretamente em sua caixa de entrada<\/strong><\/p>\n<\/div><\/div>\n<p><br \/>\n<br \/><a href=\"https:\/\/wsvn.com\/entertainment\/deco-drive\/coral-gables-hair-stylist-to-the-stars-gabriel-samra-dishes-on-holiday-hair-dos-and-donts\/\">Source link <\/a><\/p>","protected":false},"excerpt":{"rendered":"<p>Para quem tem rosto bi\u2026 Grinch em repouso ou madeixas geladas, \u00e9 hora de acordar e sentir o cheiro do cacau. Mudar \u00e9 uma coisa boa. Estamos na temporada de&hellip;<\/p>","protected":false},"author":1,"featured_media":77588,"comment_status":"closed","ping_status":"open","sticky":false,"template":"","format":"standard","meta":{"content-type":"","footnotes":""},"categories":[1],"tags":[],"class_list":["post-77587","post","type-post","status-publish","format-standard","has-post-thumbnail","hentry","category-uncategorized"],"_links":{"self":[{"href":"https:\/\/tvbrazilusa.com\/pt\/wp-json\/wp\/v2\/posts\/77587","targetHints":{"allow":["GET"]}}],"collection":[{"href":"https:\/\/tvbrazilusa.com\/pt\/wp-json\/wp\/v2\/posts"}],"about":[{"href":"https:\/\/tvbrazilusa.com\/pt\/wp-json\/wp\/v2\/types\/post"}],"author":[{"embeddable":true,"href":"https:\/\/tvbrazilusa.com\/pt\/wp-json\/wp\/v2\/users\/1"}],"replies":[{"embeddable":true,"href":"https:\/\/tvbrazilusa.com\/pt\/wp-json\/wp\/v2\/comments?post=77587"}],"version-history":[{"count":1,"href":"https:\/\/tvbrazilusa.com\/pt\/wp-json\/wp\/v2\/posts\/77587\/revisions"}],"predecessor-version":[{"id":77589,"href":"https:\/\/tvbrazilusa.com\/pt\/wp-json\/wp\/v2\/posts\/77587\/revisions\/77589"}],"wp:featuredmedia":[{"embeddable":true,"href":"https:\/\/tvbrazilusa.com\/pt\/wp-json\/wp\/v2\/media\/77588"}],"wp:attachment":[{"href":"https:\/\/tvbrazilusa.com\/pt\/wp-json\/wp\/v2\/media?parent=77587"}],"wp:term":[{"taxonomy":"category","embeddable":true,"href":"https:\/\/tvbrazilusa.com\/pt\/wp-json\/wp\/v2\/categories?post=77587"},{"taxonomy":"post_tag","embeddable":true,"href":"https:\/\/tvbrazilusa.com\/pt\/wp-json\/wp\/v2\/tags?post=77587"}],"curies":[{"name":"wp","href":"https:\/\/api.w.org\/{rel}","templated":true}]}}