{"id":77592,"date":"2024-12-17T01:35:52","date_gmt":"2024-12-17T01:35:52","guid":{"rendered":"https:\/\/tvbrazilusa.com\/2024\/12\/17\/tragedia-arvore-de-natal-flutuante-cai-sobre-trabalhadores-mata-um-e-deixa-outros-feridos-veja-video\/"},"modified":"2024-12-17T01:35:55","modified_gmt":"2024-12-17T01:35:55","slug":"tragedia-arvore-de-natal-flutuante-cai-sobre-trabalhadores-mata-um-e-deixa-outros-feridos-veja-video","status":"publish","type":"post","link":"https:\/\/tvbrazilusa.com\/pt\/2024\/12\/17\/tragedia-arvore-de-natal-flutuante-cai-sobre-trabalhadores-mata-um-e-deixa-outros-feridos-veja-video\/","title":{"rendered":"TRAG\u00c9DIA: \u00c1rvore de natal flutuante cai sobre trabalhadores, mata um e deixa outros feridos; VEJA V\u00cdDEO"},"content":{"rendered":"<p> <script async src=\"https:\/\/pagead2.googlesyndication.com\/pagead\/js\/adsbygoogle.js?client=ca-pub-8864793242727901\"\r\n     crossorigin=\"anonymous\"><\/script><br \/>\n<\/p>\n<div id=\"taboola-read-more\" style=\"display:block; width:100%\">\n<p>Uma \u00e1rvore de natal flutuante, de 56 metros, desabou sobre trabalhadores durante uma forte tempestade na tarde desta segunda-feira (16) em Maric\u00e1, na Regi\u00e3o Metropolitana do Rio de Janeiro. Uma pessoa morreu e h\u00e1 dois feridos. Um v\u00eddeo mostra o momento da queda na Lagoa de Ara\u00e7atiba.\n<\/p>\n<p>As tr\u00eas pessoas atingidas desciam da estrutura depois de um alerta da Defesa Civil sobre a mudan\u00e7a no tempo. Mas elas n\u00e3o conseguiram sair a tempo. Outras, como mostra a imagem, aparecem na base da \u00e1rvore e nadam para se salvar. N\u00e3o h\u00e1 desaparecidos, segundo a Prefeitura.<\/p>\n<p><strong>ASSISTA:<\/strong>\n<\/p>\n<p>O homem que morreu chegou a ser levado para o Hospital Conde Modesto Leal, mas j\u00e1 estava morto quando deu entrada na unidade. Os feridos foram levados para o Hospital Municipal Dr. Ernesto Che Guevara. Segundo a Prefeitura, eles est\u00e3o fora de perigo e um deles j\u00e1 recebeu alta.\n<\/p>\n<p>As v\u00edtimas, segundo a Prefeitura, foram socorridas, de forma imediata, por equipes do Samu, Defesa Civil, Guarda Municipal, Secretaria de Tr\u00e2nsito e Corpo de Bombeiros.\n<\/p>\n<p>Em nota, a Prefeitura disse que &#8220;assim que a Defesa Civil emitiu um alerta de chuva, \u00e0s 15h45, a empresa contratada para a montagem da \u00e1rvore iniciou a retirada dos funcion\u00e1rios&#8221;.\n<\/p>\n<p>&#8220;Nesse momento, os trabalhadores foram surpreendidos pela passagem de uma tempestade, com fortes ventos e muita chuva, que derrubou a estrutura em poucos segundos&#8221;.\n<\/p>\n<p>Ainda em nota, a Prefeitura lamentou o ocorrido e disse que est\u00e1 apurando as causas do acidente e prestando assist\u00eancia \u00e0s v\u00edtimas e familiares. A identidade da v\u00edtima que morreu ainda n\u00e3o foi divulgada pelo munic\u00edpio.\n<\/p>\n<p>A \u00e1rvore \u00e9 uma das principais atra\u00e7\u00f5es tur\u00edsticas do natal na cidade e seria inaugurada nesta quarta-feira (18).\n<\/p>\n<p>O espa\u00e7o contaria ainda com um deck e acessibilidade para as pessoas tirarem fotos bem pr\u00f3ximas da \u00e1rvore. No local tamb\u00e9m estava programado, para quinta-feira (19), o espet\u00e1culo das \u00c1guas Dan\u00e7antes.\n<\/p>\n<p>Fonte: G1              <\/p>\n<\/div>\n<p><br \/>\n<br \/><a href=\"https:\/\/diariodobrasilnoticias.com.br\/noticia\/tragedia-arvore-de-natal-flutuante-cai-sobre-trabalhadores-mata-um-e-deixa-outros-feridos-veja-video-6760a79426717\">Source link <\/a><\/p>","protected":false},"excerpt":{"rendered":"<p>Uma \u00e1rvore de natal flutuante, de 56 metros, desabou sobre trabalhadores durante uma forte tempestade na tarde desta segunda-feira (16) em Maric\u00e1, na Regi\u00e3o Metropolitana do Rio de Janeiro. Uma&hellip;<\/p>","protected":false},"author":1,"featured_media":77593,"comment_status":"closed","ping_status":"open","sticky":false,"template":"","format":"standard","meta":{"content-type":"","footnotes":""},"categories":[16],"tags":[123,2448,5313,1267],"class_list":["post-77592","post","type-post","status-publish","format-standard","has-post-thumbnail","hentry","category-noticias","tag-brasil","tag-diario","tag-noticia","tag-noticias"],"_links":{"self":[{"href":"https:\/\/tvbrazilusa.com\/pt\/wp-json\/wp\/v2\/posts\/77592","targetHints":{"allow":["GET"]}}],"collection":[{"href":"https:\/\/tvbrazilusa.com\/pt\/wp-json\/wp\/v2\/posts"}],"about":[{"href":"https:\/\/tvbrazilusa.com\/pt\/wp-json\/wp\/v2\/types\/post"}],"author":[{"embeddable":true,"href":"https:\/\/tvbrazilusa.com\/pt\/wp-json\/wp\/v2\/users\/1"}],"replies":[{"embeddable":true,"href":"https:\/\/tvbrazilusa.com\/pt\/wp-json\/wp\/v2\/comments?post=77592"}],"version-history":[{"count":1,"href":"https:\/\/tvbrazilusa.com\/pt\/wp-json\/wp\/v2\/posts\/77592\/revisions"}],"predecessor-version":[{"id":77594,"href":"https:\/\/tvbrazilusa.com\/pt\/wp-json\/wp\/v2\/posts\/77592\/revisions\/77594"}],"wp:featuredmedia":[{"embeddable":true,"href":"https:\/\/tvbrazilusa.com\/pt\/wp-json\/wp\/v2\/media\/77593"}],"wp:attachment":[{"href":"https:\/\/tvbrazilusa.com\/pt\/wp-json\/wp\/v2\/media?parent=77592"}],"wp:term":[{"taxonomy":"category","embeddable":true,"href":"https:\/\/tvbrazilusa.com\/pt\/wp-json\/wp\/v2\/categories?post=77592"},{"taxonomy":"post_tag","embeddable":true,"href":"https:\/\/tvbrazilusa.com\/pt\/wp-json\/wp\/v2\/tags?post=77592"}],"curies":[{"name":"wp","href":"https:\/\/api.w.org\/{rel}","templated":true}]}}