{"id":77600,"date":"2024-12-17T01:48:59","date_gmt":"2024-12-17T01:48:59","guid":{"rendered":"https:\/\/tvbrazilusa.com\/2024\/12\/17\/justica-mantem-a-proibicao-do-cartao-do-ifood-que-permite-usar-o-vale-em-restaurantes-e-supermercados\/"},"modified":"2024-12-17T01:49:01","modified_gmt":"2024-12-17T01:49:01","slug":"justica-mantem-a-proibicao-do-cartao-do-ifood-que-permite-usar-o-vale-em-restaurantes-e-supermercados","status":"publish","type":"post","link":"https:\/\/tvbrazilusa.com\/pt\/2024\/12\/17\/justica-mantem-a-proibicao-do-cartao-do-ifood-que-permite-usar-o-vale-em-restaurantes-e-supermercados\/","title":{"rendered":"Justi\u00e7a mant\u00e9m a proibi\u00e7\u00e3o do cart\u00e3o do iFood que permite usar o vale em restaurantes e supermercados"},"content":{"rendered":"<p> <script async src=\"https:\/\/pagead2.googlesyndication.com\/pagead\/js\/adsbygoogle.js?client=ca-pub-8864793242727901\"\r\n     crossorigin=\"anonymous\"><\/script><br \/>\n<\/p>\n<div>\n<figure class=\"post-image\">\n<\/figure>\n<p>            <span style=\"font-size: 12px\">Reprodu\u00e7\u00e3o \/ Youtube \/ iFood<\/span><\/p>\n<p>            <!-- end metas --><br \/>\n            <!-- ADS --><\/p>\n<div id=\"taboola-read-more\" style=\"display:block; width:100%\">\n<p>A 21\u00aa Vara Federal C\u00edvel do Distrito Federal confirmou a proibi\u00e7\u00e3o imposta pelo Minist\u00e9rio do Trabalho ao iFood Benef\u00edcios, impedindo a empresa de atuar no segmento de vale-refei\u00e7\u00e3o e vale-alimenta\u00e7\u00e3o no Brasil. Em resposta, o iFood j\u00e1 apresentou um recurso, defendendo que a pr\u00e1tica de transferir saldos entre os vales \u00e9 uma norma comum no setor.\n<\/p>\n<p>O governo diz que a atua\u00e7\u00e3o do iFood infringe as diretrizes do Programa de Alimenta\u00e7\u00e3o do Trabalhador (PAT). A utiliza\u00e7\u00e3o dos cr\u00e9ditos em estabelecimentos como restaurantes e supermercados \u00e9 vista como uma viola\u00e7\u00e3o das regras. O juiz Charles Renaud Frazao de Morais rejeitou o pedido do iFood para revogar a decis\u00e3o, citando um decreto de 2021 que determina a necessidade de manter os valores de alimenta\u00e7\u00e3o e refei\u00e7\u00e3o em contas distintas.<\/p>\n<p>A discuss\u00e3o sobre a legisla\u00e7\u00e3o gerou opini\u00f5es divergentes entre especialistas. Enquanto alguns defendem que a separa\u00e7\u00e3o dos saldos \u00e9 essencial para assegurar o uso correto dos benef\u00edcios, outros consideram que a interpreta\u00e7\u00e3o da lei representa uma a\u00e7\u00e3o punitiva contra o iFood. A Associa\u00e7\u00e3o Brasileira das Empresas de Benef\u00edcios ao Trabalhador (ABBT) manifestou apoio \u00e0 decis\u00e3o governamental, ressaltando a import\u00e2ncia de garantir a seguran\u00e7a tanto para o mercado de benef\u00edcios quanto para os trabalhadores.\n<\/p>\n<p>Fonte: JP News              <\/p>\n<\/div>\n<p>                        <!-- Scripts para conteudo --><\/p>\n<p>            <!-- .\/Scripts para conteudo --><br \/>\n            <!-- .\/Mat\u00e9ria --><\/p>\n<div class=\"row mt-3\">\n<div class=\"col-sm-6\">\n                <!-- Whatsapp channel 3--><br \/>\n                <a href=\"https:\/\/chat.whatsapp.com\/J6hwSKYns5B0XFowx2wZ0P\" target=\"_blank\"><br \/>\n                  <img decoding=\"async\" src=\"https:\/\/diariodobrasilnoticias.com.br\/assets-site\/images\/bot_whatsapp.png\"\/><\/a>\n              <\/div>\n<div class=\"col-sm-6\">\n                <a href=\"https:\/\/t.me\/+_4gTmi5LKo03OTM5\" target=\"_blank\"><br \/>\n                  <img decoding=\"async\" src=\"https:\/\/diariodobrasilnoticias.com.br\/assets-site\/images\/bot_telegram.png\"\/><\/a>\n              <\/div>\n<\/p><\/div>\n<p>            <!-- end post-navigation --><\/p>\n<p>              <!-- end row --><\/p>\n<p>              <!-- end col-12-->\n                      <\/div>\n<p><br \/>\n<br \/><a href=\"https:\/\/diariodobrasilnoticias.com.br\/noticia\/justica-mantem-a-proibicao-do-cartao-do-ifood-que-permite-usar-o-vale-em-restaurantes-e-supermercados-6760a8c6b716f\">Source link <\/a><\/p>","protected":false},"excerpt":{"rendered":"<p>Reprodu\u00e7\u00e3o \/ Youtube \/ iFood A 21\u00aa Vara Federal C\u00edvel do Distrito Federal confirmou a proibi\u00e7\u00e3o imposta pelo Minist\u00e9rio do Trabalho ao iFood Benef\u00edcios, impedindo a empresa de atuar no&hellip;<\/p>","protected":false},"author":1,"featured_media":77601,"comment_status":"closed","ping_status":"open","sticky":false,"template":"","format":"standard","meta":{"content-type":"","footnotes":""},"categories":[16],"tags":[123,2448,5313,1267],"class_list":["post-77600","post","type-post","status-publish","format-standard","has-post-thumbnail","hentry","category-noticias","tag-brasil","tag-diario","tag-noticia","tag-noticias"],"_links":{"self":[{"href":"https:\/\/tvbrazilusa.com\/pt\/wp-json\/wp\/v2\/posts\/77600","targetHints":{"allow":["GET"]}}],"collection":[{"href":"https:\/\/tvbrazilusa.com\/pt\/wp-json\/wp\/v2\/posts"}],"about":[{"href":"https:\/\/tvbrazilusa.com\/pt\/wp-json\/wp\/v2\/types\/post"}],"author":[{"embeddable":true,"href":"https:\/\/tvbrazilusa.com\/pt\/wp-json\/wp\/v2\/users\/1"}],"replies":[{"embeddable":true,"href":"https:\/\/tvbrazilusa.com\/pt\/wp-json\/wp\/v2\/comments?post=77600"}],"version-history":[{"count":1,"href":"https:\/\/tvbrazilusa.com\/pt\/wp-json\/wp\/v2\/posts\/77600\/revisions"}],"predecessor-version":[{"id":77602,"href":"https:\/\/tvbrazilusa.com\/pt\/wp-json\/wp\/v2\/posts\/77600\/revisions\/77602"}],"wp:featuredmedia":[{"embeddable":true,"href":"https:\/\/tvbrazilusa.com\/pt\/wp-json\/wp\/v2\/media\/77601"}],"wp:attachment":[{"href":"https:\/\/tvbrazilusa.com\/pt\/wp-json\/wp\/v2\/media?parent=77600"}],"wp:term":[{"taxonomy":"category","embeddable":true,"href":"https:\/\/tvbrazilusa.com\/pt\/wp-json\/wp\/v2\/categories?post=77600"},{"taxonomy":"post_tag","embeddable":true,"href":"https:\/\/tvbrazilusa.com\/pt\/wp-json\/wp\/v2\/tags?post=77600"}],"curies":[{"name":"wp","href":"https:\/\/api.w.org\/{rel}","templated":true}]}}