{"id":77603,"date":"2024-12-17T01:45:38","date_gmt":"2024-12-17T01:45:38","guid":{"rendered":"https:\/\/tvbrazilusa.com\/2024\/12\/17\/a-jornada-do-jogador-de-hoquei-da-nova-inglaterra-oliver-wahlstrom-fecha-o-circulo-com-os-bruins\/"},"modified":"2024-12-17T01:54:29","modified_gmt":"2024-12-17T01:54:29","slug":"a-jornada-do-jogador-de-hoquei-da-nova-inglaterra-oliver-wahlstrom-fecha-o-circulo-com-os-bruins","status":"publish","type":"post","link":"https:\/\/tvbrazilusa.com\/pt\/2024\/12\/17\/a-jornada-do-jogador-de-hoquei-da-nova-inglaterra-oliver-wahlstrom-fecha-o-circulo-com-os-bruins\/","title":{"rendered":"A jornada do jogador de h\u00f3quei da Nova Inglaterra Oliver Wahlstrom fecha o c\u00edrculo com os Bruins"},"content":{"rendered":"<p> <script async src=\"https:\/\/pagead2.googlesyndication.com\/pagead\/js\/adsbygoogle.js?client=ca-pub-8864793242727901\"\r\n     crossorigin=\"anonymous\"><\/script><br \/>\n<\/p>\n<div id=\"\">\n<header class=\"m-article-header m-article-header--standard\">\n\t\t\t\t\t\t\t\t\t\t\t\t<span id=\"article-header-primary-term\"><br \/>\n\t\t\t\t\t\t\t\t<a class=\"a-term a-term--primary\" href=\"https:\/\/www.boston.com\/tag\/boston-bruins\/\"><\/p>\n<p>\t\t\t\t\t\t\t\tBruins\t\t\t\t\t\t\t\t<\/a><br \/>\n\t\t\t\t\t\t\t<\/span><\/p>\n<h2 class=\"m-article-header__sub-headline\">\u201cEu realmente n\u00e3o sei se j\u00e1 percebi. \u00c9 um sonho que se tornou realidade estar de volta em casa, onde minha fam\u00edlia e amigos moram.\u201d<\/h2>\n<figure class=\"a-photo m-article-header__photo\"><figcaption class=\"a-photo__caption\">\n<p>\tOliver Wahlstrom quer voltar aos trilhos com os Bruins. <em>  (Foto AP\/Frank Franklin II)<\/em>\t<\/figcaption><\/figure>\n<\/header>\n<p>Oliver Wahlstrom conhece bem o gelo TD Garden.<\/p>\n<p>Foi naquela folha congelada que o atacante habilidoso se colocou pela primeira vez no mapa por meio de um movimento de tiroteio viral que desafia a gravidade.<\/p>\n<p>Wahlstrom b<a target=\"_blank\" href=\"https:\/\/www.boston.com\/sports\/boston-bruins\/2024\/12\/15\/new-bruins-forward-oliver-wahlstrom-viral-moment-td-garden-age-nine\/\" rel=\"noreferrer noopener\">e se tornou uma sensa\u00e7\u00e3o no h\u00f3quei durante a noite em 2009<\/a>com o atacante de nove anos pousando no SportsCenter depois de marcar uma contagem absurda durante uma competi\u00e7\u00e3o Mini 1 contra 1 na Causeway Street.<\/p>\n<figure class=\"wp-block-embed is-type-rich is-provider-twitter wp-block-embed-twitter\">\n<div class=\"wp-block-embed__wrapper\">\n<blockquote class=\"twitter-tweet\" data-width=\"500\" data-dnt=\"true\">\n<p lang=\"en\" dir=\"ltr\">15 anos atr\u00e1s, Oliver Wahlstrom, de nove anos, se tornou viral por fazer isso no gelo do TD Garden. \ud83d\udc40 <\/p>\n<p>Ele jogar\u00e1 muito mais no mesmo gelo agora, depois de ser contratado pelos Bruins hoje.<\/p>\n<p>(\ud83c\udfa5: <a href=\"https:\/\/twitter.com\/NHLBruins?ref_src=twsrc%5Etfw\">@NHLBruins<\/a>) <a href=\"https:\/\/t.co\/IaBZbk354g\">pic.twitter.com\/IaBZbk354g<\/a><\/p>\n<p>-NHL (@NHL) <a href=\"https:\/\/twitter.com\/NHL\/status\/1868041684488962339?ref_src=twsrc%5Etfw\">14 de dezembro de 2024<\/a><\/p><\/blockquote>\n<\/div>\n<\/figure>\n<p>Wahlstrom, que nasceu em Yarmouth, Maine, e patinou no Portland Jr. Pirates durante aquele torneio, sabia que o clipe iria circular depois que os Bruins o reivindicaram na tarde de s\u00e1bado.<\/p>\n<p>\u201cSim, eu sabia que um voltaria\u201d, disse Wahlstrom aos rep\u00f3rteres na tarde de segunda-feira em Calgary. \u201cQuer dizer, eu sempre gostei de me divertir quando era pequeno e \u00e9 engra\u00e7ado como essa mudan\u00e7a funcionou. E acho que est\u00e1 comigo para sempre agora. Ent\u00e3o \u00e9 legal ver.\u201d <\/p>\n<figure class=\"wp-block-embed is-type-video is-provider-youtube wp-block-embed-youtube wp-embed-aspect-16-9 wp-has-aspect-ratio\">\n<p>\n<iframe title=\"Sacco, Wahlstrom, and other players talk to the media after practice in CGY\" width=\"1170\" height=\"658\" src=\"https:\/\/www.youtube.com\/embed\/SKL4wWBseQg?feature=oembed\" frameborder=\"0\" allow=\"accelerometer; autoplay; clipboard-write; encrypted-media; gyroscope; picture-in-picture; web-share\" referrerpolicy=\"strict-origin-when-cross-origin\" allowfullscreen><\/iframe>\n<\/p>\n<\/figure>\n<p>Os Bruins n\u00e3o est\u00e3o esperando as mesmas manobras e truques de Wahlstrom depois de arranc\u00e1-lo das isen\u00e7\u00f5es dos Islanders.<\/p>\n<p>Mas o chute certeiro e a habilidade de jogo de Wahlstrom fizeram dele uma adi\u00e7\u00e3o atraente para um time dos Bruins que tem lutado para encontrar corda durante toda a temporada. <\/p>\n<p>\u201cEle \u00e9 um \u00f3timo arremessador\u2026 um arremessador muito perigoso \u2013 quase como um grande Pasta, pela maneira como ele consegue arremessar um disco\u201d, capit\u00e3o do Bruins <a target=\"_blank\" href=\"https:\/\/www.bostonglobe.com\/2024\/12\/15\/sports\/bruins-oliver-wahlstrom\/?p1=Article_Recirc_Most_Popular&#038;p1=Article_Recirc_Most_Popular#:~:text=Wahlstrom%20has%20a%20legit%20NHL,win%20Saturday%20night%20in%20Vancouver.\" rel=\"noreferrer noopener\">Brad Marchand disse sobre Wahlstrom ap\u00f3s a vit\u00f3ria do Boston por 5 a 1 sobre o Vancouver no s\u00e1bado. <\/a><\/p>\n<p>Wahlstrom, que cresceu como torcedor dos Bruins na Nova Inglaterra, ficou surpreso com a compara\u00e7\u00e3o de Marchand.<\/p>\n<p>\u201cN\u00e3o ouvi falar disso\u201d, disse Wahlstrom sobre ser comparado a Pastrnak. \u201cMas isso \u00e9 ultrajante. Quer dizer, macarr\u00e3o \u00e9 macarr\u00e3o. Mas, obviamente, a chance est\u00e1 a\u00ed, mas tenho trabalhado em muitas outras coisas no meu jogo que talvez ajudem a chegar a essas \u00e1reas tamb\u00e9m.\u201d <\/p>\n<p>Os talentos evidentes de Wahlstrom na zona ofensiva fizeram dele uma perspectiva de destaque tanto no Programa de Desenvolvimento da Sele\u00e7\u00e3o Nacional dos EUA quanto no Boston College, com o ala selecionado pelos Islanders na primeira rodada (n\u00ba 11) do Draft 2018 da NHL.<\/p>\n<p>At\u00e9 agora, esse potencial n\u00e3o resultou em produ\u00e7\u00e3o nas fileiras da NHL.<\/p>\n<p>Wahlstrom acendeu a l\u00e2mpada 36 vezes e marcou 71 pontos no total em 220 jogos com os Islanders antes de chegar ao Boston. Ele marcou dois gols e duas assist\u00eancias em 27 jogos este ano antes de ser dispensado. <\/p>\n<p>Mesmo que Wahlstrom, de 24 anos, n\u00e3o tenha reunido tudo no mais alto n\u00edvel do h\u00f3quei, seu potencial ofensivo fez dele uma aposta v\u00e1lida para os Bruins. Ele patinou principalmente na terceira linha ao lado de Charlie Coyle durante o treino de segunda-feira em Calgary. <\/p>\n<p>\u201cVolte ao meu jogo\u201d, disse Wahlstrom sobre suas prioridades com Boston. \u201cE estou muito animado para trabalhar com esses caras e me desenvolver como um Bruin. Sinto que meu jogo talvez possa contribuir um pouco aqui. E tentar encontrar meu talento ofensivo novamente e continuar jogando dessa forma.\u201d<\/p>\n<p>Wahlstrom \u2013 que tamb\u00e9m morou em Quincy e Portland \u2013 disse que desenvolveu seu conjunto de habilidades de ponta enquanto patinava em bastante gelo dispon\u00edvel no Maine.  <\/p>\n<p>&#8220;O meu pai [Joakim] Trabalhei em um rinque em Saco, Maine, l\u00e1 por alguns anos, e tive a sorte de conseguir muito gelo e ter muitos amigos patinando comigo. E n\u00f3s nos divertimos brincando e tentando coisas, e acho que foi isso que aconteceu\u201d, disse Wahlstrom.<\/p>\n<p>Dadas as suas liga\u00e7\u00f5es com a regi\u00e3o, Wahlstrom admitiu que foi um choque receber um telefonema de Marchand depois de ter passado a inf\u00e2ncia a torcer pelo combativo extremo dos Bruins. <\/p>\n<p>\u201cMarsh me ligou outro dia e foi muito legal\u201d, disse Wahlstrom. \u201cEu cresci vendo ele jogar na Copa Stanley de 2011 e tamb\u00e9m conhe\u00e7o o Pasta&#8230; Realmente n\u00e3o sei se j\u00e1 entendi. \u00c9 um sonho tornado realidade voltar para casa, onde moram minha fam\u00edlia e amigos.\u201d<\/p>\n<p>Resta saber que tipo de teto Wahlstrom pode alcan\u00e7ar depois de conseguir uma mudan\u00e7a de cen\u00e1rio muito necess\u00e1ria com Boston. <\/p>\n<p>Mas Wahlstrom acredita que jogar pelo time de sua cidade natal pode fornecer a centelha que ele precisa para colocar sua carreira de volta nos trilhos. <\/p>\n<p>\u201cDemorei um pouco para me acostumar com o novo equipamento. O novo raio B\u201d, disse Wahlstrom. \u201cAcho que isso me atingiu com muita for\u00e7a quando eu estava colocando meu [jersey]. Acho que foi um momento muito legal para usar o logotipo do Boston Bruins.\u201d<\/p>\n<div class=\"o-author-single has-avatar\">\n<header class=\"m-author-card\">\n<div class=\"a-image a-image--square m-author-card__image\">\n\t\t<img decoding=\"async\" class=\"\" src=\"https:\/\/www.boston.com\/wp-content\/uploads\/2023\/05\/Headshot_Conor-645c0406ed6cb-scaled.jpg\" alt=\"Imagem do perfil de Conor Ryan\"\/>\t<\/div>\n<\/header>\n<section class=\"author-info\">\n<div class=\"m-author__section\">\n<p>Conor Ryan \u00e9 redator da equipe que cobre Bruins, Celtics, Patriots e Red Sox para Boston.com, fun\u00e7\u00e3o que ocupa desde 2023.<\/p>\n<\/div>\n<\/section>\n<\/div>\n<div class=\"m-block m-generic-cta\t m-generic-cta--post-content\t m-generic-cta--dark\t m-generic-cta--homepage\t m-generic-cta--email-signup\t\t m-generic-cta-block-style--default \tt-amp__generic-cta\"><\/p>\n<div class=\"m-generic-cta__wrap\">\n<div class=\"m-generic-cta__content\">\n<h3 class=\"m-generic-cta__title\">Inscreva-se para receber atualiza\u00e7\u00f5es do Bruins\ud83c\udfd2 <\/h3>\n<p class=\"m-generic-cta__subtitle\">Receba as \u00faltimas not\u00edcias e an\u00e1lises em sua caixa de entrada durante a temporada de h\u00f3quei.<\/p>\n<\/p><\/div>\n<\/p><\/div>\n<\/div><\/div>\n<p><script async src=\"\/\/platform.twitter.com\/widgets.js\" charset=\"utf-8\"><\/script><script>\n\t\tvar consent=\"grant\";\n\t\t\/* The above code is parsing the JSON data from the local storage and storing it in a variable. *\/\n\t\t\t\t\tconst onetrustStorageConsent = JSON.parse(localStorage.getItem( 'consent_one_trust_bdc' ) );\n\t\t\tif ( ( onetrustStorageConsent !== null ) ) {\n\t\t\t\t\/* Checking to see if the user has consented to the use of cookies.\n\t\t\t\t* If they have not, it is deleting the cookie.\n\t\t\t\t* This will comment for now, until further notice.\n\t\t\t\t*\/\n\t\t\t\t\/\/if ( onetrustStorageConsent.C0002 === false ) {\n\t\t\t\t\/\/\tdocument.cookie=\"_fbp=;expires=Thu, 01 Jan 2010 00:00:00 UTC; path=\/; domain=.boston.com\";\n\t\t\t\t\/\/}\n\t\t\t\t\/* Checking if the user has given consent for the cookie C0002.\n\t\t\t\t* If the user has given consent, the variable consent will be set to 'grant'.\n\t\t\t\t* If the user has not given consent,the variable consent will be set to 'revoke'.\n\t\t\t\t* Documentation https:\/\/developers.facebook.com\/docs\/meta-pixel\/implementation\/gdpr\n\t\t\t\t*\/\n\t\t\t\tif ( onetrustStorageConsent.C0002 !== true ) {\n\t\t\t\t\tconsent=\"revoke\";\n\t\t\t\t}\n\t\t\t}\n\t\t\t\t!function(f,b,e,v,n,t,s)\n\t\t{if(f.fbq)return;n=f.fbq=function(){n.callMethod?\n\t\tn.callMethod.apply(n,arguments):n.queue.push(arguments)};\n\t\tif(!f._fbq)f._fbq=n;n.push=n;n.loaded=!0;n.version='2.0';\n\t\tn.queue=[];t=b.createElement(e);t.async=!0;\n\t\tt.src=v;s=b.getElementsByTagName(e)[0];\n\t\ts.parentNode.insertBefore(t,s)}(window, document,'script',\n\t\t'https:\/\/connect.facebook.net\/en_US\/fbevents.js');\n\t\tfbq('consent', consent);\n\t\tfbq('init', '989222871864976');\n\t\tfbq('track', 'PageView');\n\t<\/script><script type=\"module\">\n\t\tvar consent=\"grant\";\n\t\t\/* The above code is parsing the JSON data from the local storage and storing it in a variable. *\/\n\t\t\tconst onetrustStorageConsent = JSON.parse(localStorage.getItem( 'consent_one_trust_bdc' ) );\n\t\t\t\/* Checking to see if the user has consented to the use of cookies.\n\t\t\t* If they have not, it is deleting the cookie.\n\t\t\t* This will comment for now, until further notice.\n\t\t\t*\/\n\t\t\t\/\/if ( onetrustStorageConsent.C0002 === false ) {\n\t\t\t\/\/\tdocument.cookie=\"_fbp=;expires=Thu, 01 Jan 2010 00:00:00 UTC; path=\/; domain=.boston.com\";\n\t\t\t\/\/}\n\t\t\t\/* Checking if the user has given consent for the cookie C0002.\n\t\t\t* If the user has given consent, the variable consent will be set to 'grant'.\n\t\t\t* If the user has not given consent,the variable consent will be set to 'revoke'.\n\t\t\t* Documentation https:\/\/developers.facebook.com\/docs\/meta-pixel\/implementation\/gdpr\n\t\t\t*\/\n\t\t\tif ( ( onetrustStorageConsent !== null ) && (onetrustStorageConsent.C0002 !== true ) ) {\n\t\t\t\tconsent=\"revoke\";\n\t\t\t}\n\t\t\t\t!function(f,b,e,v,n,t,s){if(f.fbq)return;n=f.fbq=function()\n\t\t{n.callMethod? n.callMethod.apply(n,arguments):n.queue.push(arguments)}\n\t\t;if(!f._fbq)f._fbq=n;\n\t\tn.push=n;n.loaded=!0;n.version='2.0';n.queue=[];t=b.createElement(e);t.async=!0;\n\t\tt.src=v;s=b.getElementsByTagName(e)[0];s.parentNode.insertBefore(t,s)}(window,\n\t\tdocument,'script','https:\/\/connect.facebook.net\/en_US\/fbevents.js');\n\t\tfbq('consent', consent);\n\t\tfbq('init', '813236348753005');\n\t\tfbq('track', \"PageView\");\n\t<\/script><br \/>\n<br \/><br \/>\n<br \/><a href=\"https:\/\/www.boston.com\/sports\/boston-bruins\/2024\/12\/16\/oliver-wahlstrom-boston-bruins-nhl-hockey-maine\/\">Source link <\/a><\/p>","protected":false},"excerpt":{"rendered":"<p>Bruins \u201cEu realmente n\u00e3o sei se j\u00e1 percebi. \u00c9 um sonho que se tornou realidade estar de volta em casa, onde minha fam\u00edlia e amigos moram.\u201d Oliver Wahlstrom quer voltar&hellip;<\/p>","protected":false},"author":1,"featured_media":77604,"comment_status":"closed","ping_status":"open","sticky":false,"template":"","format":"standard","meta":{"content-type":"","footnotes":""},"categories":[1],"tags":[],"class_list":["post-77603","post","type-post","status-publish","format-standard","has-post-thumbnail","hentry","category-uncategorized"],"_links":{"self":[{"href":"https:\/\/tvbrazilusa.com\/pt\/wp-json\/wp\/v2\/posts\/77603","targetHints":{"allow":["GET"]}}],"collection":[{"href":"https:\/\/tvbrazilusa.com\/pt\/wp-json\/wp\/v2\/posts"}],"about":[{"href":"https:\/\/tvbrazilusa.com\/pt\/wp-json\/wp\/v2\/types\/post"}],"author":[{"embeddable":true,"href":"https:\/\/tvbrazilusa.com\/pt\/wp-json\/wp\/v2\/users\/1"}],"replies":[{"embeddable":true,"href":"https:\/\/tvbrazilusa.com\/pt\/wp-json\/wp\/v2\/comments?post=77603"}],"version-history":[{"count":1,"href":"https:\/\/tvbrazilusa.com\/pt\/wp-json\/wp\/v2\/posts\/77603\/revisions"}],"predecessor-version":[{"id":77605,"href":"https:\/\/tvbrazilusa.com\/pt\/wp-json\/wp\/v2\/posts\/77603\/revisions\/77605"}],"wp:featuredmedia":[{"embeddable":true,"href":"https:\/\/tvbrazilusa.com\/pt\/wp-json\/wp\/v2\/media\/77604"}],"wp:attachment":[{"href":"https:\/\/tvbrazilusa.com\/pt\/wp-json\/wp\/v2\/media?parent=77603"}],"wp:term":[{"taxonomy":"category","embeddable":true,"href":"https:\/\/tvbrazilusa.com\/pt\/wp-json\/wp\/v2\/categories?post=77603"},{"taxonomy":"post_tag","embeddable":true,"href":"https:\/\/tvbrazilusa.com\/pt\/wp-json\/wp\/v2\/tags?post=77603"}],"curies":[{"name":"wp","href":"https:\/\/api.w.org\/{rel}","templated":true}]}}