{"id":77613,"date":"2024-12-17T01:28:33","date_gmt":"2024-12-17T01:28:33","guid":{"rendered":"https:\/\/tvbrazilusa.com\/2024\/12\/17\/12-de-massachusetts-acusados-de-conexao-com-quadrilha-de-roubo-de-carros-de-luxo\/"},"modified":"2024-12-17T02:06:56","modified_gmt":"2024-12-17T02:06:56","slug":"12-de-massachusetts-acusados-de-conexao-com-quadrilha-de-roubo-de-carros-de-luxo","status":"publish","type":"post","link":"https:\/\/tvbrazilusa.com\/pt\/2024\/12\/17\/12-de-massachusetts-acusados-de-conexao-com-quadrilha-de-roubo-de-carros-de-luxo\/","title":{"rendered":"12 de Massachusetts acusados \u200b\u200b\u200b\u200bde conex\u00e3o com quadrilha de roubo de carros de luxo"},"content":{"rendered":"<p> <script async src=\"https:\/\/pagead2.googlesyndication.com\/pagead\/js\/adsbygoogle.js?client=ca-pub-8864793242727901\"\r\n     crossorigin=\"anonymous\"><\/script><br \/>\n<\/p>\n<div id=\"\">\n<header class=\"m-article-header m-article-header--standard\">\n\t\t\t\t\t\t\t\t\t\t\t\t<span id=\"article-header-primary-term\"><br \/>\n\t\t\t\t\t\t\t\t<a class=\"a-term a-term--primary\" href=\"https:\/\/www.boston.com\/tag\/crime\/\"><\/p>\n<p>\t\t\t\t\t\t\t\tCrime\t\t\t\t\t\t\t\t<\/a><br \/>\n\t\t\t\t\t\t\t<\/span><\/p>\n<h2 class=\"m-article-header__sub-headline\">A procuradora-geral Andrea Campbell disse que a investiga\u00e7\u00e3o sobre a quadrilha foi chamada de \u201cOpera\u00e7\u00e3o Hellcat\u201d.<\/h2>\n<figure class=\"a-photo m-article-header__photo\"><figcaption class=\"a-photo__caption\">\n\t<em> <\/em>\t<\/figcaption><\/figure>\n<div class=\"m-article-header__meta\">\n<div class=\"m-article-header__byline\">\n<p class=\"m-article-header__author\">\n<p>\t\t\t\t\t\t\t\tPor <a class=\"a-link a-link--inline\" href=\"https:\/\/www.boston.com\/author\/eva-levin\/\">Eva Levin<\/a>\t\t\t\t\t\t\t<\/p>\n<p>\t\t\t\t\t\t\t\t\t\t\t\t\t\t\t<time class=\"m-article-header__date\"><\/p>\n<p>\t\t\t\t\t\t\t\t\t16 de dezembro de 2024\t\t\t\t\t\t\t\t<\/time><\/p>\n<p><span>1 minuto para ler<\/span><\/p>\n<\/p><\/div>\n<\/p><\/div>\n<\/header>\n<p>As autoridades prenderam e indiciaram 12 pessoas suspeitas de participarem de um empreendimento de roubo de carros de luxo no sul de Massachusetts, informou o gabinete da procuradora-geral Andrea Campbell em um comunicado.<\/p>\n<p>A investiga\u00e7\u00e3o de um ano, apelidada de \u201c<a href=\"https:\/\/www.mass.gov\/news\/12-arraigned-following-takedown-of-major-high-end-car-theft-ring\">Opera\u00e7\u00e3o Hellcat<\/a>\u201d, alega que os indiv\u00edduos acusados \u200b\u200bparticiparam de roubos de carros de alto padr\u00e3o que totalizaram mais de US$ 2,6 milh\u00f5es e inclu\u00edram 63 ve\u00edculos diferentes roubados de concession\u00e1rias, disse o escrit\u00f3rio de Campbell. <\/p>\n<p>Durante a remo\u00e7\u00e3o na manh\u00e3 de ter\u00e7a-feira, o gabinete de Campbell disse que as autoridades apreenderam armas, muni\u00e7\u00f5es e carregadores de grande capacidade. Al\u00e9m disso, o comunicado afirma que as autoridades encontraram \u201cv\u00e1rios elementos de prova\u201d que ligavam os suspeitos aos alegados crimes, incluindo porta-chaves, principais dispositivos de programa\u00e7\u00e3o e roupas. <\/p>\n<p>Os suspeitos t\u00eam entre 18 e 58 anos. O escrit\u00f3rio de Campbell os nomeou como James Senat, 19, Andrick Semedo, 20, Paulo Semedo, 58, Kevin DaGraca, 18, Jason Brito, 20, Nelshon Pires, 19, Jalen Clarke-Cox, 19, Derek Gaillot, 18, Claudio Medina, 20, Jaydin Rodrigues, 20, Andy Gomes, 23, e Micaiah Taylor, 21. A representa\u00e7\u00e3o legal separada para cada suspeito n\u00e3o respondeu imediatamente a coment\u00e1rios sobre os seus clientes.<\/p>\n<p>O escrit\u00f3rio de Campbell disse que outro suspeito ainda n\u00e3o foi preso.<\/p>\n<p>O escrit\u00f3rio de Campbell disse que a pol\u00edcia \u201cestabeleceu um padr\u00e3o de conduta\u201d para os 12 suspeitos em junho de 2023 que continuou at\u00e9 dezembro de 2024. Os investigadores disseram acreditar que os suspeitos trabalharam em grupos de dois a 10 para coordenar os roubos em concession\u00e1rias em Massachusetts e \u00e1reas vizinhas. <\/p>\n<p>Os registros judiciais mostram que os suspeitos tinham como alvo concession\u00e1rias em Massachusetts, Connecticut e New Hampshire. <\/p>\n<p>\u201cO grupo supostamente usou dispositivos de programa\u00e7\u00e3o Autel que permitem aos usu\u00e1rios pegar um chaveiro em branco e criar uma chave totalmente funcional para o ve\u00edculo\u201d, disse o escrit\u00f3rio de Campbell. \u201cDepois de arrombar os ve\u00edculos, os suspeitos conectaram o dispositivo Autel ao ve\u00edculo, permitindo-lhes criar um novo chaveiro em poucos minutos.\u201d<\/p>\n<p>Al\u00e9m disso, o escrit\u00f3rio de Campbell acusou os suspeitos de supostamente encomendarem pe\u00e7as de armas online, incluindo m\u00e1quinas que podem converter uma arma de fogo semiautom\u00e1tica do tipo Glock em uma metralhadora totalmente autom\u00e1tica.<\/p>\n<div class=\"o-author-single has-avatar\">\n<header class=\"m-author-card\">\n<div class=\"a-image a-image--square m-author-card__image\">\n\t\t\t<\/div>\n<\/header>\n<section class=\"author-info\">\n<div class=\"m-author__section\">\n<p>Eva Levin \u00e9 uma cooperativa de tarefas gerais do Boston.com. Ela cobre not\u00edcias locais e de \u00faltima hora em Boston e al\u00e9m.<\/p>\n<\/div>\n<\/section>\n<\/div>\n<div class=\"m-block m-generic-cta\t m-generic-cta--post-content\t m-generic-cta--dark\t m-generic-cta--homepage\t m-generic-cta--email-signup\t\t m-generic-cta-block-style--default \tt-amp__generic-cta\"><\/p>\n<div class=\"m-generic-cta__wrap\">\n<div class=\"m-generic-cta__content\">\n<h3 class=\"m-generic-cta__title\">Boston.com hoje<\/h3>\n<p class=\"m-generic-cta__subtitle\">Inscreva-se para receber as \u00faltimas manchetes em sua caixa de entrada todas as manh\u00e3s.<\/p>\n<\/p><\/div>\n<\/p><\/div>\n<\/div><\/div>\n<p><script>\n\t\tvar consent=\"grant\";\n\t\t\/* The above code is parsing the JSON data from the local storage and storing it in a variable. *\/\n\t\t\t\t\tconst onetrustStorageConsent = JSON.parse(localStorage.getItem( 'consent_one_trust_bdc' ) );\n\t\t\tif ( ( onetrustStorageConsent !== null ) ) {\n\t\t\t\t\/* Checking to see if the user has consented to the use of cookies.\n\t\t\t\t* If they have not, it is deleting the cookie.\n\t\t\t\t* This will comment for now, until further notice.\n\t\t\t\t*\/\n\t\t\t\t\/\/if ( onetrustStorageConsent.C0002 === false ) {\n\t\t\t\t\/\/\tdocument.cookie=\"_fbp=;expires=Thu, 01 Jan 2010 00:00:00 UTC; path=\/; domain=.boston.com\";\n\t\t\t\t\/\/}\n\t\t\t\t\/* Checking if the user has given consent for the cookie C0002.\n\t\t\t\t* If the user has given consent, the variable consent will be set to 'grant'.\n\t\t\t\t* If the user has not given consent,the variable consent will be set to 'revoke'.\n\t\t\t\t* Documentation https:\/\/developers.facebook.com\/docs\/meta-pixel\/implementation\/gdpr\n\t\t\t\t*\/\n\t\t\t\tif ( onetrustStorageConsent.C0002 !== true ) {\n\t\t\t\t\tconsent=\"revoke\";\n\t\t\t\t}\n\t\t\t}\n\t\t\t\t!function(f,b,e,v,n,t,s)\n\t\t{if(f.fbq)return;n=f.fbq=function(){n.callMethod?\n\t\tn.callMethod.apply(n,arguments):n.queue.push(arguments)};\n\t\tif(!f._fbq)f._fbq=n;n.push=n;n.loaded=!0;n.version='2.0';\n\t\tn.queue=[];t=b.createElement(e);t.async=!0;\n\t\tt.src=v;s=b.getElementsByTagName(e)[0];\n\t\ts.parentNode.insertBefore(t,s)}(window, document,'script',\n\t\t'https:\/\/connect.facebook.net\/en_US\/fbevents.js');\n\t\tfbq('consent', consent);\n\t\tfbq('init', '989222871864976');\n\t\tfbq('track', 'PageView');\n\t<\/script><script type=\"module\">\n\t\tvar consent=\"grant\";\n\t\t\/* The above code is parsing the JSON data from the local storage and storing it in a variable. *\/\n\t\t\tconst onetrustStorageConsent = JSON.parse(localStorage.getItem( 'consent_one_trust_bdc' ) );\n\t\t\t\/* Checking to see if the user has consented to the use of cookies.\n\t\t\t* If they have not, it is deleting the cookie.\n\t\t\t* This will comment for now, until further notice.\n\t\t\t*\/\n\t\t\t\/\/if ( onetrustStorageConsent.C0002 === false ) {\n\t\t\t\/\/\tdocument.cookie=\"_fbp=;expires=Thu, 01 Jan 2010 00:00:00 UTC; path=\/; domain=.boston.com\";\n\t\t\t\/\/}\n\t\t\t\/* Checking if the user has given consent for the cookie C0002.\n\t\t\t* If the user has given consent, the variable consent will be set to 'grant'.\n\t\t\t* If the user has not given consent,the variable consent will be set to 'revoke'.\n\t\t\t* Documentation https:\/\/developers.facebook.com\/docs\/meta-pixel\/implementation\/gdpr\n\t\t\t*\/\n\t\t\tif ( ( onetrustStorageConsent !== null ) && (onetrustStorageConsent.C0002 !== true ) ) {\n\t\t\t\tconsent=\"revoke\";\n\t\t\t}\n\t\t\t\t!function(f,b,e,v,n,t,s){if(f.fbq)return;n=f.fbq=function()\n\t\t{n.callMethod? n.callMethod.apply(n,arguments):n.queue.push(arguments)}\n\t\t;if(!f._fbq)f._fbq=n;\n\t\tn.push=n;n.loaded=!0;n.version='2.0';n.queue=[];t=b.createElement(e);t.async=!0;\n\t\tt.src=v;s=b.getElementsByTagName(e)[0];s.parentNode.insertBefore(t,s)}(window,\n\t\tdocument,'script','https:\/\/connect.facebook.net\/en_US\/fbevents.js');\n\t\tfbq('consent', consent);\n\t\tfbq('init', '813236348753005');\n\t\tfbq('track', \"PageView\");\n\t<\/script><br \/>\n<br \/><br \/>\n<br \/><a href=\"https:\/\/www.boston.com\/news\/crime\/2024\/12\/16\/12-from-massachusetts-charged-in-connection-with-high-end-car-theft-ring\/\">Source link <\/a><\/p>","protected":false},"excerpt":{"rendered":"<p>Crime A procuradora-geral Andrea Campbell disse que a investiga\u00e7\u00e3o sobre a quadrilha foi chamada de \u201cOpera\u00e7\u00e3o Hellcat\u201d. Por Eva Levin 16 de dezembro de 2024 1 minuto para ler As&hellip;<\/p>","protected":false},"author":1,"featured_media":61205,"comment_status":"closed","ping_status":"open","sticky":false,"template":"","format":"standard","meta":{"content-type":"","footnotes":""},"categories":[1],"tags":[],"class_list":["post-77613","post","type-post","status-publish","format-standard","has-post-thumbnail","hentry","category-uncategorized"],"_links":{"self":[{"href":"https:\/\/tvbrazilusa.com\/pt\/wp-json\/wp\/v2\/posts\/77613","targetHints":{"allow":["GET"]}}],"collection":[{"href":"https:\/\/tvbrazilusa.com\/pt\/wp-json\/wp\/v2\/posts"}],"about":[{"href":"https:\/\/tvbrazilusa.com\/pt\/wp-json\/wp\/v2\/types\/post"}],"author":[{"embeddable":true,"href":"https:\/\/tvbrazilusa.com\/pt\/wp-json\/wp\/v2\/users\/1"}],"replies":[{"embeddable":true,"href":"https:\/\/tvbrazilusa.com\/pt\/wp-json\/wp\/v2\/comments?post=77613"}],"version-history":[{"count":1,"href":"https:\/\/tvbrazilusa.com\/pt\/wp-json\/wp\/v2\/posts\/77613\/revisions"}],"predecessor-version":[{"id":77614,"href":"https:\/\/tvbrazilusa.com\/pt\/wp-json\/wp\/v2\/posts\/77613\/revisions\/77614"}],"wp:featuredmedia":[{"embeddable":true,"href":"https:\/\/tvbrazilusa.com\/pt\/wp-json\/wp\/v2\/media\/61205"}],"wp:attachment":[{"href":"https:\/\/tvbrazilusa.com\/pt\/wp-json\/wp\/v2\/media?parent=77613"}],"wp:term":[{"taxonomy":"category","embeddable":true,"href":"https:\/\/tvbrazilusa.com\/pt\/wp-json\/wp\/v2\/categories?post=77613"},{"taxonomy":"post_tag","embeddable":true,"href":"https:\/\/tvbrazilusa.com\/pt\/wp-json\/wp\/v2\/tags?post=77613"}],"curies":[{"name":"wp","href":"https:\/\/api.w.org\/{rel}","templated":true}]}}