{"id":77705,"date":"2024-12-17T11:17:32","date_gmt":"2024-12-17T11:17:32","guid":{"rendered":"https:\/\/tvbrazilusa.com\/2024\/12\/17\/haddad-revela-fragilidade-politica-no-congresso-ao-pedir-apoio-de-lula\/"},"modified":"2024-12-17T11:17:34","modified_gmt":"2024-12-17T11:17:34","slug":"haddad-revela-fragilidade-politica-no-congresso-ao-pedir-apoio-de-lula","status":"publish","type":"post","link":"https:\/\/tvbrazilusa.com\/pt\/2024\/12\/17\/haddad-revela-fragilidade-politica-no-congresso-ao-pedir-apoio-de-lula\/","title":{"rendered":"Haddad revela fragilidade pol\u00edtica no Congresso ao pedir apoio de Lula"},"content":{"rendered":"<p> <script async src=\"https:\/\/pagead2.googlesyndication.com\/pagead\/js\/adsbygoogle.js?client=ca-pub-8864793242727901\"\r\n     crossorigin=\"anonymous\"><\/script><br \/>\n<\/p>\n<div>\n<figure class=\"post-image\">\n<\/figure>\n<p>            <span style=\"font-size: 12px\">Ricardo Stuckert\/PR <\/span><\/p>\n<p>            <!-- end metas --><br \/>\n            <!-- ADS --><\/p>\n<div id=\"taboola-read-more\" style=\"display:block; width:100%\">\n<p>O ministro Fernando Haddad (Fazenda) revelou sua fragilidade pol\u00edtica, em momento crucial para o governo, ao incomodar o presidente Lula (PT), que convalesce de cirurgia na cabe\u00e7a, para que ele telefone a lideres da pr\u00f3pria base aliada no Congresso pedindo apoio ao pacote de medidas que a direita o avalia insuficiente. Haddad acabou por expor sua falta de di\u00e1logo com petistas, que o acusam de arrog\u00e2ncia: eles acham que o pacote imp\u00f5e preju\u00edzos desnecess\u00e1rios a brasileiros mais pobres.\n<\/p>\n<p>Malddad se basta<\/p>\n<p>\u00c9 acusado de n\u00e3o explicar o pacote de maldades ao pr\u00f3prio partido. No desespero, ele prop\u00f5e ampliar a faixa de isen\u00e7\u00e3o de imposto de renda.\n<\/p>\n<p>Ministro reprovado\n<\/p>\n<p>Enquanto Haddad pedia socorro a Lula, o Datafolha divulgava pesquisa indicando que s\u00f3 27% ap\u00f3iam sua atua\u00e7\u00e3o. Menos de um ter\u00e7o do total.\n<\/p>\n<p>Em loja de cristais\n<\/p>\n<p>Na porta de Lula, Haddad repetiu a estrat\u00e9gia do chefe de culpar os outros pela pr\u00f3prios erros, e, em vez de agradar, atacou o Congresso.\n<\/p>\n<p>Super\u00e1vit frustrado\n<\/p>\n<p>Culpou a desonera\u00e7\u00e3o da folha e o Perse, negociados no Congresso. Em 2022, Bolsonaro deixou super\u00e1vit de R$54,9 bilh\u00f5es somando isso tudo.\n<\/p>\n<p><strong>Di\u00e1rio do Poder<\/strong>              <\/p>\n<\/div>\n<p>                        <!-- Scripts para conteudo --><\/p>\n<p>            <!-- .\/Scripts para conteudo --><br \/>\n            <!-- .\/Mat\u00e9ria --><\/p>\n<div class=\"row mt-3\">\n<div class=\"col-sm-6\">\n                <!-- Whatsapp channel 3--><br \/>\n                <a href=\"https:\/\/chat.whatsapp.com\/J6hwSKYns5B0XFowx2wZ0P\" target=\"_blank\"><br \/>\n                  <img decoding=\"async\" src=\"https:\/\/diariodobrasilnoticias.com.br\/assets-site\/images\/bot_whatsapp.png\"\/><\/a>\n              <\/div>\n<div class=\"col-sm-6\">\n                <a href=\"https:\/\/t.me\/+_4gTmi5LKo03OTM5\" target=\"_blank\"><br \/>\n                  <img decoding=\"async\" src=\"https:\/\/diariodobrasilnoticias.com.br\/assets-site\/images\/bot_telegram.png\"\/><\/a>\n              <\/div>\n<\/p><\/div>\n<p>            <!-- end post-navigation --><\/p>\n<p>              <!-- end row --><\/p>\n<p>              <!-- end col-12-->\n                      <\/div>\n<p><br \/>\n<br \/><a href=\"https:\/\/diariodobrasilnoticias.com.br\/noticia\/haddad-revela-fragilidade-politica-no-congresso-ao-pedir-apoio-de-lula-67615ad553153\">Source link <\/a><\/p>","protected":false},"excerpt":{"rendered":"<p>Ricardo Stuckert\/PR O ministro Fernando Haddad (Fazenda) revelou sua fragilidade pol\u00edtica, em momento crucial para o governo, ao incomodar o presidente Lula (PT), que convalesce de cirurgia na cabe\u00e7a, para&hellip;<\/p>","protected":false},"author":1,"featured_media":77706,"comment_status":"closed","ping_status":"open","sticky":false,"template":"","format":"standard","meta":{"content-type":"","footnotes":""},"categories":[16],"tags":[123,2448,5313,1267],"class_list":["post-77705","post","type-post","status-publish","format-standard","has-post-thumbnail","hentry","category-noticias","tag-brasil","tag-diario","tag-noticia","tag-noticias"],"_links":{"self":[{"href":"https:\/\/tvbrazilusa.com\/pt\/wp-json\/wp\/v2\/posts\/77705","targetHints":{"allow":["GET"]}}],"collection":[{"href":"https:\/\/tvbrazilusa.com\/pt\/wp-json\/wp\/v2\/posts"}],"about":[{"href":"https:\/\/tvbrazilusa.com\/pt\/wp-json\/wp\/v2\/types\/post"}],"author":[{"embeddable":true,"href":"https:\/\/tvbrazilusa.com\/pt\/wp-json\/wp\/v2\/users\/1"}],"replies":[{"embeddable":true,"href":"https:\/\/tvbrazilusa.com\/pt\/wp-json\/wp\/v2\/comments?post=77705"}],"version-history":[{"count":1,"href":"https:\/\/tvbrazilusa.com\/pt\/wp-json\/wp\/v2\/posts\/77705\/revisions"}],"predecessor-version":[{"id":77707,"href":"https:\/\/tvbrazilusa.com\/pt\/wp-json\/wp\/v2\/posts\/77705\/revisions\/77707"}],"wp:featuredmedia":[{"embeddable":true,"href":"https:\/\/tvbrazilusa.com\/pt\/wp-json\/wp\/v2\/media\/77706"}],"wp:attachment":[{"href":"https:\/\/tvbrazilusa.com\/pt\/wp-json\/wp\/v2\/media?parent=77705"}],"wp:term":[{"taxonomy":"category","embeddable":true,"href":"https:\/\/tvbrazilusa.com\/pt\/wp-json\/wp\/v2\/categories?post=77705"},{"taxonomy":"post_tag","embeddable":true,"href":"https:\/\/tvbrazilusa.com\/pt\/wp-json\/wp\/v2\/tags?post=77705"}],"curies":[{"name":"wp","href":"https:\/\/api.w.org\/{rel}","templated":true}]}}