{"id":77725,"date":"2024-12-17T12:33:46","date_gmt":"2024-12-17T12:33:46","guid":{"rendered":"https:\/\/tvbrazilusa.com\/2024\/12\/17\/jornal-revela-que-ministro-enfrenta-processo-de-fritura-e-esta-magoado-com-lula\/"},"modified":"2024-12-17T12:33:47","modified_gmt":"2024-12-17T12:33:47","slug":"jornal-revela-que-ministro-enfrenta-processo-de-fritura-e-esta-magoado-com-lula","status":"publish","type":"post","link":"https:\/\/tvbrazilusa.com\/pt\/2024\/12\/17\/jornal-revela-que-ministro-enfrenta-processo-de-fritura-e-esta-magoado-com-lula\/","title":{"rendered":"Jornal revela que ministro enfrenta &#8216;processo de fritura&#8217; e est\u00e1 magoado com Lula"},"content":{"rendered":"<p> <script async src=\"https:\/\/pagead2.googlesyndication.com\/pagead\/js\/adsbygoogle.js?client=ca-pub-8864793242727901\"\r\n     crossorigin=\"anonymous\"><\/script><br \/>\n<\/p>\n<div>\n<figure class=\"post-image\">\n<\/figure>\n<p>            <span style=\"font-size: 12px\">Marcelo Camargo\/Ag\u00eancia Brasil <\/span><\/p>\n<p>            <!-- end metas --><br \/>\n            <!-- ADS --><\/p>\n<div id=\"taboola-read-more\" style=\"display:block; width:100%\">\n<p>O ministro da Justi\u00e7a, Ricardo Lewandowski, est\u00e1 demonstrando uma crescente insatisfa\u00e7\u00e3o com sua posi\u00e7\u00e3o no governo Lula, segundo informa\u00e7\u00f5es do jornal &#8220;Globo&#8221;. De acordo com fontes pr\u00f3ximas ao ministro, ele estaria magoado e decepcionado com o tratamento recebido, especialmente no contexto de especula\u00e7\u00f5es sobre sua poss\u00edvel substitui\u00e7\u00e3o por Rodrigo Pacheco no pr\u00f3ximo ano. Lewandowski, que assumiu o cargo no in\u00edcio do governo atual, nunca teve a inten\u00e7\u00e3o de permanecer \u00e0 frente da pasta e afirmou a amigos que estava em paz com sua aposentadoria no Supremo Tribunal Federal (STF). A decis\u00e3o de aceitar o cargo de ministro, segundo ele, foi motivada pelo desejo de cumprir uma miss\u00e3o a pedido do presidente Lula, mas agora, com o desenrolar dos acontecimentos, o ministro parece sentir-se cada vez mais pressionado.\n<\/p>\n<div class=\"entry-header blog-entry-header has-meta\">\n<nav id=\"breadcrumb\">\n<p>O clima de insatisfa\u00e7\u00e3o de Lewandowski tem aumentado conforme rumores sobre sua poss\u00edvel sa\u00edda ganham for\u00e7a tanto no Congresso quanto dentro do pr\u00f3prio governo. A especula\u00e7\u00e3o sobre a troca no minist\u00e9rio tem gerado um ambiente de desconforto para o ministro, que, apesar de nunca ter buscado a pasta, parece n\u00e3o ter sido totalmente preparado para as complexidades e desafios do cargo. Em suas conversas com amigos pr\u00f3ximos, Lewandowski tem expressado sua frustra\u00e7\u00e3o com a press\u00e3o crescente e o que ele considera ser um &#8220;processo de fritura&#8221; dentro do governo. Esse termo, utilizado no meio pol\u00edtico, \u00e9 frequentemente associado ao desgaste de uma figura p\u00fablica, indicando que o nome do ministro estaria sendo minado, tanto internamente quanto na m\u00eddia.<\/p>\n<p>O sentimento de m\u00e1goa de Lewandowski \u00e9 um reflexo de um ano conturbado \u00e0 frente do Minist\u00e9rio da Justi\u00e7a, onde o ministro teve que lidar com desafios inesperados e um ambiente pol\u00edtico cada vez mais turbulento. As especula\u00e7\u00f5es sobre sua substitui\u00e7\u00e3o e a press\u00e3o interna no governo parecem ter minado a confian\u00e7a do ministro, que, antes de aceitar a posi\u00e7\u00e3o, estava confort\u00e1vel com sua trajet\u00f3ria no STF. Agora, ele se v\u00ea em uma situa\u00e7\u00e3o desconfort\u00e1vel, com sua continuidade no cargo sendo colocada em xeque. Essa situa\u00e7\u00e3o coloca em evid\u00eancia n\u00e3o apenas as dificuldades enfrentadas por Lewandowski, mas tamb\u00e9m as tens\u00f5es internas dentro do governo Lula, que pode estar enfrentando desafios para equilibrar as expectativas de aliados e a press\u00e3o pol\u00edtica.\n<\/p>\n<p>Fonte: Pensando direita\n<\/p>\n<\/nav>\n<\/div>\n<p>\u00a0<\/p>\n<\/p><\/div>\n<p>                        <!-- Scripts para conteudo --><\/p>\n<p>            <!-- .\/Scripts para conteudo --><br \/>\n            <!-- .\/Mat\u00e9ria --><\/p>\n<div class=\"row mt-3\">\n<div class=\"col-sm-6\">\n                <!-- Whatsapp channel 3--><br \/>\n                <a href=\"https:\/\/chat.whatsapp.com\/J6hwSKYns5B0XFowx2wZ0P\" target=\"_blank\"><br \/>\n                  <img decoding=\"async\" src=\"https:\/\/diariodobrasilnoticias.com.br\/assets-site\/images\/bot_whatsapp.png\"\/><\/a>\n              <\/div>\n<div class=\"col-sm-6\">\n                <a href=\"https:\/\/t.me\/+_4gTmi5LKo03OTM5\" target=\"_blank\"><br \/>\n                  <img decoding=\"async\" src=\"https:\/\/diariodobrasilnoticias.com.br\/assets-site\/images\/bot_telegram.png\"\/><\/a>\n              <\/div>\n<\/p><\/div>\n<p>            <!-- end post-navigation --><\/p>\n<p>              <!-- end row --><\/p>\n<p>              <!-- end col-12-->\n                      <\/div>\n<p><br \/>\n<br \/><a href=\"https:\/\/diariodobrasilnoticias.com.br\/noticia\/jornal-revela-que-ministro-enfrenta-processo-de-fritura-e-esta-magoado-com-lula-67615376718dc\">Source link <\/a><\/p>","protected":false},"excerpt":{"rendered":"<p>Marcelo Camargo\/Ag\u00eancia Brasil O ministro da Justi\u00e7a, Ricardo Lewandowski, est\u00e1 demonstrando uma crescente insatisfa\u00e7\u00e3o com sua posi\u00e7\u00e3o no governo Lula, segundo informa\u00e7\u00f5es do jornal &#8220;Globo&#8221;. De acordo com fontes pr\u00f3ximas&hellip;<\/p>","protected":false},"author":1,"featured_media":77726,"comment_status":"closed","ping_status":"open","sticky":false,"template":"","format":"standard","meta":{"content-type":"","footnotes":""},"categories":[16],"tags":[123,2448,5313,1267],"class_list":["post-77725","post","type-post","status-publish","format-standard","has-post-thumbnail","hentry","category-noticias","tag-brasil","tag-diario","tag-noticia","tag-noticias"],"_links":{"self":[{"href":"https:\/\/tvbrazilusa.com\/pt\/wp-json\/wp\/v2\/posts\/77725","targetHints":{"allow":["GET"]}}],"collection":[{"href":"https:\/\/tvbrazilusa.com\/pt\/wp-json\/wp\/v2\/posts"}],"about":[{"href":"https:\/\/tvbrazilusa.com\/pt\/wp-json\/wp\/v2\/types\/post"}],"author":[{"embeddable":true,"href":"https:\/\/tvbrazilusa.com\/pt\/wp-json\/wp\/v2\/users\/1"}],"replies":[{"embeddable":true,"href":"https:\/\/tvbrazilusa.com\/pt\/wp-json\/wp\/v2\/comments?post=77725"}],"version-history":[{"count":1,"href":"https:\/\/tvbrazilusa.com\/pt\/wp-json\/wp\/v2\/posts\/77725\/revisions"}],"predecessor-version":[{"id":77727,"href":"https:\/\/tvbrazilusa.com\/pt\/wp-json\/wp\/v2\/posts\/77725\/revisions\/77727"}],"wp:featuredmedia":[{"embeddable":true,"href":"https:\/\/tvbrazilusa.com\/pt\/wp-json\/wp\/v2\/media\/77726"}],"wp:attachment":[{"href":"https:\/\/tvbrazilusa.com\/pt\/wp-json\/wp\/v2\/media?parent=77725"}],"wp:term":[{"taxonomy":"category","embeddable":true,"href":"https:\/\/tvbrazilusa.com\/pt\/wp-json\/wp\/v2\/categories?post=77725"},{"taxonomy":"post_tag","embeddable":true,"href":"https:\/\/tvbrazilusa.com\/pt\/wp-json\/wp\/v2\/tags?post=77725"}],"curies":[{"name":"wp","href":"https:\/\/api.w.org\/{rel}","templated":true}]}}