{"id":77728,"date":"2024-12-17T12:45:53","date_gmt":"2024-12-17T12:45:53","guid":{"rendered":"https:\/\/tvbrazilusa.com\/2024\/12\/17\/stj-julga-casos-da-lava-jato-e-pode-beneficiar-politicos\/"},"modified":"2024-12-17T12:45:54","modified_gmt":"2024-12-17T12:45:54","slug":"stj-julga-casos-da-lava-jato-e-pode-beneficiar-politicos","status":"publish","type":"post","link":"https:\/\/tvbrazilusa.com\/pt\/2024\/12\/17\/stj-julga-casos-da-lava-jato-e-pode-beneficiar-politicos\/","title":{"rendered":"STJ julga casos da Lava Jato e pode beneficiar pol\u00edticos"},"content":{"rendered":"<p> <script async src=\"https:\/\/pagead2.googlesyndication.com\/pagead\/js\/adsbygoogle.js?client=ca-pub-8864793242727901\"\r\n     crossorigin=\"anonymous\"><\/script><br \/>\n<\/p>\n<div>\n<p>O STJ (Superior Tribunal de Justi\u00e7a) julgar\u00e1 nesta 3\u00aa feira (17.dez.2024) casos relacionados \u00e0 Opera\u00e7\u00e3o Lava Jato que podem beneficiar pol\u00edticos como Jos\u00e9 Dirceu, Antonio Palocci e S\u00e9rgio Cabral.\n<\/p>\n<p>A relatora do julgamento ser\u00e1 a ministra Daniela Teixeira, que j\u00e1 afirmou ser favor\u00e1vel \u00e0 anula\u00e7\u00e3o de condena\u00e7\u00f5es relacionadas \u00e0 Lava Jato em oportunidades anteriores. A 5\u00aa Turma do STJ, respons\u00e1vel por casos da \u00e1rea criminal, tamb\u00e9m \u00e9 composta pelos ministros Reynaldo Soares da Fonseca, Ribeiro Dantas, Joel Ilan Paciornik e Messod Azulay Neto.<\/p>\n<p>Ser\u00e3o, no total, 16 processos julgados, dos quais 3 foram impetrados pela defesa de Jos\u00e9 Dirceu. O ex-ministro chefe da Casa Civil foi preso pelo caso conhecido como mensal\u00e3o e tenta finalizar processos por lavagem de dinheiro e propina.\n<\/p>\n<p>Em outubro deste ano, Dirceu j\u00e1 teve todas as condena\u00e7\u00f5es anuladas pelo ministro do STF (Supremo Tribunal Federal) Gilmar Mendes. Ele estendeu os efeitos da decis\u00e3o da Corte que considerou o ex-juiz e atual senador Sergio Moro (Uni\u00e3o Brasil-PR) suspeito em processos que envolvem o presidente Luiz In\u00e1cio Lula da Silva (PT).\n<\/p>\n<p>Segundo Gilmar, h\u00e1 ind\u00edcios de que o ex-juiz federal tenha atuado com \u201cmotiva\u00e7\u00e3o pol\u00edtica e interesse pessoal\u201d para atingir o PT quando era titular da 13\u00aa Vara Federal de Curitiba. Para ele, a mesma falta de isen\u00e7\u00e3o de Moro na condu\u00e7\u00e3o dos processos contra Lula impediram que Dirceu tivesse direito a um julgamento justo e imparcial.\n<\/p>\n<p>A nova decis\u00e3o anula, portanto, a condena\u00e7\u00e3o que Moro deu a Dirceu em 2016 de 23 anos de pris\u00e3o por corrup\u00e7\u00e3o e lavagem de dinheiro na Petrobras. Anula ainda a condena\u00e7\u00e3o de 2017 a 11 anos e 3 meses de pris\u00e3o pelos mesmos crimes. Em 21 maio de 2024, a 2\u00aa Turma do Supremo j\u00e1 havia extinguido os efeitos da pena de 11 anos e 3 meses de pris\u00e3o por entender que o crime prescreveu.\n<\/p>\n<p>A decis\u00e3o permite que Dirceu deixe de ser \u201cficha suja\u201d e reverta sua inelegibilidade. Ela anula tamb\u00e9m todas as decis\u00f5es das inst\u00e2ncias superiores que confirmaram as condena\u00e7\u00f5es do ex-ministro na Lava Jato.\n<\/p>\n<p>A PGR (Procuradoria Geral da Rep\u00fablica) foi contra a anula\u00e7\u00e3o das condena\u00e7\u00f5es.\n<\/p>\n<p>J\u00e1 S\u00e9rgio Cabral tenta, nesta 3\u00aa feira (17.dez), a revoga\u00e7\u00e3o do uso de tornozeleira eletr\u00f4nica. O ex-governador do Rio de Janeiro foi outro que teve condena\u00e7\u00f5es relacionadas \u00e0 Lava Jato anuladas, em mar\u00e7o deste ano, pelo TRF-2 (Tribunal Regional Federal da 2\u00aa Regi\u00e3o).\n<\/p>\n<p>Segundo apurou o Poder360 \u00e0 \u00e9poca, a Justi\u00e7a reconheceu a incompet\u00eancia das inst\u00e2ncias para julgar os processos. Eles se referem \u00e0s opera\u00e7\u00f5es Unflairplay, Ratatouille e C\u2019est Fini.\n<\/p>\n<p>Com a anula\u00e7\u00e3o, Cabral teve suas penas reduzidas em 40 anos e 6 meses. Atualmente elas somam 335 anos de pris\u00e3o.\n<\/p>\n<p>O ex-ministro da Fazenda Antonio Palocci tenta reverter o bloqueio de bens na Justi\u00e7a. Ele tamb\u00e9m foi preso durante a Lava Jato e chegou a ser condenado por Moro a 12 anos de pris\u00e3o, decis\u00e3o que foi anulada em 2021 pelo STJ.\n<\/p>\n<p><strong>Poder 360<\/strong>\n<\/p>\n<\/div>\n<p><br \/>\n<br \/><a href=\"https:\/\/diariodobrasilnoticias.com.br\/noticia\/stj-julga-casos-da-lava-jato-e-pode-beneficiar-politicos-67615a74464c4\">Source link <\/a><\/p>","protected":false},"excerpt":{"rendered":"<p>O STJ (Superior Tribunal de Justi\u00e7a) julgar\u00e1 nesta 3\u00aa feira (17.dez.2024) casos relacionados \u00e0 Opera\u00e7\u00e3o Lava Jato que podem beneficiar pol\u00edticos como Jos\u00e9 Dirceu, Antonio Palocci e S\u00e9rgio Cabral. A&hellip;<\/p>","protected":false},"author":1,"featured_media":77729,"comment_status":"closed","ping_status":"open","sticky":false,"template":"","format":"standard","meta":{"content-type":"","footnotes":""},"categories":[16],"tags":[123,2448,5313,1267],"class_list":["post-77728","post","type-post","status-publish","format-standard","has-post-thumbnail","hentry","category-noticias","tag-brasil","tag-diario","tag-noticia","tag-noticias"],"_links":{"self":[{"href":"https:\/\/tvbrazilusa.com\/pt\/wp-json\/wp\/v2\/posts\/77728","targetHints":{"allow":["GET"]}}],"collection":[{"href":"https:\/\/tvbrazilusa.com\/pt\/wp-json\/wp\/v2\/posts"}],"about":[{"href":"https:\/\/tvbrazilusa.com\/pt\/wp-json\/wp\/v2\/types\/post"}],"author":[{"embeddable":true,"href":"https:\/\/tvbrazilusa.com\/pt\/wp-json\/wp\/v2\/users\/1"}],"replies":[{"embeddable":true,"href":"https:\/\/tvbrazilusa.com\/pt\/wp-json\/wp\/v2\/comments?post=77728"}],"version-history":[{"count":1,"href":"https:\/\/tvbrazilusa.com\/pt\/wp-json\/wp\/v2\/posts\/77728\/revisions"}],"predecessor-version":[{"id":77730,"href":"https:\/\/tvbrazilusa.com\/pt\/wp-json\/wp\/v2\/posts\/77728\/revisions\/77730"}],"wp:featuredmedia":[{"embeddable":true,"href":"https:\/\/tvbrazilusa.com\/pt\/wp-json\/wp\/v2\/media\/77729"}],"wp:attachment":[{"href":"https:\/\/tvbrazilusa.com\/pt\/wp-json\/wp\/v2\/media?parent=77728"}],"wp:term":[{"taxonomy":"category","embeddable":true,"href":"https:\/\/tvbrazilusa.com\/pt\/wp-json\/wp\/v2\/categories?post=77728"},{"taxonomy":"post_tag","embeddable":true,"href":"https:\/\/tvbrazilusa.com\/pt\/wp-json\/wp\/v2\/tags?post=77728"}],"curies":[{"name":"wp","href":"https:\/\/api.w.org\/{rel}","templated":true}]}}